{"id":368308,"date":"2025-09-05T14:02:10","date_gmt":"2025-09-05T14:02:10","guid":{"rendered":"https:\/\/www.europesays.com\/fr\/368308\/"},"modified":"2025-09-05T14:02:10","modified_gmt":"2025-09-05T14:02:10","slug":"tennis-prison-glaciale-dettes-envers-des-ciminels-humiliations-lex-legende-boris-becker-raconte-lenfer-de-ses-8-mois-derriere-les-barreaux","status":"publish","type":"post","link":"https:\/\/www.europesays.com\/fr\/368308\/","title":{"rendered":"Tennis\u00a0: prison glaciale, dettes envers des ciminels, humiliations\u2026 L\u2019ex-l\u00e9gende Boris Becker raconte l\u2019enfer de ses 8 mois derri\u00e8re les barreaux"},"content":{"rendered":"<p>\n                                                                    l&rsquo;essentiel<br \/>\n                                                                Ic\u00f4ne d\u00e9chue du tennis, celui qu\u2019on surnommait \u00ab\u00a0Boum-Boum\u00a0\u00bb revient sur ses huit mois d\u2019incarc\u00e9ration au Royaume-Uni. Froid glacial, dettes de poker face \u00e0 des criminels, perte de poids dramatique et s\u00e9quelles psychologiques\u00a0: le champion bris\u00e9 livre un r\u00e9cit gla\u00e7ant de son passage en prison.\n                            <\/p>\n<p>Il a remport\u00e9 Wimbledon \u00e0 17 ans, \u00e9crit l\u2019histoire du tennis et amass\u00e9 une fortune colossale. Mais en avril\u00a02022, Boris Becker a brutalement chang\u00e9 de d\u00e9cor\u00a0: condamn\u00e9 pour fraude financi\u00e8re, l\u2019ex-star allemande s\u2019est retrouv\u00e9 dans une cellule britannique, loin des tapis rouges et des courts. Aujourd\u2019hui \u00e2g\u00e9 de 57 ans, il brise le silence sur ses huit mois d\u2019incarc\u00e9ration, une exp\u00e9rience qui l\u2019a marqu\u00e9 \u00e0 jamais.<\/p>\n<p>\u00ab\u00a0Cette interminable routine ronge ton \u00e2me et fait bouillir ton esprit\u00a0\u00bb, confie-t-il au <a href=\"https:\/\/sz-magazin.sueddeutsche.de\/leben-und-gesellschaft\/boris-becker-lilly-interview-gefaengnis-haft-inside-95394?reduced=true\" target=\"_blank\" rel=\"nofollow noopener\">S\u00fcddeutsche Zeitung<\/a>. Derri\u00e8re les murs de Wandsworth puis de Huntercombe, Becker n\u2019\u00e9tait plus une l\u00e9gende du sport mais un d\u00e9tenu parmi d\u2019autres, oblig\u00e9 de gagner la confiance de ses cod\u00e9tenus et des gardiens.<\/p>\n<p class=\"std-elt__inline\">\n        <strong>\u00c0 lire aussi :<\/strong><br \/>\n        <a href=\"https:\/\/www.ladepeche.fr\/2022\/04\/08\/tennis-boris-becker-declare-coupable-de-quatre-chefs-daccusation-verdict-fixe-au-29-avril-10223158.php\" rel=\"nofollow noopener\" target=\"_blank\">Tennis : Boris Becker d\u00e9clar\u00e9 coupable de quatre chefs d&rsquo;accusation, verdict fix\u00e9 au 29 avril<\/a>\n    <\/p>\n<p>Le choc fut imm\u00e9diat. Les nuits glaciales le contraignaient \u00e0 dormir habill\u00e9 de plusieurs couches, parfois m\u00eame la t\u00eate entour\u00e9e d\u2019une serviette. En quatre semaines, il a perdu sept kilos. \u00ab\u00a0Peu de nourriture, aucun alcool, aucun sucre\u2026 mais beaucoup de stress\u00a0\u00bb&lsquo;, r\u00e9sume-t-il. Le seul r\u00e9confort venait des appels \u00e0 sa compagne, Lilian de Carvalho Monteiro, de 22 ans sa cadette, qu\u2019il d\u00e9crit comme sa \u00ab\u00a0bou\u00e9e de sauvetage\u00a0\u00bb.<\/p>\n<p>Mais la d\u00e9tention a aussi plong\u00e9 Becker dans des situations p\u00e9rilleuses. Passionn\u00e9 de poker, il s\u2019est laiss\u00e9 tenter par des parties avec des prisonniers aguerris, notamment des d\u00e9tenus roumains. Un pari d\u00e9sastreux\u00a0: apr\u00e8s plusieurs jours de jeu, il accumule une dette de 500\u00a0livres.<\/p>\n<p class=\"std-elt__inline\">\n        <strong>\u00c0 lire aussi :<\/strong><br \/>\n        <a href=\"https:\/\/www.ladepeche.fr\/2022\/04\/08\/tennis-pourquoi-lancien-joueur-star-boris-becker-pour-etre-condamne-a-sept-ans-de-prison-10222855.php\" rel=\"nofollow noopener\" target=\"_blank\">Tennis : pourquoi l&rsquo;ancien joueur star Boris Becker pourrait \u00eatre condamn\u00e9 \u00e0 sept ans de prison<\/a>\n    <\/p>\n<p>Rapidement, les menaces tombent. \u00ab\u00a0Ils sont venus dans ma cellule pour me gifler si je ne payais pas\u00a0\u00bb, raconte-t-il. Un ami ext\u00e9rieur a d\u00fb r\u00e9gler la somme par virement. \u00ab\u00a0Sans lui, je ne serais peut-\u00eatre pas l\u00e0 pour en parler.\u00a0\u00bb<\/p>\n<p>Pour s\u2019int\u00e9grer, Becker s\u2019est appuy\u00e9 sur son r\u00f4le de professeur de philosophie sto\u00efcienne et ses t\u00e2ches \u00e0 la salle de sport, qui lui ont permis de se construire une image respect\u00e9e. Mais rien n\u2019a effac\u00e9 l\u2019humiliation\u00a0: sa gloire pass\u00e9e ne valait rien derri\u00e8re les barreaux.<\/p>\n<p>Lib\u00e9r\u00e9 et expuls\u00e9 apr\u00e8s huit mois, l\u2019Allemand reste hant\u00e9 par cette parenth\u00e8se. \u00ab\u00a0Tu ne te d\u00e9barrasses jamais compl\u00e8tement de la prison\u00a0\u00bb, confie-t-il. M\u00eame chez lui, il ne peut s\u2019endormir qu\u2019avec la porte close, et s\u2019allonge toujours au bord du lit \u00ab\u00a0comme sur une paillasse de cellule\u00a0\u00bb.<\/p>\n<p class=\"std-elt__inline\">\n        <strong>\u00c0 lire aussi :<\/strong><br \/>\n        <a href=\"https:\/\/www.ladepeche.fr\/2022\/04\/29\/tennis-boris-becker-condamne-a-deux-ans-et-demi-de-prison-10266883.php\" rel=\"nofollow noopener\" target=\"_blank\">Tennis : Boris Becker condamn\u00e9 \u00e0 deux ans et demi de prison<\/a>\n    <\/p>\n<p>Si Becker a pay\u00e9 pour avoir cach\u00e9 des millions d\u2019euros d\u2019actifs \u00e0 ses cr\u00e9anciers \u2013 propri\u00e9t\u00e9s en Allemagne, pr\u00eats dissimul\u00e9s, actions, transferts suspects vers ses ex-femmes \u2013, il peine encore \u00e0 se relever. De star flamboyante \u00e0 prisonnier isol\u00e9, il reconna\u00eet que cette chute restera \u00e0 jamais inscrite dans sa chair.<\/p>\n<p>\u00ab\u00a0Ce passage m\u2019a chang\u00e9 pour toujours\u00a0\u00bb, conclut l\u2019ancien champion, dont le r\u00e9cit rappelle \u00e0 quel point les murs d\u2019une prison ne laissent personne intact.<\/p>\n","protected":false},"excerpt":{"rendered":"l&rsquo;essentiel Ic\u00f4ne d\u00e9chue du tennis, celui qu\u2019on surnommait \u00ab\u00a0Boum-Boum\u00a0\u00bb revient sur ses huit mois d\u2019incarc\u00e9ration au Royaume-Uni. Froid&hellip;\n","protected":false},"author":2,"featured_media":368309,"comment_status":"","ping_status":"","sticky":false,"template":"","format":"standard","meta":{"footnotes":""},"categories":[1415],"tags":[1011,27,60,1467],"class_list":{"0":"post-368308","1":"post","2":"type-post","3":"status-publish","4":"format-standard","5":"has-post-thumbnail","7":"category-tennis","8":"tag-fr","9":"tag-france","10":"tag-sports","11":"tag-tennis"},"share_on_mastodon":{"url":"https:\/\/pubeurope.com\/@fr\/115152063212763617","error":""},"_links":{"self":[{"href":"https:\/\/www.europesays.com\/fr\/wp-json\/wp\/v2\/posts\/368308","targetHints":{"allow":["GET"]}}],"collection":[{"href":"https:\/\/www.europesays.com\/fr\/wp-json\/wp\/v2\/posts"}],"about":[{"href":"https:\/\/www.europesays.com\/fr\/wp-json\/wp\/v2\/types\/post"}],"author":[{"embeddable":true,"href":"https:\/\/www.europesays.com\/fr\/wp-json\/wp\/v2\/users\/2"}],"replies":[{"embeddable":true,"href":"https:\/\/www.europesays.com\/fr\/wp-json\/wp\/v2\/comments?post=368308"}],"version-history":[{"count":0,"href":"https:\/\/www.europesays.com\/fr\/wp-json\/wp\/v2\/posts\/368308\/revisions"}],"wp:featuredmedia":[{"embeddable":true,"href":"https:\/\/www.europesays.com\/fr\/wp-json\/wp\/v2\/media\/368309"}],"wp:attachment":[{"href":"https:\/\/www.europesays.com\/fr\/wp-json\/wp\/v2\/media?parent=368308"}],"wp:term":[{"taxonomy":"category","embeddable":true,"href":"https:\/\/www.europesays.com\/fr\/wp-json\/wp\/v2\/categories?post=368308"},{"taxonomy":"post_tag","embeddable":true,"href":"https:\/\/www.europesays.com\/fr\/wp-json\/wp\/v2\/tags?post=368308"}],"curies":[{"name":"wp","href":"https:\/\/api.w.org\/{rel}","templated":true}]}}