{"id":368314,"date":"2025-09-05T14:06:11","date_gmt":"2025-09-05T14:06:11","guid":{"rendered":"https:\/\/www.europesays.com\/fr\/368314\/"},"modified":"2025-09-05T14:06:11","modified_gmt":"2025-09-05T14:06:11","slug":"tour-du-morbihan-juniors-7-septembre-2025-les-engages-velopressecollection","status":"publish","type":"post","link":"https:\/\/www.europesays.com\/fr\/368314\/","title":{"rendered":"Tour Du Morbihan Juniors 7 septembre 2025 les engag\u00e9s &#8211; Velopressecollection"},"content":{"rendered":"<ol>\n<li><a href=\"https:\/\/news.google.com\/rss\/articles\/CBMiwAFBVV95cUxOb2ozeTlwNXlWRWkyS2xMb3Z2aWtnc2xxMWJnSTR6dXItT2o0WjBCcDF5Y3pyNnFXeW12NGVpcHRSYWhacWFmN18yVWdfa1FjNXNUZDFLVnpiM21yaFBhTGJDVEtpa1l1X2hLUGd4MVg2Z0FiS3RLdzh5eDNJdVVkOFl6SXlEYVlJS0ZoR3VOc0pEelVUVlQ4eFRBZmZUckVxMC0xS0tVa0JPVG0zbzQ1Vy1qd0gxUkI5cmxRUmJ4OVE?oc=5\" target=\"_blank\" rel=\"nofollow noopener\">Tour Du Morbihan Juniors 7 septembre 2025 les engag\u00e9s<\/a>&nbsp;&nbsp;Velopressecollection<\/li>\n<li><a href=\"https:\/\/news.google.com\/rss\/articles\/CBMi_wFBVV95cUxNbklBQVdvY0djUm5TVU1USEZ0RkZvX3psSkVzNm9uM01OalZ0VHpqRFB1NjJnemlBd0V1cU1tNnlqbnRCUTFNUnZlQ0ZsOURhMk1YYVZIME9LcVVOWWdGN2N4VEM2SEFkTUlOMHFlZGxkSE05UlNZdHJUeWFtNWREU0VLOXZWUUV1Y1VHSUJEVUdORHhaMlNUU2VWWVg2TGRsT2w5QmlWenRmVWwwaG5QakVYbU0tLUxDcFFrVjI1WWZQNXVpc0k4XzBIeUZOaEdiNlN3MmtzT2JsdWkxdUdlLW1HQU9WR0RQSHBOVldpQVVUN1ZlZTB1NndoMjJXRnc?oc=5\" target=\"_blank\" rel=\"nofollow noopener\">Tour du Morbihan juniors : qui pour rejoindre le club tr\u00e8s ferm\u00e9 des champions Barguil, Laurance, Guernalec et Cushway<\/a>&nbsp;&nbsp;Le T\u00e9l\u00e9gramme<\/li>\n<li><a href=\"https:\/\/news.google.com\/rss\/articles\/CBMi4wFBVV95cUxPdjNBcXdfLURXRjNaaEdWVjdVWk1YTVIybzVoWGNOcVlibXhfZ2drT3dHNS0tbWFrdHdfZFA1M0JmbWpBeVZWRk9rVkpYMnQ1cHowWFdaWTBHN3MzX2VyQjlsazN1S1cySkVBM081OFMyZW9EQkl4eWdVZWNrLU8wbnF3cldHa1lFNGNBcnBRZUJZUGRHV2gyN1daVjlqeFpxNUVvOW8wbzFhcDRnbWdVeGI0bUo0dk1ndHlWcnpESzlsbjktNXR5Um0xcGotbEdwN3lTU3c1VU8zYWkyM0lJR05Sbw?oc=5\" target=\"_blank\" rel=\"nofollow noopener\">\u00c0 Hennebont, courses cyclistes et boule bretonne au programme des f\u00eates de Langroix . Sport<\/a>&nbsp;&nbsp;Maville<\/li>\n<li><a href=\"https:\/\/news.google.com\/rss\/articles\/CBMiwgFBVV95cUxON0J0QWxpR1BDemFzYzVUcndDZTlXSjctRXFTMU5xbUJfb2tSUzlmeG1wT2w5M19UOUJRbzlFbTlHLTF6SkFsRmI2NGNlcU05VzdPLW81Z2hkOU1zQy1IVkZOdlVFNURlVTdDOUVfM25ERFdpUldZd1ZjaUtDQXhxVFZ2TnduMUwxZTgxaFlueEx3WWZ4ODU0b2Jvd1hlNU1YcVcwc3YxRmtyb0NYNUI1bDFMbER6SzlRVTdQWjJaN29WZw?oc=5\" target=\"_blank\" rel=\"nofollow noopener\">Tour Du Morbihan Juniors 7 septembre 2025 guide technique<\/a>&nbsp;&nbsp;Velopressecollection<\/li>\n<li><a href=\"https:\/\/news.google.com\/rss\/articles\/CBMi6AFBVV95cUxONFhfVkdUTHkxaWJPbmtCMnc4aEpPeEhyczBXRlN6emZBeTdIQTU0NndYZ2pJOEx0MEJlcXhVSHZma1RHYjlzSGo5QW9MQUF0Tng3UThibHo2M0FyNFNOMkV1SnFtZkRBZ1ltU0JpbG5PdnFQTmVxQnlMamFGck9jS0xOUUQyYl9xM3FENUlhU3doZUdPTkVKTU1WY0ltZC16clphdml3aW1IMVRUYWJvYWFZTVpDLXFHR1VQbFpqX2hUU18xMHkxSU11cGNHMWM1VW5YbTZKZ1hSeGRtRVI4c0ZXb19yckpl?oc=5\" target=\"_blank\" rel=\"nofollow noopener\">\u00c0 Hennebont, la 37e \u00e9dition du tour du Morbihan junior cyclisme d\u00e9butera dimanche 7 septembre<\/a>&nbsp;&nbsp;Le T\u00e9l\u00e9gramme<\/li>\n<\/ol>\n","protected":false},"excerpt":{"rendered":"Tour Du Morbihan Juniors 7 septembre 2025 les engag\u00e9s&nbsp;&nbsp;Velopressecollection Tour du Morbihan juniors : qui pour rejoindre le&hellip;\n","protected":false},"author":2,"featured_media":368315,"comment_status":"","ping_status":"","sticky":false,"template":"","format":"standard","meta":{"footnotes":""},"categories":[1411],"tags":[1154,207,1011,27,60],"class_list":{"0":"post-368314","1":"post","2":"type-post","3":"status-publish","4":"format-standard","5":"has-post-thumbnail","7":"category-cyclisme","8":"tag-cycling","9":"tag-cyclisme","10":"tag-fr","11":"tag-france","12":"tag-sports"},"share_on_mastodon":{"url":"https:\/\/pubeurope.com\/@fr\/115152079014351342","error":""},"_links":{"self":[{"href":"https:\/\/www.europesays.com\/fr\/wp-json\/wp\/v2\/posts\/368314","targetHints":{"allow":["GET"]}}],"collection":[{"href":"https:\/\/www.europesays.com\/fr\/wp-json\/wp\/v2\/posts"}],"about":[{"href":"https:\/\/www.europesays.com\/fr\/wp-json\/wp\/v2\/types\/post"}],"author":[{"embeddable":true,"href":"https:\/\/www.europesays.com\/fr\/wp-json\/wp\/v2\/users\/2"}],"replies":[{"embeddable":true,"href":"https:\/\/www.europesays.com\/fr\/wp-json\/wp\/v2\/comments?post=368314"}],"version-history":[{"count":0,"href":"https:\/\/www.europesays.com\/fr\/wp-json\/wp\/v2\/posts\/368314\/revisions"}],"wp:featuredmedia":[{"embeddable":true,"href":"https:\/\/www.europesays.com\/fr\/wp-json\/wp\/v2\/media\/368315"}],"wp:attachment":[{"href":"https:\/\/www.europesays.com\/fr\/wp-json\/wp\/v2\/media?parent=368314"}],"wp:term":[{"taxonomy":"category","embeddable":true,"href":"https:\/\/www.europesays.com\/fr\/wp-json\/wp\/v2\/categories?post=368314"},{"taxonomy":"post_tag","embeddable":true,"href":"https:\/\/www.europesays.com\/fr\/wp-json\/wp\/v2\/tags?post=368314"}],"curies":[{"name":"wp","href":"https:\/\/api.w.org\/{rel}","templated":true}]}}