{"id":368316,"date":"2025-09-05T14:07:09","date_gmt":"2025-09-05T14:07:09","guid":{"rendered":"https:\/\/www.europesays.com\/fr\/368316\/"},"modified":"2025-09-05T14:07:09","modified_gmt":"2025-09-05T14:07:09","slug":"nice-franck-haise-prolonge","status":"publish","type":"post","link":"https:\/\/www.europesays.com\/fr\/368316\/","title":{"rendered":"Nice : Franck Haise prolonge"},"content":{"rendered":"<p>D\u00e9bauch\u00e9 \u00e0 Lens en 2024 par l\u2019OGC Nice, <a href=\"https:\/\/www.footmercato.net\/entraineur\/franck-haise\" rel=\"nofollow noopener\" target=\"_blank\">Franck Haise<\/a> a souvent \u00e9t\u00e9 annonc\u00e9 partant, notamment du c\u00f4t\u00e9 de Rennes o\u00f9 officie son ancien dirigeant au RCL, Arnaud Pouille. Mais pour le moment, le technicien fran\u00e7ais de 54 ans se sent bien sur la C\u00f4te d\u2019Azur. Pour preuve, ce dernier vient de prolonger son contrat de deux ann\u00e9es suppl\u00e9mentaires. Li\u00e9 initialement aux Aiglons jusqu\u2019en 2027, Haise est d\u00e9sormais sous contrat jusqu\u2019en 2029. L\u2019annonce a \u00e9t\u00e9 officialis\u00e9e par le Gym.<\/p>\n<p>            La suite apr\u00e8s cette publicit\u00e9<\/p>\n<p>\u00abL\u2019OGC Nice est heureux d\u2019annoncer la prolongation de Franck Haise, qui est d\u00e9sormais li\u00e9 avec le Club jusqu\u2019en 2029. Le choix est symbolique et en dit long sur une confiance mutuelle et une envie de vivre l\u2019avenir ensemble. Arriv\u00e9 \u00e0 l\u2019\u00e9t\u00e9 2024 et apr\u00e8s avoir conduit l\u2019\u00e9quipe \u00e0 la 4\u00e8me place de L1, Franck Haise vient de prolonger son contrat de deux saisons. Le voil\u00e0 d\u00e9sormais li\u00e9 avec le Gym jusqu\u2019en 2029\u00bb, peut-on lire sur le communiqu\u00e9.<\/p>\n<p>\n    Pub. le 05\/09\/2025 14:17<br \/>\n            &#8211; MAJ le 05\/09\/2025 15:40\n    <\/p>\n","protected":false},"excerpt":{"rendered":"D\u00e9bauch\u00e9 \u00e0 Lens en 2024 par l\u2019OGC Nice, Franck Haise a souvent \u00e9t\u00e9 annonc\u00e9 partant, notamment du c\u00f4t\u00e9&hellip;\n","protected":false},"author":2,"featured_media":90453,"comment_status":"","ping_status":"","sticky":false,"template":"","format":"standard","meta":{"footnotes":""},"categories":[1410],"tags":[63,1011,27,60],"class_list":{"0":"post-368316","1":"post","2":"type-post","3":"status-publish","4":"format-standard","5":"has-post-thumbnail","7":"category-football","8":"tag-football","9":"tag-fr","10":"tag-france","11":"tag-sports"},"share_on_mastodon":{"url":"https:\/\/pubeurope.com\/@fr\/115152082969827134","error":""},"_links":{"self":[{"href":"https:\/\/www.europesays.com\/fr\/wp-json\/wp\/v2\/posts\/368316","targetHints":{"allow":["GET"]}}],"collection":[{"href":"https:\/\/www.europesays.com\/fr\/wp-json\/wp\/v2\/posts"}],"about":[{"href":"https:\/\/www.europesays.com\/fr\/wp-json\/wp\/v2\/types\/post"}],"author":[{"embeddable":true,"href":"https:\/\/www.europesays.com\/fr\/wp-json\/wp\/v2\/users\/2"}],"replies":[{"embeddable":true,"href":"https:\/\/www.europesays.com\/fr\/wp-json\/wp\/v2\/comments?post=368316"}],"version-history":[{"count":0,"href":"https:\/\/www.europesays.com\/fr\/wp-json\/wp\/v2\/posts\/368316\/revisions"}],"wp:featuredmedia":[{"embeddable":true,"href":"https:\/\/www.europesays.com\/fr\/wp-json\/wp\/v2\/media\/90453"}],"wp:attachment":[{"href":"https:\/\/www.europesays.com\/fr\/wp-json\/wp\/v2\/media?parent=368316"}],"wp:term":[{"taxonomy":"category","embeddable":true,"href":"https:\/\/www.europesays.com\/fr\/wp-json\/wp\/v2\/categories?post=368316"},{"taxonomy":"post_tag","embeddable":true,"href":"https:\/\/www.europesays.com\/fr\/wp-json\/wp\/v2\/tags?post=368316"}],"curies":[{"name":"wp","href":"https:\/\/api.w.org\/{rel}","templated":true}]}}