{"id":368319,"date":"2025-09-05T14:09:14","date_gmt":"2025-09-05T14:09:14","guid":{"rendered":"https:\/\/www.europesays.com\/fr\/368319\/"},"modified":"2025-09-05T14:09:14","modified_gmt":"2025-09-05T14:09:14","slug":"les-maries-du-poire-sur-vie-une-fresque-qui-invite-les-jeunes-mariees-a-la-contemplation","status":"publish","type":"post","link":"https:\/\/www.europesays.com\/fr\/368319\/","title":{"rendered":"Les mari\u00e9s du Poir\u00e9-sur-Vie, une fresque qui invite les jeunes mari\u00e9es \u00e0 la contemplation"},"content":{"rendered":"<p>            Par<br \/>\n        <strong><br \/>\n            <a href=\"https:\/\/actu.fr\/auteur\/journaliste-lpy\" title=\"Consulter tous les articles de R\u00e9daction La Roche-sur-Yon\" rel=\"nofollow noopener\" target=\"_blank\">R\u00e9daction La Roche-sur-Yon<\/a><br \/>\n        <\/strong><\/p>\n<p>        Publi\u00e9 le<\/p>\n<p>            5 sept. 2025 \u00e0 8h37        <\/p>\n<p>Le samedi, \u00e0 la sortie de la mairie, la fresque <b>Les mari\u00e9s du Poir\u00e9-sur-Vie<\/b>, peinte sur une b\u00e2tisse de la place du march\u00e9 du <a href=\"https:\/\/actu.fr\/pays-de-la-loire\/le-poire-sur-vie_85178\" rel=\"nofollow noopener\" target=\"_blank\">Poir\u00e9-sur-Vie<\/a>, invite les nouveaux couples \u00e0 c\u00e9l\u00e9brer la s\u00e9r\u00e9nit\u00e9 et la bienveillance.<\/p>\n<p class=\" wall-content\">R\u00e9alis\u00e9e par le peintre vend\u00e9en Rapha\u00ebl Toussaint, l\u2019\u0153uvre repr\u00e9sente un agrandissement d\u2019une cr\u00e9ation originale. Un souhait de l\u2019ancien maire <b>L\u00e9on Darnis<\/b> et son conseil municipal.<\/p>\n<p class=\" wall-content\">Peinte en 1990, face \u00e0 la mairie, la fresque repr\u00e9sente deux amoureux. Lors de la construction du nouveau b\u00e2timent municipal, des mesures ont \u00e9t\u00e9 prises pour garantir la visibilit\u00e9 de l\u2019\u0153uvre. Depuis plus de 20\u00a0ans, les couples qui se marient passent devant, ajoutant une dimension festive \u00e0 leurs c\u00e9l\u00e9brations.<\/p>\n<p>Le mariage de la fille de Rapha\u00ebl Toussaint<\/p>\n<p class=\" wall-content\">Rapha\u00ebl Toussaint a r\u00e9alis\u00e9 une \u0153uvre qui \u00e9voque non seulement le mariage, mais aussi la continuit\u00e9 de l\u2019amour \u00e0 travers le temps. L\u2019artiste y repr\u00e9sente ses enfants s\u2019engageant sur le chemin de la vie le jour de leur mariage en 1988. Une <b>reproduction d\u2019un tableau<\/b> de 61\u00a0cm sur 50, repr\u00e9sentant le mariage de sa fille.<\/p>\n<p class=\" wall-content\">Situ\u00e9e au num\u00e9ro 5 de la place du March\u00e9, la fresque, agrandie \u00e0 480 fois les dimensions de l\u2019\u0153uvre originale, a \u00e9t\u00e9 supervis\u00e9e par <b>les Ateliers Chenu de La Roche-sur-Yo<\/b>n, en collaboration avec Rapha\u00ebl Toussaint.<\/p>\n<p class=\" wall-content\">Cette fresque unique fait partie int\u00e9grante du patrimoine local, symbolisant l\u2019amour et l\u2019engagement. En 2016, la fresque a n\u00e9cessit\u00e9 une restauration, men\u00e9e par<b> Blandine Le Pallec<\/b>.<\/p>\n<p>Vid\u00e9os : en ce moment sur Actu<\/p>\n<p class=\" wall-content\">La fresque Les mari\u00e9s du Poir\u00e9-sur-Vie illustre comment l\u2019art peut jouer un r\u00f4le fondamental dans la vie quotidienne en liant le pass\u00e9 et le futur, c\u00e9l\u00e9brant l\u2019amour et les relations humaines.<\/p>\n<p class=\" wall-content\">Personnalisez votre actualit\u00e9 en ajoutant vos villes et m\u00e9dias en favori avec <a href=\"https:\/\/moncompte.actu.fr\" title=\"D\u00e9couvez Mon Actu\" rel=\"nofollow noopener\" data-trk=\"{&quot;cta&quot;:{&quot;action&quot;:&quot;https:\\\/\\\/moncompte.actu.fr&quot;,&quot;category&quot;:&quot;mon compte&quot;,&quot;from&quot;:&quot;article footer&quot;,&quot;name&quot;:&quot;Mon actu&quot;,&quot;type&quot;:&quot;cta&quot;}}\" target=\"_blank\">Mon Actu<\/a>.<\/p>\n","protected":false},"excerpt":{"rendered":"Par R\u00e9daction La Roche-sur-Yon Publi\u00e9 le 5 sept. 2025 \u00e0 8h37 Le samedi, \u00e0 la sortie de la&hellip;\n","protected":false},"author":2,"featured_media":368320,"comment_status":"","ping_status":"","sticky":false,"template":"","format":"standard","meta":{"footnotes":""},"categories":[1358],"tags":[1348,1384,1385,1386,58,59,1011,27,104],"class_list":{"0":"post-368319","1":"post","2":"type-post","3":"status-publish","4":"format-standard","5":"has-post-thumbnail","7":"category-arts-et-design","8":"tag-arts","9":"tag-arts-and-design","10":"tag-arts-et-design","11":"tag-design","12":"tag-divertissement","13":"tag-entertainment","14":"tag-fr","15":"tag-france","16":"tag-societe"},"share_on_mastodon":{"url":"https:\/\/pubeurope.com\/@fr\/115152090855536356","error":""},"_links":{"self":[{"href":"https:\/\/www.europesays.com\/fr\/wp-json\/wp\/v2\/posts\/368319","targetHints":{"allow":["GET"]}}],"collection":[{"href":"https:\/\/www.europesays.com\/fr\/wp-json\/wp\/v2\/posts"}],"about":[{"href":"https:\/\/www.europesays.com\/fr\/wp-json\/wp\/v2\/types\/post"}],"author":[{"embeddable":true,"href":"https:\/\/www.europesays.com\/fr\/wp-json\/wp\/v2\/users\/2"}],"replies":[{"embeddable":true,"href":"https:\/\/www.europesays.com\/fr\/wp-json\/wp\/v2\/comments?post=368319"}],"version-history":[{"count":0,"href":"https:\/\/www.europesays.com\/fr\/wp-json\/wp\/v2\/posts\/368319\/revisions"}],"wp:featuredmedia":[{"embeddable":true,"href":"https:\/\/www.europesays.com\/fr\/wp-json\/wp\/v2\/media\/368320"}],"wp:attachment":[{"href":"https:\/\/www.europesays.com\/fr\/wp-json\/wp\/v2\/media?parent=368319"}],"wp:term":[{"taxonomy":"category","embeddable":true,"href":"https:\/\/www.europesays.com\/fr\/wp-json\/wp\/v2\/categories?post=368319"},{"taxonomy":"post_tag","embeddable":true,"href":"https:\/\/www.europesays.com\/fr\/wp-json\/wp\/v2\/tags?post=368319"}],"curies":[{"name":"wp","href":"https:\/\/api.w.org\/{rel}","templated":true}]}}