{"id":368321,"date":"2025-09-05T14:10:23","date_gmt":"2025-09-05T14:10:23","guid":{"rendered":"https:\/\/www.europesays.com\/fr\/368321\/"},"modified":"2025-09-05T14:10:23","modified_gmt":"2025-09-05T14:10:23","slug":"aux-nuits-a-venir-de-joffrine-donnadieu-completement-marge-liberation","status":"publish","type":"post","link":"https:\/\/www.europesays.com\/fr\/368321\/","title":{"rendered":"\u00abAux nuits \u00e0 venir\u00bb de Joffrine Donnadieu\u00a0: compl\u00e8tement Marge \u2013 Lib\u00e9ration"},"content":{"rendered":"<p class=\"sc-cPiKLX AiZTS text-element\">Violette ne supporte plus Marguerite, dit Marge, sa s\u0153ur a\u00een\u00e9e de dix mois. Elle a l\u2019impression qu\u2019elle l\u2019emp\u00eache de fleurir. Elle en a assez de son caract\u00e8re inadapt\u00e9, de ses sautes d\u2019humeur, de son comportement erratique, de son absence de travail. Elle, la m\u00e9decin, bien ins\u00e9r\u00e9e dans la soci\u00e9t\u00e9, voudrait enfin profiter tranquille de son mari, Jules, et de ses enfants, sans avoir ce boulet dans ses pattes. Elle dit : \u00abTu peux crier, pleurer. Je te vire, Marge. Tu peux mettre les bras en croix pour ne pas passer la porte, \u00e7a ne t\u2019emp\u00eachera pas de finir sur le trottoir avec tes affaires. Je ne peux plus vous voir.\u00bb <\/p>\n<p class=\"sc-cPiKLX AiZTS text-element\">La femme de 34 ans se retrouve \u00e0 la rue, rue des Martyrs. Elle observe l\u2019immeuble en face, le 46 bis, ab\u00eem\u00e9, couvert d\u2019un \u00e9chafaudage, et elle d\u00e9cide d\u2019y entrer s\u2019y cacher. Elle pense que ce sont les lieux qui choisissent les hommes, et pas l\u2019inverse. Dans une cabane du chantier arr\u00eat\u00e9, elle s\u2019installe et trouve refuge. Commence alors une sorte de si\u00e8ge de Fort Alamo en plein Paris dans le chic IXe arrondissement. Le b\u00e2timent est au c\u0153ur d\u2019un conflit entre des voisins qui veulent prot\u00e9ger une fleur, la \u00abchitalpa de Tashkent et Jules qui veut y installer un complexe technologique ultramoderne\u00bb. Le compagnon de Violette veut racheter tous les appartements pour tout casser et lancer un club \u00e0 hologrammes et r\u00e9alit\u00e9 virtuelle pour vivre des aventures extraordinaires. Violette l\u2019adore, elle pense qu\u2019il est \u00abun mari merveilleux, un p\u00e8re fabuleux, un fils  <\/p>\n","protected":false},"excerpt":{"rendered":"Violette ne supporte plus Marguerite, dit Marge, sa s\u0153ur a\u00een\u00e9e de dix mois. Elle a l\u2019impression qu\u2019elle l\u2019emp\u00eache&hellip;\n","protected":false},"author":2,"featured_media":368322,"comment_status":"","ping_status":"","sticky":false,"template":"","format":"standard","meta":{"footnotes":""},"categories":[1357],"tags":[1379,10488,58,59,1011,27,1380],"class_list":{"0":"post-368321","1":"post","2":"type-post","3":"status-publish","4":"format-standard","5":"has-post-thumbnail","7":"category-livres","8":"tag-books","9":"tag-cahier-livres","10":"tag-divertissement","11":"tag-entertainment","12":"tag-fr","13":"tag-france","14":"tag-livres"},"share_on_mastodon":{"url":"https:\/\/pubeurope.com\/@fr\/115152094908122842","error":""},"_links":{"self":[{"href":"https:\/\/www.europesays.com\/fr\/wp-json\/wp\/v2\/posts\/368321","targetHints":{"allow":["GET"]}}],"collection":[{"href":"https:\/\/www.europesays.com\/fr\/wp-json\/wp\/v2\/posts"}],"about":[{"href":"https:\/\/www.europesays.com\/fr\/wp-json\/wp\/v2\/types\/post"}],"author":[{"embeddable":true,"href":"https:\/\/www.europesays.com\/fr\/wp-json\/wp\/v2\/users\/2"}],"replies":[{"embeddable":true,"href":"https:\/\/www.europesays.com\/fr\/wp-json\/wp\/v2\/comments?post=368321"}],"version-history":[{"count":0,"href":"https:\/\/www.europesays.com\/fr\/wp-json\/wp\/v2\/posts\/368321\/revisions"}],"wp:featuredmedia":[{"embeddable":true,"href":"https:\/\/www.europesays.com\/fr\/wp-json\/wp\/v2\/media\/368322"}],"wp:attachment":[{"href":"https:\/\/www.europesays.com\/fr\/wp-json\/wp\/v2\/media?parent=368321"}],"wp:term":[{"taxonomy":"category","embeddable":true,"href":"https:\/\/www.europesays.com\/fr\/wp-json\/wp\/v2\/categories?post=368321"},{"taxonomy":"post_tag","embeddable":true,"href":"https:\/\/www.europesays.com\/fr\/wp-json\/wp\/v2\/tags?post=368321"}],"curies":[{"name":"wp","href":"https:\/\/api.w.org\/{rel}","templated":true}]}}