{"id":368325,"date":"2025-09-05T14:12:14","date_gmt":"2025-09-05T14:12:14","guid":{"rendered":"https:\/\/www.europesays.com\/fr\/368325\/"},"modified":"2025-09-05T14:12:14","modified_gmt":"2025-09-05T14:12:14","slug":"david-byrne-big-thief-shame-voici-les-5-albums-de-la-semaine","status":"publish","type":"post","link":"https:\/\/www.europesays.com\/fr\/368325\/","title":{"rendered":"David Byrne, Big Thief, Shame&#8230; Voici les 5 albums de la semaine !"},"content":{"rendered":"<p>Ce vendredi 5 septembre, on retrouve aussi dans les bacs le disque de Saint-Etienne et celui de Suede. <\/p>\n<p>Big Thief Double Infinity (4AD\/Wagram)<\/p>\n<p>Aussi resserr\u00e9 que son pr\u00e9d\u00e9cesseur \u00e9tait vaste, l\u2019album agr\u00e8ge autour du trio Lenker\/Meek\/Krivchenia un ar\u00e9opage de musicien\u00b7nes sous la houlette de Dom Monks (on lui doit le son du sublime solo\u00a0Idiot Prayer\u00a0de Nick Cave), fid\u00e8le collaborateur cette fois en pleine charge de la production. Joliment tordue, c\u2019est cette derni\u00e8re qui frappe d\u2019abord, nimbant les chansons d\u2019une complexe aura pop, exemplairement sur\u00a0Words.<\/p>\n<p>Par R\u00e9mi Boiteux <\/p>\n<p><a href=\"https:\/\/www.lesinrocks.com\/musique\/double-infinity-de-big-thief-fait-folk-de-tout-bois-677423-01-09-2025\/\" rel=\"nofollow noopener\" target=\"_blank\">Lire la chronique de Double Infinity<\/a><\/p>\n<\/p>\n<p>David Byrne Who Is The Sky? (Matador\/Wagram)<\/p>\n<p>Sept ans apr\u00e8s \u201cAmerican Utopia\u201d, un album sorti sous les tristes auspices du premier mandat Trump, David Byrne revient dans un contexte quasi fasciste avec \u201cWho Is the Sky?\u201d, un disque dans une veine pop orchestrale charg\u00e9 d\u2019ironie, mais\u00a0d\u2019un optimisme forcen\u00e9.<\/p>\n<p>Par Fran\u00e7ois Moreau <\/p>\n<p><a href=\"https:\/\/www.lesinrocks.com\/musique\/david-byrne-jai-toujours-pense-que-jetais-a-la-marge-des-stereotypes-du-rocknroll-677560-04-09-2025\/\" rel=\"nofollow noopener\" target=\"_blank\">Lire l\u2019interview de David Byrne<\/a><\/p>\n<\/p>\n<p>Saint Etienne International (Heavenly\/PIAS)<\/p>\n<p>Trente-cinq ans \u00e0 marcher \u00e0\u00a0contretemps, toujours avec gr\u00e2ce.\u00a0International,\u00a0treizi\u00e8me et ultime album\u00a0de Saint Etienne, referme une parenth\u00e8se enchant\u00e9e entam\u00e9e en 1991 avec\u00a0Foxbase Alpha,\u00a0coup d\u2019essai et coup de ma\u00eetre qui le propulsait directement au sommet des charts anglais. Une fin de\u00a0partie ma\u00eetris\u00e9e et en douceur pour le\u00a0trio form\u00e9 par Sarah Cracknell, Bob Stanley et Pete Wiggs.<\/p>\n<p>Par Arnaud Ducome <\/p>\n<p><a href=\"https:\/\/www.lesinrocks.com\/musique\/saint-etienne-la-classe-international-677499-04-09-2025\/\" rel=\"nofollow noopener\" target=\"_blank\">Lire la chronique de International <\/a><\/p>\n<\/p>\n<p>Shame Cutthroat (Dead Oceans\/Modulor)<\/p>\n<p>Abrasif, ironique, incisif, insolent\u2026 La\u00a0liste des \u00e9pith\u00e8tes pourrait encore s\u2019allonger.\u00a0Cutthroat,\u00a0quatri\u00e8me album des sales gosses de Shame, a beau trouver sa source dans de nouvelles esth\u00e9tiques (\u00e9lectronique en t\u00eate), il\u00a0ne\u00a0fait pas figure d\u2019exception dans leur discographie d\u00e9braill\u00e9e.<\/p>\n<p>Par Xavier Ridel<\/p>\n<p><a href=\"https:\/\/www.lesinrocks.com\/musique\/on-a-ecoute-cutthroat-de-shame-et-cest-jouissif-677455-03-09-2025\/\" rel=\"nofollow noopener\" target=\"_blank\">Lire la chronique de Cutthroat <\/a><\/p>\n<\/p>\n<p>Suede Antidepressants (BMG)<\/p>\n<p>Avec\u00a0Antidepressants,\u00a0Brett Anderson et sa bande ajoutent un dixi\u00e8me chapitre \u00e0\u00a0une discographie d\u00e9cid\u00e9ment exemplaire. Apr\u00e8s un envo\u00fbtant\u00a0Autofiction\u00a0(2022), qu\u2019ils avaient d\u00e9crit comme leur album punk, ils livrent aujourd\u2019hui un manifeste postpunk qui refl\u00e8te \u00e0 merveille l\u2019urgence de leurs performances live, avec toujours ce c\u00f4t\u00e9 dangereux et sexy qu\u2019ils avaient d\u00e8s leurs d\u00e9buts.<\/p>\n<p>Par No\u00e9mie Lecoq <\/p>\n<p><a href=\"https:\/\/www.lesinrocks.com\/musique\/suede-reveille-le-postpunk-grace-a-ses-antidepressants-677480-04-09-2025\/\" rel=\"nofollow noopener\" target=\"_blank\">Lire la chronique d\u2019Antidepressants <\/a><\/p><\/p>\n","protected":false},"excerpt":{"rendered":"Ce vendredi 5 septembre, on retrouve aussi dans les bacs le disque de Saint-Etienne et celui de Suede.&hellip;\n","protected":false},"author":2,"featured_media":368326,"comment_status":"","ping_status":"","sticky":false,"template":"","format":"standard","meta":{"footnotes":""},"categories":[1355],"tags":[58,59,1011,27,1361,873],"class_list":{"0":"post-368325","1":"post","2":"type-post","3":"status-publish","4":"format-standard","5":"has-post-thumbnail","7":"category-musique","8":"tag-divertissement","9":"tag-entertainment","10":"tag-fr","11":"tag-france","12":"tag-music","13":"tag-musique"},"share_on_mastodon":{"url":"https:\/\/pubeurope.com\/@fr\/115152102582627635","error":""},"_links":{"self":[{"href":"https:\/\/www.europesays.com\/fr\/wp-json\/wp\/v2\/posts\/368325","targetHints":{"allow":["GET"]}}],"collection":[{"href":"https:\/\/www.europesays.com\/fr\/wp-json\/wp\/v2\/posts"}],"about":[{"href":"https:\/\/www.europesays.com\/fr\/wp-json\/wp\/v2\/types\/post"}],"author":[{"embeddable":true,"href":"https:\/\/www.europesays.com\/fr\/wp-json\/wp\/v2\/users\/2"}],"replies":[{"embeddable":true,"href":"https:\/\/www.europesays.com\/fr\/wp-json\/wp\/v2\/comments?post=368325"}],"version-history":[{"count":0,"href":"https:\/\/www.europesays.com\/fr\/wp-json\/wp\/v2\/posts\/368325\/revisions"}],"wp:featuredmedia":[{"embeddable":true,"href":"https:\/\/www.europesays.com\/fr\/wp-json\/wp\/v2\/media\/368326"}],"wp:attachment":[{"href":"https:\/\/www.europesays.com\/fr\/wp-json\/wp\/v2\/media?parent=368325"}],"wp:term":[{"taxonomy":"category","embeddable":true,"href":"https:\/\/www.europesays.com\/fr\/wp-json\/wp\/v2\/categories?post=368325"},{"taxonomy":"post_tag","embeddable":true,"href":"https:\/\/www.europesays.com\/fr\/wp-json\/wp\/v2\/tags?post=368325"}],"curies":[{"name":"wp","href":"https:\/\/api.w.org\/{rel}","templated":true}]}}