{"id":368327,"date":"2025-09-05T14:13:33","date_gmt":"2025-09-05T14:13:33","guid":{"rendered":"https:\/\/www.europesays.com\/fr\/368327\/"},"modified":"2025-09-05T14:13:33","modified_gmt":"2025-09-05T14:13:33","slug":"la-comedie-mortelle-avec-hakim-jemili-les-premieres-reactions","status":"publish","type":"post","link":"https:\/\/www.europesays.com\/fr\/368327\/","title":{"rendered":"la com\u00e9die mortelle avec Hakim Jemili ! Les premi\u00e8res reactions"},"content":{"rendered":"<p>Cinq ans apr\u00e8s Le Discours, Fabcaro et le regrett\u00e9 Laurent Tirard signent une nouvelle com\u00e9die grin\u00e7ante : Adieu Jean-Pat. Ce film, r\u00e9alis\u00e9 par C\u00e9cilia Rouaud, convoque l\u2019humour absurde et f\u00e9roce qui a fait la r\u00e9putation de l\u2019auteur de Za\u00ef Za\u00ef Za\u00ef Za\u00ef.\u00a0<\/p>\n<p>Dans le r\u00f4le principal, Hakim Jemili se glisse dans la peau d\u2019\u00c9tienne, un trentenaire toujours hant\u00e9 par les mauvais souvenirs d\u2019un ancien camarade d\u2019\u00e9cole\u2026 qu\u2019il va devoir enterrer.<\/p>\n<p><strong>De quoi \u00e7a parle ? <\/strong><\/p>\n<p>\u00c0 35 ans, \u00c9tienne n\u2019a jamais pardonn\u00e9 \u00e0 Jean-Pat, son \u00ab copain \u00bb d\u2019enfance qui a transform\u00e9 ses jeunes ann\u00e9es en cauchemar. Alors, lorsqu\u2019il apprend la mort de ce dernier, il ne verse pas une larme. Mais le destin a de l\u2019humour : \u00c9tienne se retrouve charg\u00e9, malgr\u00e9 lui, d\u2019organiser les fun\u00e9railles de son pire ennemi. Et m\u00eame six pieds sous terre, Jean-Pat ne semble pas pr\u00eat \u00e0 l\u00e2cher prise.<\/p>\n<p>Un film avec une tonalit\u00e9 singuli\u00e8re : dr\u00f4le pour certains, d\u00e9concertant pour d\u2019autres, mais rarement ti\u00e8de. Vos r\u00e9actions<\/p>\n<p>\u00a0<\/p><\/p>\n","protected":false},"excerpt":{"rendered":"Cinq ans apr\u00e8s Le Discours, Fabcaro et le regrett\u00e9 Laurent Tirard signent une nouvelle com\u00e9die grin\u00e7ante : Adieu&hellip;\n","protected":false},"author":2,"featured_media":368328,"comment_status":"","ping_status":"","sticky":false,"template":"","format":"standard","meta":{"footnotes":""},"categories":[1354],"tags":[50291,50290,58,59,1346,1011,27,12841,1360,8453],"class_list":{"0":"post-368327","1":"post","2":"type-post","3":"status-publish","4":"format-standard","5":"has-post-thumbnail","7":"category-films","8":"tag-adieu-jean-pat","9":"tag-cinema-le-palace","10":"tag-divertissement","11":"tag-entertainment","12":"tag-films","13":"tag-fr","14":"tag-france","15":"tag-hakim-jemili","16":"tag-movies","17":"tag-reactions"},"share_on_mastodon":{"url":"https:\/\/pubeurope.com\/@fr\/115152106595875944","error":""},"_links":{"self":[{"href":"https:\/\/www.europesays.com\/fr\/wp-json\/wp\/v2\/posts\/368327","targetHints":{"allow":["GET"]}}],"collection":[{"href":"https:\/\/www.europesays.com\/fr\/wp-json\/wp\/v2\/posts"}],"about":[{"href":"https:\/\/www.europesays.com\/fr\/wp-json\/wp\/v2\/types\/post"}],"author":[{"embeddable":true,"href":"https:\/\/www.europesays.com\/fr\/wp-json\/wp\/v2\/users\/2"}],"replies":[{"embeddable":true,"href":"https:\/\/www.europesays.com\/fr\/wp-json\/wp\/v2\/comments?post=368327"}],"version-history":[{"count":0,"href":"https:\/\/www.europesays.com\/fr\/wp-json\/wp\/v2\/posts\/368327\/revisions"}],"wp:featuredmedia":[{"embeddable":true,"href":"https:\/\/www.europesays.com\/fr\/wp-json\/wp\/v2\/media\/368328"}],"wp:attachment":[{"href":"https:\/\/www.europesays.com\/fr\/wp-json\/wp\/v2\/media?parent=368327"}],"wp:term":[{"taxonomy":"category","embeddable":true,"href":"https:\/\/www.europesays.com\/fr\/wp-json\/wp\/v2\/categories?post=368327"},{"taxonomy":"post_tag","embeddable":true,"href":"https:\/\/www.europesays.com\/fr\/wp-json\/wp\/v2\/tags?post=368327"}],"curies":[{"name":"wp","href":"https:\/\/api.w.org\/{rel}","templated":true}]}}