{"id":368329,"date":"2025-09-05T14:14:10","date_gmt":"2025-09-05T14:14:10","guid":{"rendered":"https:\/\/www.europesays.com\/fr\/368329\/"},"modified":"2025-09-05T14:14:10","modified_gmt":"2025-09-05T14:14:10","slug":"fatigue-cette-boisson-verte-facile-a-preparer-est-votre-nouveau-comprime-de-vitamine-c","status":"publish","type":"post","link":"https:\/\/www.europesays.com\/fr\/368329\/","title":{"rendered":"Fatigu\u00e9 ? Cette boisson verte facile \u00e0 pr\u00e9parer est votre nouveau comprim\u00e9 de vitamine C !"},"content":{"rendered":"<p><strong>Le mois de septembre annonce la rentr\u00e9e et, avec elle, son cort\u00e8ge de r\u00e9veils difficiles, de journ\u00e9es bien remplies et d&rsquo;\u00e9nergie en berne. Mais faut-il vraiment accepter cette fatigue ambiante ? Un secret venu du potager promet de dynamiser les matins : un smoothie in\u00e9dit, mariant des ingr\u00e9dients frais et m\u00e9connus, saura faire oublier les coups de mou de la reprise tout en r\u00e9galant les palais les plus exigeants.<\/strong><\/p>\n<p>Un cocktail vert qui d\u00e9poussi\u00e8re la rentr\u00e9e : osez l&rsquo;\u00e9nergie naturelle !<\/p>\n<p>Chaque ann\u00e9e, le mois de septembre sonne comme un nouveau d\u00e9part. Nouvelle organisation, rythme effr\u00e9n\u00e9, nuits parfois \u00e9court\u00e9es\u2026 Et voil\u00e0 que la lassitude s&rsquo;invite, d\u00e8s les premi\u00e8res semaines, \u00e0 l&rsquo;heure du petit-d\u00e9jeuner. Mais pourquoi ce <a href=\"https:\/\/journaldesseniors.20minutes.fr\/sante\/etude-scientifique-ages-corps-coup-de-vieux\/\" target=\"_blank\" rel=\"noopener\">coup de barre<\/a> est-il si tenace \u00e0 la rentr\u00e9e ?<\/p>\n<p>\u00c0 ce moment charni\u00e8re, l&rsquo;organisme doit s&rsquo;adapter \u00e0 un rythme soutenu apr\u00e8s la douceur estivale. Les journ\u00e9es raccourcissent, l&rsquo;alimentation \u00e9volue, on oublie souvent de bien s&rsquo;hydrater ou de consommer assez de <strong>vitamines et de fibres<\/strong>. Il devient alors crucial de recharger les batteries naturellement. C&rsquo;est l\u00e0 que s&rsquo;invite un smoothie pas comme les autres, porteur d&rsquo;une philosophie simple : puiser dans les ingr\u00e9dients frais, de saison, et m\u00eame ce que l&rsquo;on jette trop souvent pour se revitaliser d\u00e8s le matin.<\/p>\n<p>Imaginez un m\u00e9lange aussi original que savoureux : <strong>les fanes de radis<\/strong>, oubli\u00e9es sur le coin de la table, croisent la route de la <strong>pomme verte croquante<\/strong>\u2026 Le tout boost\u00e9 d&rsquo;une touche de menthe et de concombre. Ce cocktail vert, ultra-frais et d\u00e9salt\u00e9rant, incarne parfaitement le renouveau attendu \u00e0 l&rsquo;heure de la reprise.<\/p>\n<p>Les secrets inattendus des fanes de radis : ne les jetez plus !<\/p>\n<p>Le r\u00e9flexe est tenace : \u00e9plucher, couper, jeter\u2026 Pourtant, la nature r\u00e9serve souvent ses plus grandes richesses dans ce que l&rsquo;on a l&rsquo;habitude d&rsquo;\u00e9carter. Saviez-vous que les fanes de radis sont aussi nutritives que la partie rose du l\u00e9gume ? Ces feuilles d\u00e9licates constituent en r\u00e9alit\u00e9 une <strong>v\u00e9ritable mine de nutriments<\/strong> invisibles \u00e0 l&rsquo;\u0153il nu.<\/p>\n<p>Riches en <strong>vitamines (notamment C et A), en fer, calcium, magn\u00e9sium et fibres<\/strong>, elles soutiennent autant le syst\u00e8me immunitaire que la vitalit\u00e9. Leur profil nutritionnel permet non seulement d&rsquo;optimiser l&rsquo;apport en min\u00e9raux souvent n\u00e9glig\u00e9 au quotidien, mais aussi d&rsquo;utiliser intelligemment ce que la cuisine laisse habituellement de c\u00f4t\u00e9.<\/p>\n<p>Int\u00e9grer les fanes de radis dans une boisson peut sembler audacieux. <strong>Quelques conseils suffisent<\/strong> pour dompter leur petit go\u00fbt piquant et \u00e9viter toute amertume. Il est important de choisir des fanes bien fra\u00eeches, sans fl\u00e9trissure ni taches jaunes. Un lavage minutieux \u00e0 l&rsquo;eau fra\u00eeche, suivi d&rsquo;un essorage d\u00e9licat, \u00e9limine toute terre et pr\u00e9serve leurs ar\u00f4mes. En les associant avec des ingr\u00e9dients \u00e0 la saveur douce-acidul\u00e9e, leur subtilit\u00e9 se d\u00e9voile sans envahir la recette.<\/p>\n<p>Concombre, menthe et pomme verte : la fra\u00eecheur en mode express<\/p>\n<p>Si l&rsquo;envie de fra\u00eecheur et de l\u00e9g\u00e8ret\u00e9 accompagne la rentr\u00e9e, c&rsquo;est que le corps r\u00e9clame ce qu&rsquo;il a parfois perdu pendant l&rsquo;\u00e9t\u00e9 : <strong>hydratation, vitamines, et une certaine gourmandise<\/strong>. Le concombre et la menthe, deux alli\u00e9s quotidiens du bien-\u00eatre, entrent pleinement dans la danse. Leur force ? Offrir un maximum d&rsquo;eau, des min\u00e9raux essentiels et un go\u00fbt in\u00e9gal\u00e9 de puret\u00e9 v\u00e9g\u00e9tale.<\/p>\n<p>La pomme verte, quant \u00e0 elle, surprend par sa vivacit\u00e9 l\u00e9g\u00e8rement acidul\u00e9e. Elle r\u00e9veille instantan\u00e9ment les papilles, <strong>compl\u00e8te la douceur du concombre<\/strong>, et att\u00e9nue toute note v\u00e9g\u00e9tale prononc\u00e9e. Ensemble, ces trois ingr\u00e9dients d\u00e9ploient une <strong>symbiose d\u00e9salt\u00e9rante capable de mettre KO la fatigue<\/strong>. L&rsquo;association entre la fra\u00eecheur du concombre, l&rsquo;\u00e9nergie croquante de la pomme et le parfum intense de la menthe garantit un smoothie \u00e0 la fois gourmand, \u00e9quilibr\u00e9 et parfaitement de saison.<\/p>\n<p>Pour sublimer ce trio, il suffit d&rsquo;adapter les quantit\u00e9s selon l&rsquo;intensit\u00e9 du go\u00fbt souhait\u00e9e. Ceux qui pr\u00e9f\u00e8rent la douceur miseront sur davantage de pomme ; les amateurs de sensations fra\u00eeches renforceront la part de concombre et de menthe. De quoi varier chaque matin, tout en respectant l&rsquo;\u00e9quilibre des saveurs.<\/p>\n<p>Le pas-\u00e0-pas du smoothie antifatigue : la recette d\u00e9taill\u00e9e<br \/>\n Les ingr\u00e9dients stars \u00e0 r\u00e9unir (et comment les pr\u00e9parer en un clin d&rsquo;\u0153il)<\/p>\n<ul>\n<li>1 belle pomme verte (environ 150 g)<\/li>\n<li>1\/2 concombre frais (environ 100 g)<\/li>\n<li>Les fanes d&rsquo;une botte de radis, soigneusement lav\u00e9es et essor\u00e9es (\u00e0 peu pr\u00e8s 40 g)<\/li>\n<li>6 \u00e0 8 feuilles de menthe fra\u00eeche<\/li>\n<li>Jus d&rsquo;1\/2 citron jaune<\/li>\n<li>120 ml d&rsquo;eau bien fra\u00eeche (ajuster selon la consistance souhait\u00e9e)<\/li>\n<li>Quelques gla\u00e7ons<\/li>\n<\/ul>\n<p>C\u00f4t\u00e9 pr\u00e9paration, rien de plus simple : la pomme se taille en quartiers (avec ou sans peau, selon les pr\u00e9f\u00e9rences), le concombre s&rsquo;\u00e9pluche ou non (choisir un bio si possible), les fanes s&rsquo;effeuillent, la menthe se rince rapidement. Le tout rejoint le bol du blender, avec le <strong>jus de citron, l&rsquo;eau et les gla\u00e7ons<\/strong>. En moins de dix minutes, voil\u00e0 un m\u00e9lange pr\u00eat \u00e0 d\u00e9ployer ses pouvoirs \u00e9nerg\u00e9tiques !<\/p>\n<p>Le mix parfait : astuces pour une texture onctueuse et une couleur \u00e9clatante<\/p>\n<p>Le secret d&rsquo;un smoothie r\u00e9ussi ? <strong>Mixer longuement, \u00e0 puissance \u00e9lev\u00e9e<\/strong>, pour \u00e9viter les morceaux de feuilles et garantir une texture lisse, presque cr\u00e9meuse. L&rsquo;ajout de gla\u00e7ons n&rsquo;apporte pas seulement de la fra\u00eecheur : cela permet \u00e9galement d&rsquo;obtenir une belle consistance, a\u00e9rienne et facile \u00e0 boire, tout en fixant la couleur verte intense qui enchantera la vue autant que le palais.<\/p>\n<p>Pour ceux qui aiment varier, une pointe de gingembre r\u00e2p\u00e9, un soup\u00e7on de graines de chia ou un zeste de citron vert peut apporter un twist suppl\u00e9mentaire sans alourdir la recette initiale.<\/p>\n<p>Booster son matin sans caf\u00e9ine : les effets sur l&rsquo;organisme<\/p>\n<p>Adopter ce smoothie, c&rsquo;est dire adieu \u2013 ou du moins au revoir \u2013 aux traditionnels coups de mou qui jalonnent la matin\u00e9e. Le m\u00e9lange d&rsquo;aliments frais et vivifiants d\u00e9livre une <strong>\u00e9nergie durable<\/strong>, sans le pic et la chute associ\u00e9s \u00e0 la caf\u00e9ine. L&rsquo;association judicieuse entre vitamines, min\u00e9raux, fibres et eau tonifie l&rsquo;organisme, combat la sensation de lourdeur et favorise la clart\u00e9 d&rsquo;esprit.<\/p>\n<p>Ce cocktail vert agit sur plusieurs plans : il soutient naturellement le m\u00e9tabolisme, entretient l&rsquo;hydratation et d\u00e9clenche un regain de vitalit\u00e9 d\u00e8s le lever. <strong>Termin\u00e9es les somnolences post-petit-d\u00e9jeuner<\/strong>, place \u00e0 une sensation de l\u00e9g\u00e8ret\u00e9 et un dynamisme \u00e0 toute \u00e9preuve !<\/p>\n<p>Par ailleurs, la pr\u00e9sence du concombre, des fanes de radis et de la pomme participe activement \u00e0 la r\u00e9gulation digestive. Riche en fibres, ce smoothie aide \u00e0 une digestion sereine, favorise la sensation de sati\u00e9t\u00e9, et nourrit la flore intestinale. Une bonne hydratation d\u00e8s le matin reste l&rsquo;une des <strong>cl\u00e9s d&rsquo;un confort digestif durable<\/strong> \u2013 voil\u00e0 un geste sant\u00e9 \u00e0 la port\u00e9e de tous.<\/p>\n<p>Adoptez le r\u00e9flexe smoothie : variantes et habitudes gagnantes<\/p>\n<p>S&rsquo;allier chaque matin \u00e0 un blender, c&rsquo;est ouvrir la porte \u00e0 une multitude d&rsquo;adaptations, au fil des saisons. L&rsquo;hiver venu, on glisse une poire ou une m\u00e2che \u00e0 la place de la pomme et de la menthe. Les beaux jours, <strong>une poign\u00e9e de fraises ou quelques feuilles de basilic<\/strong> apporteront de la nouveaut\u00e9, sans jamais trahir la philosophie de la recette originelle.<\/p>\n<p>La polyvalence de ce smoothie le rend id\u00e9al \u00e0 diff\u00e9rents moments de la journ\u00e9e. Il s&rsquo;int\u00e8gre parfaitement au petit-d\u00e9jeuner, accompagn\u00e9 d&rsquo;une tartine de pain complet ou d&rsquo;un yaourt nature pour un repas \u00e9quilibr\u00e9. Mais rien n&#8217;emp\u00eache de le savourer comme <strong>en-cas rafra\u00eechissant<\/strong> lors d&rsquo;une pause au travail, ou comme go\u00fbter vitamin\u00e9 lors du retour \u00e0 la maison.<\/p>\n<p>Un nouvel \u00e9lan pour la rentr\u00e9e : que retenir et comment continuer sur cette (re)mise en \u00e9nergie<\/p>\n<p>En ce mois de septembre, alors que la routine tente d&rsquo;imposer son lot de fatigue, r\u00e9inventer ses habitudes alimentaires s&rsquo;av\u00e8re \u00eatre un changement simple mais terriblement efficace. L&rsquo;essentiel \u00e0 retenir est que <strong>les solutions naturelles sont parfois l\u00e0 o\u00f9 on ne les attend pas<\/strong> : dans un bouquet de fanes oubli\u00e9 ou un concombre du march\u00e9, boost\u00e9s par le croquant d&rsquo;une pomme verte.<\/p>\n<p>Profiter de cette nouvelle routine, c&rsquo;est aussi se donner l&rsquo;\u00e9lan n\u00e9cessaire pour explorer d&rsquo;autres petits d\u00e9fis detox : <strong>varier les ingr\u00e9dients<\/strong>, miser sur la diversit\u00e9 v\u00e9g\u00e9tale, int\u00e9grer plus souvent des \u00ab restes \u00bb pour r\u00e9duire le gaspillage et mieux nourrir son organisme. Chaque geste, chaque ingr\u00e9dient mis \u00e0 l&rsquo;honneur, participe \u00e0 retrouver une vitalit\u00e9 durable. Le smoothie antifatigue peut ainsi devenir le point de d\u00e9part d&rsquo;une rentr\u00e9e plac\u00e9e sous le signe du bien-\u00eatre et d&rsquo;un dynamisme renouvel\u00e9.<\/p>\n","protected":false},"excerpt":{"rendered":"Le mois de septembre annonce la rentr\u00e9e et, avec elle, son cort\u00e8ge de r\u00e9veils difficiles, de journ\u00e9es bien&hellip;\n","protected":false},"author":2,"featured_media":368330,"comment_status":"","ping_status":"","sticky":false,"template":"","format":"standard","meta":{"footnotes":""},"categories":[10],"tags":[1011,27,72,56,71],"class_list":{"0":"post-368329","1":"post","2":"type-post","3":"status-publish","4":"format-standard","5":"has-post-thumbnail","7":"category-sante","8":"tag-fr","9":"tag-france","10":"tag-health","11":"tag-push","12":"tag-sante"},"share_on_mastodon":{"url":"https:\/\/pubeurope.com\/@fr\/115152110489547860","error":""},"_links":{"self":[{"href":"https:\/\/www.europesays.com\/fr\/wp-json\/wp\/v2\/posts\/368329","targetHints":{"allow":["GET"]}}],"collection":[{"href":"https:\/\/www.europesays.com\/fr\/wp-json\/wp\/v2\/posts"}],"about":[{"href":"https:\/\/www.europesays.com\/fr\/wp-json\/wp\/v2\/types\/post"}],"author":[{"embeddable":true,"href":"https:\/\/www.europesays.com\/fr\/wp-json\/wp\/v2\/users\/2"}],"replies":[{"embeddable":true,"href":"https:\/\/www.europesays.com\/fr\/wp-json\/wp\/v2\/comments?post=368329"}],"version-history":[{"count":0,"href":"https:\/\/www.europesays.com\/fr\/wp-json\/wp\/v2\/posts\/368329\/revisions"}],"wp:featuredmedia":[{"embeddable":true,"href":"https:\/\/www.europesays.com\/fr\/wp-json\/wp\/v2\/media\/368330"}],"wp:attachment":[{"href":"https:\/\/www.europesays.com\/fr\/wp-json\/wp\/v2\/media?parent=368329"}],"wp:term":[{"taxonomy":"category","embeddable":true,"href":"https:\/\/www.europesays.com\/fr\/wp-json\/wp\/v2\/categories?post=368329"},{"taxonomy":"post_tag","embeddable":true,"href":"https:\/\/www.europesays.com\/fr\/wp-json\/wp\/v2\/tags?post=368329"}],"curies":[{"name":"wp","href":"https:\/\/api.w.org\/{rel}","templated":true}]}}