{"id":368333,"date":"2025-09-05T14:16:12","date_gmt":"2025-09-05T14:16:12","guid":{"rendered":"https:\/\/www.europesays.com\/fr\/368333\/"},"modified":"2025-09-05T14:16:12","modified_gmt":"2025-09-05T14:16:12","slug":"4-mois-plus-tard-dany-boon-revele-enfin-la-cause-de-son-accident-de-voiture","status":"publish","type":"post","link":"https:\/\/www.europesays.com\/fr\/368333\/","title":{"rendered":"4 mois plus tard, Dany Boon r\u00e9v\u00e8le (enfin) la cause de son accident de voiture"},"content":{"rendered":"<p>                        <a class=\"author\" href=\"https:\/\/www.parismatch.com\/auteurs\/ines-momplet\" rel=\"nofollow noopener\" target=\"_blank\">In\u00e8s Momplet<\/a><br \/>\n        05\/09\/2025 \u00e0 12:44, Mis \u00e0 jour le 05\/09\/2025 \u00e0 12:49<\/p>\n<p class=\"intro\">En mai dernier, Dany Boon a vu sa vie d\u00e9filer sur l\u2019autoroute A4.\u00a0Quelques mois plus tard, l\u2019acteur a enfin d\u00e9voil\u00e9 la cause de cette collision qui aurait pu lui co\u00fbter la vie.<\/p>\n<p>Il n\u2019oubliera pas son accident de situation. Le 5\u00a0mai dernier, Dany Boon a fr\u00f4l\u00e9 le pire.<a href=\"https:\/\/www.parismatch.com\/People\/victime-dun-accident-de-voiture-dany-boon-a-ete-transporte-a-lhopital-251185\" rel=\"nofollow noopener\" target=\"_blank\"> Victime d\u2019un violent accident de voiture<\/a>\u00a0\u00e0 la sortie de l\u2019autoroute A4, pr\u00e8s de Boulay en Moselle, l\u2019acteur avait \u00e9t\u00e9 conduit d\u2019urgence \u00e0 l\u2019h\u00f4pital de Metz-Mercy. Finalement d\u00e9clar\u00e9 hors de danger, et ressorti sans aucune s\u00e9quelle physique, l\u2019humoriste en garde tout de m\u00eame un souvenir marquant. 4 mois plus tard, il a accept\u00e9 de r\u00e9v\u00e9ler la cause de cet incident qui aurait pu lui co\u00fbter la vie face aux cam\u00e9ras de <a href=\"https:\/\/www.youtube.com\/watch?v=WisgOogBBAQ&amp;t=4415s\" target=\"_blank\" rel=\"nofollow noopener\">\u00ab\u00a0Konbini\u00a0\u00bb<\/a>.<\/p>\n<p>\u00ab\u00a0J\u2019ai eu un accident de voiture et je ne suis pas pass\u00e9 loin\u00a0\u00bb, a-t-il expliqu\u00e9 \u00e0 David Castello Lopes, avant de pr\u00e9ciser\u00a0: \u00ab\u00a0Ma bagnole est d\u00e9truite mais je n\u2019ai rien\u00a0\u00bb. Plus de peur que de mal donc, pour l\u2019hypocondriaque assum\u00e9. <a href=\"https:\/\/www.parismatch.com\/bio\/dany-boon\" rel=\"nofollow noopener\" target=\"_blank\">Dany Boon<\/a> a ensuite d\u00e9voil\u00e9 la cause de sa collision\u00a0: il se serait assoupi, \u00ab\u00a0Une connerie\u00a0\u00bb indique-t-il. Pourtant, l\u2019acteur confirme que sa voiture poss\u00e8de la fonctionnalit\u00e9 de conduire seule. \u00ab\u00a0J\u2019ai d\u00fb avoir un peu le pied sur l\u2019acc\u00e9l\u00e9rateur\u00a0\u00bb, en d\u00e9duit-il.<\/p>\n<p>    La suite apr\u00e8s cette publicit\u00e9<\/p>\n<p>Pris en charge rapidement par les pompiers et les gendarmes, <a href=\"https:\/\/www.parismatch.com\/people\/apres-six-ans-damour-cest-fini-entre-dany-boon-et-laurence-arne-245808\" rel=\"nofollow noopener\" target=\"_blank\">l\u2019ancien compagnon de Laurence Arn\u00e9<\/a> a surpris ses sauveteurs en acceptant de leur signataire des autographes pour les remercier. Mieux\u00a0: il a confi\u00e9 au micro de RTL en juin dernier les avoir convi\u00e9es \u00e0 son prochain spectacle \u00e0 Metz.<\/p>\n<p>    La suite apr\u00e8s cette publicit\u00e9<\/p>\n<p>Une pr\u00e9tendue \u00ab\u00a0mort\u00a0\u00bb comment\u00e9e<\/p>\n<p>Quelques jours apr\u00e8s l\u2019incident, apr\u00e8s que de fausses rumeurs circulaient au sujet de sa pr\u00e9tendue \u00ab\u00a0mort\u00a0\u00bb, l\u2019acteur avait rassur\u00e9 ses fans <a href=\"https:\/\/www.parismatch.com\/People\/dany-boon-reagit-avec-humour-a-lannonce-de-sa-mort-je-suis-pour-le-don-dorganes-mais-attendez-avant-de-les-prelever-251242\" rel=\"nofollow noopener\" target=\"_blank\">avec autod\u00e9rision<\/a> sur son compte Instagram. \u00ab\u00a0Je viens malheureusement d\u2019apprendre ma mort. Que dire, sinon que ce sont toujours les meilleurs qui partent les premiers. J\u2019ai du mal \u00e0 l\u2019accepter\u2026 Je suis totalement dans le d\u00e9ni de ma mort, \u00e0 mort dans le d\u00e9ni\u2026\u00a0\u00bb<\/p>\n<p>Ces racontars avaient d\u2019ailleurs eu un impact positif sur sa carri\u00e8re. Ses com\u00e9dies se sont en effet hiss\u00e9es dans le top 10 des films les plus regard\u00e9s sur Netflix pendant quelques jours.<\/p>\n","protected":false},"excerpt":{"rendered":"In\u00e8s Momplet 05\/09\/2025 \u00e0 12:44, Mis \u00e0 jour le 05\/09\/2025 \u00e0 12:49 En mai dernier, Dany Boon a&hellip;\n","protected":false},"author":2,"featured_media":368334,"comment_status":"","ping_status":"","sticky":false,"template":"","format":"standard","meta":{"footnotes":""},"categories":[8],"tags":[58,59,1011,27],"class_list":{"0":"post-368333","1":"post","2":"type-post","3":"status-publish","4":"format-standard","5":"has-post-thumbnail","7":"category-divertissement","8":"tag-divertissement","9":"tag-entertainment","10":"tag-fr","11":"tag-france"},"share_on_mastodon":{"url":"https:\/\/pubeurope.com\/@fr\/115152118374686084","error":""},"_links":{"self":[{"href":"https:\/\/www.europesays.com\/fr\/wp-json\/wp\/v2\/posts\/368333","targetHints":{"allow":["GET"]}}],"collection":[{"href":"https:\/\/www.europesays.com\/fr\/wp-json\/wp\/v2\/posts"}],"about":[{"href":"https:\/\/www.europesays.com\/fr\/wp-json\/wp\/v2\/types\/post"}],"author":[{"embeddable":true,"href":"https:\/\/www.europesays.com\/fr\/wp-json\/wp\/v2\/users\/2"}],"replies":[{"embeddable":true,"href":"https:\/\/www.europesays.com\/fr\/wp-json\/wp\/v2\/comments?post=368333"}],"version-history":[{"count":0,"href":"https:\/\/www.europesays.com\/fr\/wp-json\/wp\/v2\/posts\/368333\/revisions"}],"wp:featuredmedia":[{"embeddable":true,"href":"https:\/\/www.europesays.com\/fr\/wp-json\/wp\/v2\/media\/368334"}],"wp:attachment":[{"href":"https:\/\/www.europesays.com\/fr\/wp-json\/wp\/v2\/media?parent=368333"}],"wp:term":[{"taxonomy":"category","embeddable":true,"href":"https:\/\/www.europesays.com\/fr\/wp-json\/wp\/v2\/categories?post=368333"},{"taxonomy":"post_tag","embeddable":true,"href":"https:\/\/www.europesays.com\/fr\/wp-json\/wp\/v2\/tags?post=368333"}],"curies":[{"name":"wp","href":"https:\/\/api.w.org\/{rel}","templated":true}]}}