{"id":368344,"date":"2025-09-05T14:22:10","date_gmt":"2025-09-05T14:22:10","guid":{"rendered":"https:\/\/www.europesays.com\/fr\/368344\/"},"modified":"2025-09-05T14:22:10","modified_gmt":"2025-09-05T14:22:10","slug":"projet-cap-8-000-forte-inquietude-chez-les-salaries-dauchan-villars","status":"publish","type":"post","link":"https:\/\/www.europesays.com\/fr\/368344\/","title":{"rendered":"Projet Cap 8 000 : forte inqui\u00e9tude chez les salari\u00e9s d\u2019Auchan Villars"},"content":{"rendered":"<p>\u00c0 Villars, les salari\u00e9s d\u2019Auchan se mobilisent ce vendredi 5 septembre. En cause : le projet national Cap 8 000, qui pr\u00e9voit de r\u00e9duire la surface du magasin de 13 000 \u00e0 10 000 m\u00b2. Une r\u00e9organisation qui, selon les syndicats, pourrait entra\u00eener jusqu\u2019\u00e0 180 suppressions de postes.<\/p>\n<p>Des salari\u00e9s d\u2019Auchan Villars se mobilisent. Un appel \u00e0 la gr\u00e8ve a \u00e9t\u00e9 lanc\u00e9 pour ce vendredi 5 septembre, alors que plane la menace de suppressions d\u2019emplois dans le cadre du projet de r\u00e9organisation nationale \u00ab\u00a0Cap 8 000\u00a0\u00bb.<\/p>\n<p>\u00c0 Villars, le magasin doit voir sa surface r\u00e9duite de 13 000 \u00e0 10 000 m\u00b2. Une restructuration qui inqui\u00e8te fortement les syndicats : selon leurs estimations, jusqu\u2019\u00e0 180 postes pourraient dispara\u00eetre sur les quelque 420 que compte actuellement l\u2019hypermarch\u00e9.<\/p>\n<p>\u00ab Notre magasin va passer de 13 000 \u00e0 10 000 m\u00b2. Avec une telle configuration, il faut environ 240 salari\u00e9s, or nous sommes aujourd\u2019hui 420 \u00bb, explique Tony Tour\u00e8che, d\u00e9l\u00e9gu\u00e9 syndical CGT Auchan Villars. \u00ab On craint une forte diminution des effectifs et une d\u00e9gradation des conditions de travail. Ce qu\u2019on attend, c\u2019est que l\u2019investissement pr\u00e9vu permette de relancer l\u2019activit\u00e9, de retrouver des primes de progr\u00e8s et surtout une reconnaissance pour le travail fourni. \u00bb<\/p>\n<p>Les repr\u00e9sentants du personnel d\u00e9noncent \u00e9galement la polyvalence accrue impos\u00e9e aux salari\u00e9s sans compensation salariale, dans un contexte o\u00f9 les r\u00e9mun\u00e9rations restent jug\u00e9es trop faibles.<\/p>\n<p>Contact\u00e9e, la direction d\u2019Auchan Villars n\u2019a pas souhait\u00e9 r\u00e9pondre \u00e0 nos sollicitations.<\/p>\n<p>AC<\/p><\/p>\n","protected":false},"excerpt":{"rendered":"\u00c0 Villars, les salari\u00e9s d\u2019Auchan se mobilisent ce vendredi 5 septembre. En cause : le projet national Cap&hellip;\n","protected":false},"author":2,"featured_media":368345,"comment_status":"","ping_status":"","sticky":false,"template":"","format":"standard","meta":{"footnotes":""},"categories":[9653],"tags":[1111,11,2430,1777,674,1011,27,12,25,4001],"class_list":{"0":"post-368344","1":"post","2":"type-post","3":"status-publish","4":"format-standard","5":"has-post-thumbnail","7":"category-saint-etienne","8":"tag-actu","9":"tag-actualites","10":"tag-auvergne-rhone-alpes","11":"tag-eu","12":"tag-europe","13":"tag-fr","14":"tag-france","15":"tag-news","16":"tag-republique-francaise","17":"tag-saint-etienne"},"share_on_mastodon":{"url":"https:\/\/pubeurope.com\/@fr\/115152141978758036","error":""},"_links":{"self":[{"href":"https:\/\/www.europesays.com\/fr\/wp-json\/wp\/v2\/posts\/368344","targetHints":{"allow":["GET"]}}],"collection":[{"href":"https:\/\/www.europesays.com\/fr\/wp-json\/wp\/v2\/posts"}],"about":[{"href":"https:\/\/www.europesays.com\/fr\/wp-json\/wp\/v2\/types\/post"}],"author":[{"embeddable":true,"href":"https:\/\/www.europesays.com\/fr\/wp-json\/wp\/v2\/users\/2"}],"replies":[{"embeddable":true,"href":"https:\/\/www.europesays.com\/fr\/wp-json\/wp\/v2\/comments?post=368344"}],"version-history":[{"count":0,"href":"https:\/\/www.europesays.com\/fr\/wp-json\/wp\/v2\/posts\/368344\/revisions"}],"wp:featuredmedia":[{"embeddable":true,"href":"https:\/\/www.europesays.com\/fr\/wp-json\/wp\/v2\/media\/368345"}],"wp:attachment":[{"href":"https:\/\/www.europesays.com\/fr\/wp-json\/wp\/v2\/media?parent=368344"}],"wp:term":[{"taxonomy":"category","embeddable":true,"href":"https:\/\/www.europesays.com\/fr\/wp-json\/wp\/v2\/categories?post=368344"},{"taxonomy":"post_tag","embeddable":true,"href":"https:\/\/www.europesays.com\/fr\/wp-json\/wp\/v2\/tags?post=368344"}],"curies":[{"name":"wp","href":"https:\/\/api.w.org\/{rel}","templated":true}]}}