{"id":368346,"date":"2025-09-05T14:23:10","date_gmt":"2025-09-05T14:23:10","guid":{"rendered":"https:\/\/www.europesays.com\/fr\/368346\/"},"modified":"2025-09-05T14:23:10","modified_gmt":"2025-09-05T14:23:10","slug":"saint-etienne-il-tente-de-braquer-une-superette-le-gerant-le-met-en-fuite","status":"publish","type":"post","link":"https:\/\/www.europesays.com\/fr\/368346\/","title":{"rendered":"Saint-\u00c9tienne : il tente de braquer une sup\u00e9rette, le g\u00e9rant le met en fuite"},"content":{"rendered":"<p>Un homme a tent\u00e9 de braquer une sup\u00e9rette \u00e0 Saint-\u00c9tienne le 1er septembre. Mis en fuite par le g\u00e9rant, il a \u00e9t\u00e9 interpell\u00e9 et plac\u00e9 en d\u00e9tention provisoire.<\/p>\n<p>Les faits remontent au lundi 1er septembre. Un homme de 38 ans est entr\u00e9 dans une sup\u00e9rette de la rue Antoine Durafour, \u00e0 <b>Saint-\u00c9tienne<\/b>, aux alentours de 19h.<\/p>\n<p>Il tente de braquer une sup\u00e9rette \u00e0 Saint-\u00c9tienne<\/p>\n<p>Arm\u00e9 d&rsquo;un couteau et alcoolis\u00e9, le trentenaire voulait repartir avec le contenu de la caisse.<\/p>\n<p>Sauf que malgr\u00e9 ses menaces, le salari\u00e9 du commerce a alert\u00e9 son responsable qui a rapidement mis en fuite le malfaiteur.<\/p>\n<p>Des policiers de la\u00a0Brigade anticriminalit\u00e9 ont inform\u00e9 de la tentative de braquage et ont rapidement interpell\u00e9 l&rsquo;individu, cach\u00e9 dans un immeuble voisin.<\/p>\n<p>Le malfaiteur plac\u00e9 en d\u00e9tention provisoire<\/p>\n<p>D&rsquo;apr\u00e8s <a class=\"url\" href=\"https:\/\/c.leprogres.fr\/faits-divers-justice\/2025\/09\/05\/il-tente-de-braquer-une-superette-avec-un-couteau-a-bout-rond-avant-d-etre-interpelle?login=1\" target=\"_blank\" rel=\"noopener\">Le Progr\u00e8s<\/a>, ce St\u00e9phanois aurait reconnu les faits pendant sa garde \u00e0 vue, affirmant avoir besoin d&rsquo;argent.<\/p>\n<p>Pr\u00e9sent\u00e9 \u00e0 la justice mercredi 3 septembre, il a \u00e9t\u00e9 plac\u00e9 en d\u00e9tention provisoire. Il sera jug\u00e9 par le tribunal correctionnel de Saint-\u00c9tienne dans les prochaines semaines.<\/p>\n<p><img loading=\"lazy\" decoding=\"async\" src=\"https:\/\/www.europesays.com\/fr\/wp-content\/uploads\/2025\/09\/1757082190_487_img\" width=\"350\" height=\"200\" border=\"0\" title=\"La police de la Loire alerte sur une arnaque au faux conseiller bancaire\"\/><\/p>\n<p>\u25baFaits divers<\/p>\n<p style=\"font-size: 22px;\"><b>Loire : les victimes de cette arnaque se multiplient, la police alerte<\/b><\/p>\n<p>Depuis le mois de juillet, une arnaque au faux conseiller&#8230;<\/p>\n<p><\/p>\n","protected":false},"excerpt":{"rendered":"Un homme a tent\u00e9 de braquer une sup\u00e9rette \u00e0 Saint-\u00c9tienne le 1er septembre. Mis en fuite par le&hellip;\n","protected":false},"author":2,"featured_media":368347,"comment_status":"","ping_status":"","sticky":false,"template":"","format":"standard","meta":{"footnotes":""},"categories":[9653],"tags":[1111,11,2430,6941,1777,674,6017,1011,27,12,1072,25,9920,4001,50292],"class_list":{"0":"post-368346","1":"post","2":"type-post","3":"status-publish","4":"format-standard","5":"has-post-thumbnail","7":"category-saint-etienne","8":"tag-actu","9":"tag-actualites","10":"tag-auvergne-rhone-alpes","11":"tag-braquage","12":"tag-eu","13":"tag-europe","14":"tag-fait-divers","15":"tag-fr","16":"tag-france","17":"tag-news","18":"tag-police","19":"tag-republique-francaise","20":"tag-saint-tienne","21":"tag-saint-etienne","22":"tag-suprette"},"share_on_mastodon":{"url":"https:\/\/pubeurope.com\/@fr\/115152146213796697","error":""},"_links":{"self":[{"href":"https:\/\/www.europesays.com\/fr\/wp-json\/wp\/v2\/posts\/368346","targetHints":{"allow":["GET"]}}],"collection":[{"href":"https:\/\/www.europesays.com\/fr\/wp-json\/wp\/v2\/posts"}],"about":[{"href":"https:\/\/www.europesays.com\/fr\/wp-json\/wp\/v2\/types\/post"}],"author":[{"embeddable":true,"href":"https:\/\/www.europesays.com\/fr\/wp-json\/wp\/v2\/users\/2"}],"replies":[{"embeddable":true,"href":"https:\/\/www.europesays.com\/fr\/wp-json\/wp\/v2\/comments?post=368346"}],"version-history":[{"count":0,"href":"https:\/\/www.europesays.com\/fr\/wp-json\/wp\/v2\/posts\/368346\/revisions"}],"wp:featuredmedia":[{"embeddable":true,"href":"https:\/\/www.europesays.com\/fr\/wp-json\/wp\/v2\/media\/368347"}],"wp:attachment":[{"href":"https:\/\/www.europesays.com\/fr\/wp-json\/wp\/v2\/media?parent=368346"}],"wp:term":[{"taxonomy":"category","embeddable":true,"href":"https:\/\/www.europesays.com\/fr\/wp-json\/wp\/v2\/categories?post=368346"},{"taxonomy":"post_tag","embeddable":true,"href":"https:\/\/www.europesays.com\/fr\/wp-json\/wp\/v2\/tags?post=368346"}],"curies":[{"name":"wp","href":"https:\/\/api.w.org\/{rel}","templated":true}]}}