{"id":368350,"date":"2025-09-05T14:25:27","date_gmt":"2025-09-05T14:25:27","guid":{"rendered":"https:\/\/www.europesays.com\/fr\/368350\/"},"modified":"2025-09-05T14:25:27","modified_gmt":"2025-09-05T14:25:27","slug":"video-le-pari-audacieux-de-nancy-et-thomas-quatrieme-generation-dagriculteurs-ils-se-lancent-dans-la-baie-de-goji","status":"publish","type":"post","link":"https:\/\/www.europesays.com\/fr\/368350\/","title":{"rendered":"VIDEO- Le pari audacieux de Nancy et Thomas : quatri\u00e8me g\u00e9n\u00e9ration d&rsquo;agriculteurs, ils se lancent dans la baie de Goji"},"content":{"rendered":"<p>Quatri\u00e8me g\u00e9n\u00e9ration d&rsquo;une famille d\u2019agriculteurs, Nancy et Thomas ont d\u00e9cid\u00e9 de se lancer dans la culture de la baie de Goji. Entre traditions et innovations, \u00e0 Castillon-du-Gard, pr\u00e8s de N\u00eemes, ils r\u00e9volutionnent l\u2019avenir de l\u2019agriculture familiale. Un pari audacieux.<\/p>\n<p>C&rsquo;est un jour de r\u00e9colte au pied du village de Castillon-du-Gard. Dans les rangs de baies de Goji, Thomas et Nancy Crivellaro, les benjamins d&rsquo;une famille d&rsquo;exploitants agricoles, cueillent les petits fruits rouges arriv\u00e9s \u00e0 maturit\u00e9.<\/p>\n<p>Un joli petit fruit rouge\u00a0:\u00a0 \u00ab\u00a0un pari un peu fou\u00a0\u00bb<\/p>\n<p>En 2018, \u00e0 26 ans, c&rsquo;est Nancy qui a eu l&rsquo;id\u00e9e de planter des arbustes de ce fruit originaire de Chine sur le domaine familial, en compl\u00e9ment de la vigne et des fruitiers\u00a0: \u201cJe me suis dit qu&rsquo;il fallait apporter un c\u00f4t\u00e9 peps et nouveau. Donc, apr\u00e8s plusieurs recherches, je suis tomb\u00e9e sur la baie de Goji. Ce joli petit fruit, rouge et brillant, me correspondait peut-\u00eatre. C&rsquo;\u00e9tait un pari un peu fou de planter deux hectares et demi\u2026\u201d<\/p>\n<p><img loading=\"lazy\" decoding=\"async\" class=\"VisualPreview svelte-1rldrkz\" src=\"data:image\/jpeg;base64,\/9j\/2wBDACgcHiMeGSgjISMtKygwPGRBPDc3PHtYXUlkkYCZlo+AjIqgtObDoKrarYqMyP\/L2u71\/\/\/\/m8H\/\/\/\/6\/+b9\/\/j\/2wBDASstLTw1PHZBQXb4pYyl+Pj4+Pj4+Pj4+Pj4+Pj4+Pj4+Pj4+Pj4+Pj4+Pj4+Pj4+Pj4+Pj4+Pj4+Pj4+Pj4+Pj\/wAARCAAXACoDASIAAhEBAxEB\/8QAGAAAAwEBAAAAAAAAAAAAAAAAAAIDAQT\/xAAYEAEBAQEBAAAAAAAAAAAAAAAAAQIREv\/EABYBAQEBAAAAAAAAAAAAAAAAAAABAv\/EABURAQEAAAAAAAAAAAAAAAAAAAAR\/9oADAMBAAIRAxEAPwCbY3hplgjIKbyLFpEtJ8W1CcKjpmTTICNN8luQAT1E+AA\/\/9k=\" alt=\"Thomas et Nancy Crivellaro, les benjamins de la famille, \u00e0 l'origine de la diversification vers la baie de Goji\" width=\"600\" height=\"337\"\/>  Thomas et Nancy Crivellaro, les benjamins de la famille, \u00e0 l&rsquo;origine de la diversification vers la baie de Goji \u00a9 France T\u00e9l\u00e9visions <a href=\"https:\/\/www.youtube.com\/watch?v=JkI_jRUpyFM\" target=\"_blank\" rel=\"noopener noreferrer nofollow\" class=\"Youtube svelte-15adm43\" style=\"background-image: url(https:\/\/i.ytimg.com\/vi\/JkI_jRUpyFM\/sddefault.jpg);\"><\/p>\n<p>Titre NIME FAMILLE CRIVALLERO LE PARI D UNE BAIES DE GOJI FRANCAISE<\/p>\n<p> <\/a> Quatri\u00e8me g\u00e9n\u00e9ration d&rsquo;agriculteurs<\/p>\n<p>Avec son fr\u00e8re, ils sont la quatri\u00e8me g\u00e9n\u00e9ration \u00e0 travailler au sein de l&rsquo;exploitation familiale. Avant eux, Serge, le papa et Jean-Pierre, le grand-p\u00e8re, ont, eux aussi, pris la succession de leur a\u00efeul. Loin d&rsquo;\u00eatre un poids, le soutien des anciens est un plus dans la transmission de l&rsquo;exp\u00e9rience, comme le confie Thomas Crivellaro\u00a0: \u201cil y a toujours des d\u00e9bats, quand mon p\u00e8re et mon grand-p\u00e8re me parlent de l&rsquo;ancienne \u00e9poque. Car moi, je fais partie de la nouvelle g\u00e9n\u00e9ration. Alors, quand ils m\u2019expliquent comment ils travaillaient, c&rsquo;est assez compliqu\u00e9. Mais, on s&rsquo;entend toujours bien. Et, on essaye ensemble de trouver la meilleure m\u00e9thode.\u201d<\/p>\n<p>\u00ab\u00a0Pers\u00e9v\u00e9rer et ne pas perdre espoir<\/p>\n<p>Accompagner et faire confiance, c&rsquo;est peut-\u00eatre le secret d&rsquo;un passage de relais r\u00e9ussi, comme entre Serge et son p\u00e8re, \u00e0 la fin des ann\u00e9es 80 : \u201cIl \u00e9tait \u00e0 c\u00f4t\u00e9 de moi, car j&rsquo;\u00e9tais encore jeune pour le d\u00e9marrage. Donc, j&rsquo;avais besoin de m\u2019appuyer sur les \u00e9paules de quelqu&rsquo;un qui avait de l&rsquo;exp\u00e9rience. Et c&rsquo;est ce qui m&rsquo;a permis d&rsquo;avancer, d&rsquo;apprendre au fil du temps, et de le transmettre aussi \u00e0 mes enfants.<br \/>Du haut de ses 83 ans, Jean-Pierre Crivellaro est aujourd&rsquo;hui observateur de la vie de l&rsquo;exploitation, m\u00eame s&rsquo;il n&rsquo;h\u00e9site pas \u00e0 donner un coup de main et \u00e0 dispenser quelques conseils \u00e0 ses petits-enfants\u00a0: \u201cpers\u00e9v\u00e9rer, ne pas perdre espoir. Parce que, dans l&rsquo;agriculture. Il y a des hauts et des bas. Et, les bas sont souvent tr\u00e8s difficiles \u00e0 passer. Mais il ne faut pas d\u00e9sesp\u00e9rer\u201d.<\/p>\n<p><img loading=\"lazy\" decoding=\"async\" class=\"VisualPreview svelte-1rldrkz\" src=\"data:image\/jpeg;base64,\/9j\/2wBDACgcHiMeGSgjISMtKygwPGRBPDc3PHtYXUlkkYCZlo+AjIqgtObDoKrarYqMyP\/L2u71\/\/\/\/m8H\/\/\/\/6\/+b9\/\/j\/2wBDASstLTw1PHZBQXb4pYyl+Pj4+Pj4+Pj4+Pj4+Pj4+Pj4+Pj4+Pj4+Pj4+Pj4+Pj4+Pj4+Pj4+Pj4+Pj4+Pj4+Pj\/wAARCAAXACoDASIAAhEBAxEB\/8QAGAAAAwEBAAAAAAAAAAAAAAAAAAECAwT\/xAAYEAEBAQEBAAAAAAAAAAAAAAAAARESAv\/EABYBAQEBAAAAAAAAAAAAAAAAAAEAA\/\/EABYRAQEBAAAAAAAAAAAAAAAAAAABAv\/aAAwDAQACEQMRAD8AejUacoYTK4qVnKrS0kaz0rth0OgXPqpQCouU9ARK0tACf\/\/Z\" alt=\"Le passage de relais entre g\u00e9n\u00e9rations est une habitude chez les Crivellaro\" width=\"600\" height=\"337\"\/>  Le passage de relais entre g\u00e9n\u00e9rations est une habitude chez les Crivellaro \u00a9 France T\u00e9l\u00e9visions  Une fiert\u00e9 familiale<\/p>\n<p>Le p\u00e8re et le grand-p\u00e8re ne cachent pas leur fiert\u00e9 de voir leurs descendants perp\u00e9tuer la vie du domaine familial, malgr\u00e9 le contexte difficile et les remises en question incessantes du monde agricole.<\/p>\n<p><strong>Reportage\u00a0:J. Curato \/ D.Iberrakene\/ N.Pagnotta de France 3 Pays Gardois<\/strong><\/p>\n","protected":false},"excerpt":{"rendered":"Quatri\u00e8me g\u00e9n\u00e9ration d&rsquo;une famille d\u2019agriculteurs, Nancy et Thomas ont d\u00e9cid\u00e9 de se lancer dans la culture de la&hellip;\n","protected":false},"author":2,"featured_media":368351,"comment_status":"","ping_status":"","sticky":false,"template":"","format":"standard","meta":{"footnotes":""},"categories":[9635],"tags":[1111,11,1777,674,1011,27,775,1702,12,25],"class_list":{"0":"post-368350","1":"post","2":"type-post","3":"status-publish","4":"format-standard","5":"has-post-thumbnail","7":"category-nancy","8":"tag-actu","9":"tag-actualites","10":"tag-eu","11":"tag-europe","12":"tag-fr","13":"tag-france","14":"tag-grand-est","15":"tag-nancy","16":"tag-news","17":"tag-republique-francaise"},"share_on_mastodon":{"url":"https:\/\/pubeurope.com\/@fr\/115152153765123835","error":""},"_links":{"self":[{"href":"https:\/\/www.europesays.com\/fr\/wp-json\/wp\/v2\/posts\/368350","targetHints":{"allow":["GET"]}}],"collection":[{"href":"https:\/\/www.europesays.com\/fr\/wp-json\/wp\/v2\/posts"}],"about":[{"href":"https:\/\/www.europesays.com\/fr\/wp-json\/wp\/v2\/types\/post"}],"author":[{"embeddable":true,"href":"https:\/\/www.europesays.com\/fr\/wp-json\/wp\/v2\/users\/2"}],"replies":[{"embeddable":true,"href":"https:\/\/www.europesays.com\/fr\/wp-json\/wp\/v2\/comments?post=368350"}],"version-history":[{"count":0,"href":"https:\/\/www.europesays.com\/fr\/wp-json\/wp\/v2\/posts\/368350\/revisions"}],"wp:featuredmedia":[{"embeddable":true,"href":"https:\/\/www.europesays.com\/fr\/wp-json\/wp\/v2\/media\/368351"}],"wp:attachment":[{"href":"https:\/\/www.europesays.com\/fr\/wp-json\/wp\/v2\/media?parent=368350"}],"wp:term":[{"taxonomy":"category","embeddable":true,"href":"https:\/\/www.europesays.com\/fr\/wp-json\/wp\/v2\/categories?post=368350"},{"taxonomy":"post_tag","embeddable":true,"href":"https:\/\/www.europesays.com\/fr\/wp-json\/wp\/v2\/tags?post=368350"}],"curies":[{"name":"wp","href":"https:\/\/api.w.org\/{rel}","templated":true}]}}