{"id":368354,"date":"2025-09-05T14:27:11","date_gmt":"2025-09-05T14:27:11","guid":{"rendered":"https:\/\/www.europesays.com\/fr\/368354\/"},"modified":"2025-09-05T14:27:11","modified_gmt":"2025-09-05T14:27:11","slug":"toulon-lhomme-sous-lorage-de-gaelle-nohant","status":"publish","type":"post","link":"https:\/\/www.europesays.com\/fr\/368354\/","title":{"rendered":"TOULON : \u00ab\u00a0L&rsquo;homme sous l&rsquo;orage\u00a0\u00bb, de Ga\u00eblle NOHANT"},"content":{"rendered":"<p style=\"text-align: left;\"><strong>En cette semaine de rentr\u00e9e, il est temps, plus que jamais, de s\u2019\u00e9vader !<\/strong><\/p>\n<p style=\"text-align: left;\">Pour trouver une bonne raison de se lever, chercher un peu de magie ou d\u00e9nicher la joie l\u00e0 o\u00f9 on ne l\u2019attend pas, notre librairie vous ouvre grand ses bras !<\/p>\n<p style=\"text-align: left;\"><strong>Un \u00e9clat de lumi\u00e8re dans la nuit la plus noire<\/strong><\/p>\n<p style=\"text-align: left;\">C\u2019est un roman bouleversant qui nous saisit d\u00e8s les premi\u00e8res pages par la tension narrative qui pr\u00e9dit l\u2019annonce d\u2019un grondement \u00e0 venir. L\u2019auteure \u00e9crit l\u2019orage int\u00e9rieur avec puissance et une infinie tendresse pour l\u2019humain au coeur de la tourmente. \u00c0 travers des dilemmes d\u00e9chirants, chaque page interroge sur l\u2019engagement, le d\u00e9sespoir et parfois la honte. Les personnages sont d\u2019une force bouleversante. Ils portent sur leur \u00e9paules le poids du temps, du devoir et parfois de l\u2019amour.<\/p>\n<p style=\"text-align: left;\"><a href=\"https:\/\/t.communication.libraires-ensemble.com\/l2\/82ulhLvNV29\/358228\/4129938739.html?s=20\" rel=\"nofollow noopener\" target=\"_blank\">je le commande<\/a><\/p>\n<p style=\"text-align: left;\"><strong>SOURCE : Librairie Charlemagne Toulon.<\/strong><\/p>\n","protected":false},"excerpt":{"rendered":"En cette semaine de rentr\u00e9e, il est temps, plus que jamais, de s\u2019\u00e9vader ! Pour trouver une bonne&hellip;\n","protected":false},"author":2,"featured_media":368355,"comment_status":"","ping_status":"","sticky":false,"template":"","format":"standard","meta":{"footnotes":""},"categories":[9619],"tags":[1111,11,1777,674,1011,27,12,882,25,2310],"class_list":{"0":"post-368354","1":"post","2":"type-post","3":"status-publish","4":"format-standard","5":"has-post-thumbnail","7":"category-toulon","8":"tag-actu","9":"tag-actualites","10":"tag-eu","11":"tag-europe","12":"tag-fr","13":"tag-france","14":"tag-news","15":"tag-provence-alpes-cote-dazur","16":"tag-republique-francaise","17":"tag-toulon"},"share_on_mastodon":{"url":"https:\/\/pubeurope.com\/@fr\/115152161577220453","error":""},"_links":{"self":[{"href":"https:\/\/www.europesays.com\/fr\/wp-json\/wp\/v2\/posts\/368354","targetHints":{"allow":["GET"]}}],"collection":[{"href":"https:\/\/www.europesays.com\/fr\/wp-json\/wp\/v2\/posts"}],"about":[{"href":"https:\/\/www.europesays.com\/fr\/wp-json\/wp\/v2\/types\/post"}],"author":[{"embeddable":true,"href":"https:\/\/www.europesays.com\/fr\/wp-json\/wp\/v2\/users\/2"}],"replies":[{"embeddable":true,"href":"https:\/\/www.europesays.com\/fr\/wp-json\/wp\/v2\/comments?post=368354"}],"version-history":[{"count":0,"href":"https:\/\/www.europesays.com\/fr\/wp-json\/wp\/v2\/posts\/368354\/revisions"}],"wp:featuredmedia":[{"embeddable":true,"href":"https:\/\/www.europesays.com\/fr\/wp-json\/wp\/v2\/media\/368355"}],"wp:attachment":[{"href":"https:\/\/www.europesays.com\/fr\/wp-json\/wp\/v2\/media?parent=368354"}],"wp:term":[{"taxonomy":"category","embeddable":true,"href":"https:\/\/www.europesays.com\/fr\/wp-json\/wp\/v2\/categories?post=368354"},{"taxonomy":"post_tag","embeddable":true,"href":"https:\/\/www.europesays.com\/fr\/wp-json\/wp\/v2\/tags?post=368354"}],"curies":[{"name":"wp","href":"https:\/\/api.w.org\/{rel}","templated":true}]}}