{"id":368363,"date":"2025-09-05T14:34:13","date_gmt":"2025-09-05T14:34:13","guid":{"rendered":"https:\/\/www.europesays.com\/fr\/368363\/"},"modified":"2025-09-05T14:34:13","modified_gmt":"2025-09-05T14:34:13","slug":"que-grenoble-noublie-pas-un-an-apres-la-mort-de-lilian-dejean-un-visage-toujours-tres-present","status":"publish","type":"post","link":"https:\/\/www.europesays.com\/fr\/368363\/","title":{"rendered":"\u00ab\u00a0Que Grenoble n&rsquo;oublie pas \u00ab\u00a0: un an apr\u00e8s la mort de Lilian Dejean, un visage toujours tr\u00e8s pr\u00e9sent"},"content":{"rendered":"<p>Le 8 septembre 2024, Lilian Dejean \u00e9tait tu\u00e9 par balle pr\u00e8s du stade des Alpes. Un an apr\u00e8s, ce lundi, des hommages seront rendus \u00e0 l&rsquo;agent municipal mort \u00e0 l&rsquo;\u00e2ge de 49 ans et p\u00e8re de deux enfants. Un moment particulier pour ses proches et notamment St\u00e9phane Echinard, son ami d&rsquo;enfance.<\/p>\n<p>Ce lundi 8 septembre 2025, cela fera donc un an, jour pour jour, que Lilian Dejean a \u00e9t\u00e9\u00a0<a class=\"IciLink ici-link IciArticleLink g-ici-body-regular-1 underline brand svelte-lu7k6w\" href=\"https:\/\/www.francebleu.fr\/infos\/faits-divers-justice\/coups-de-feu-a-grenoble-un-agent-municipal-entre-la-vie-et-la-mort-le-tireur-activement-recherche-2762610\" rel=\"nofollow noopener\" target=\"_blank\">tu\u00e9 boulevard Jean-Pain \u00e0 Grenoble.<\/a>\u00a0Abattu un dimanche matin par un homme qui venait de provoquer un accident de la route et qui sera\u00a0<a class=\"IciLink ici-link IciArticleLink g-ici-body-regular-1 underline brand svelte-lu7k6w\" href=\"https:\/\/www.francebleu.fr\/infos\/faits-divers-justice\/meurtre-de-lilian-dejean-les-details-de-l-arrestation-du-suspect-abdoul-diallo-8412028\" rel=\"nofollow noopener\" target=\"_blank\">interpell\u00e9 74 jours apr\u00e8s les faits, au Portugal<\/a>. Le meurtre de cet agent municipal, responsable du service de propret\u00e9 urbaine de la ville de Grenoble, avait \u00e9mu toute la capitale des Alpes et m\u00eame au-del\u00e0. Une marche blanche avait d&rsquo;ailleurs \u00e9t\u00e9 organis\u00e9e dans la foul\u00e9e par ses proches, r\u00e9unissant un millier de personnes. Et notamment St\u00e9phane Echinard, journaliste au Dauphin\u00e9 Lib\u00e9r\u00e9 et ami d&rsquo;enfance de Lilian Dejean.<\/p>\n<p>\u00ab\u00a0Des souvenirs qui remontent&#8230;\u00a0\u00bb<\/p>\n<p>\u00ab\u00a0C&rsquo;est inoubliable\u00a0\u00bb, raconte St\u00e9phane Echinard en pensant \u00e0 ce dimanche 8 septembre 2024. \u00ab\u00a0On continue \u00e0 avancer mais on y pense quasiment tous les jours. L&rsquo;autre jour, j&rsquo;\u00e9crivais un petit \u00e9dito pour le Dauphin\u00e9 Lib\u00e9r\u00e9\u00a0<a target=\"_blank\" rel=\"nofollow noopener noreferrer\" class=\"IciLink ici-link IciArticleLink g-ici-body-regular-1 underline brand svelte-lu7k6w\" href=\"https:\/\/www.ledauphine.com\/education\/2025\/09\/01\/la-rentree-des-classes-temoin-du-temps-qui-passe\">sur la rentr\u00e9e scolaire<\/a>\u00a0et je l&rsquo;ai forc\u00e9ment termin\u00e9 en faisant une mention \u00e0 Keziah dont c&rsquo;\u00e9tait la premi\u00e8re rentr\u00e9e sans son papa. <strong>Il y a plein de choses qui nous font penser \u00e0 Lilian tout le temps.<\/strong> Quand on va en ville, vers le march\u00e9 de l&rsquo;Estacade, on voit cette <a class=\"IciLink ici-link IciArticleLink g-ici-body-regular-1 underline brand svelte-lu7k6w\" href=\"https:\/\/www.francebleu.fr\/emissions\/l-info-d-ici-a-7h30-ici-isere\/photos-grenoble-une-fresque-en-hommage-a-lilian-dejean-dessinee-au-marche-de-l-estacade-7034216\" rel=\"nofollow noopener\" target=\"_blank\">belle fresque qui lui rend hommage<\/a>. Il y a plein de moments comme \u00e7a, plein de souvenirs qui remontent, on y pense vraiment tr\u00e8s souvent.\u00a0\u00bb<\/p>\n<p>Un tournoi de basket en sa m\u00e9moire<\/p>\n<p>Les amis de Lilian Dejean, qui a grandi au village olympique, ont organis\u00e9 en juin dernier un tournoi de basket en sa m\u00e9moire. \u00ab\u00a0En\u00a0fait, c&rsquo;\u00e9tait une id\u00e9e de Lilian. C&rsquo;\u00e9tait un bon basketteur et, d\u00e8s qu&rsquo;il croisait un ancien, il demandait \u00ab\u00a0quand est-ce qu&rsquo;on se retrouve pour jouer\u00a0? <strong>C&rsquo;est con mais on l&rsquo;a fait maintenant qu&rsquo;il n&rsquo;est plus l\u00e0.<\/strong> On l&rsquo;a fait au gymnase de la Villeneuve. On \u00e9tait 60 ou 70 avec un copain de Lilian qui est venu d&rsquo;Allemagne avec son fils. Des gens venus de Marseille&#8230; On s&rsquo;est retrouv\u00e9s au si\u00e8ge de l&rsquo;US Village Olympique \u00e0 manger des pizzas jusqu&rsquo;\u00e0 je ne sais quelle heure. C&rsquo;est quelque chose qu&rsquo;on voudra perp\u00e9tuer. C&rsquo;est toujours quand il y a des mauvaises nouvelles qu&rsquo;on se dit qu&rsquo;il faut qu&rsquo;on pense au temps qui passe. L\u00e0, \u00e7a s&rsquo;impose \u00e0 nous.\u00a0\u00bb<\/p>\n<p><img loading=\"lazy\" decoding=\"async\" class=\"VisualPreview svelte-1rldrkz\" src=\"data:image\/jpeg;base64,\/9j\/2wBDACgcHiMeGSgjISMtKygwPGRBPDc3PHtYXUlkkYCZlo+AjIqgtObDoKrarYqMyP\/L2u71\/\/\/\/m8H\/\/\/\/6\/+b9\/\/j\/2wBDASstLTw1PHZBQXb4pYyl+Pj4+Pj4+Pj4+Pj4+Pj4+Pj4+Pj4+Pj4+Pj4+Pj4+Pj4+Pj4+Pj4+Pj4+Pj4+Pj4+Pj\/wAARCAAfACoDASIAAhEBAxEB\/8QAFwAAAwEAAAAAAAAAAAAAAAAAAAECA\/\/EABgQAQEBAQEAAAAAAAAAAAAAAAABEQIS\/8QAFwEBAQEBAAAAAAAAAAAAAAAAAAECA\/\/EABURAQEAAAAAAAAAAAAAAAAAAAAR\/9oADAMBAAIRAxEAPwDCcHOWvkeXNWeHi8GAmQzwYyNbCsWVVUYWLIokAag\/\/9k=\" alt=\"\u00c2g\u00e9 de 49 ans, Lilian Dejean a \u00e9t\u00e9 tu\u00e9 apr\u00e8s \u00eatre intervenu suite \u00e0 un accident de la circulation.\" width=\"600\" height=\"450\"\/>  \u00c2g\u00e9 de 49 ans, Lilian Dejean a \u00e9t\u00e9 tu\u00e9 apr\u00e8s \u00eatre intervenu suite \u00e0 un accident de la circulation. \u00a9 Radio France &#8211; Julien BalidasDes hommages ce lundi 8 septembre<\/p>\n<p>Ce lundi 8 septembre, un an jour pour jour apr\u00e8s le\u00a0<a class=\"IciLink ici-link IciArticleLink g-ici-body-regular-1 underline brand svelte-lu7k6w\" href=\"https:\/\/www.francebleu.fr\/infos\/faits-divers-justice\/coups-de-feu-a-grenoble-un-agent-municipal-entre-la-vie-et-la-mort-le-tireur-activement-recherche-2762610\" rel=\"nofollow noopener\" target=\"_blank\">meurtre de Lilian Dejean,<\/a>\u00a0plusieurs hommages seront rendus\u00a0: une plaque sera inaugur\u00e9e devant la mairie de Grenoble en fin de matin\u00e9e. Ses coll\u00e8gues de la propret\u00e9 urbaine ont pr\u00e9vu de se recueillir \u00e9galement sur place. Une fresque sera aussi d\u00e9voil\u00e9e sur son lieu de travail (la d\u00e9chetterie Jacquard) un peu plus t\u00f4t. Un moment qui sera forc\u00e9ment rempli d&rsquo;\u00e9motion pour St\u00e9phane et les proches\u00a0: \u00ab\u00a0<strong>Je ne connais pas une personne qui a connu Lilian qui ne pense pas \u00e0 lui en passant sous le pont du stade des Alpes.<\/strong> Le fait de se retrouver l\u00e0, \u00e7a va \u00eatre fort en \u00e9motion. On va \u00eatre \u00e9mus mais, ce qui est paradoxal, c&rsquo;est que ce sera aussi fort en rigolade. Quand on se retrouve, c&rsquo;est toujours chouette. C&rsquo;est ce qu&rsquo;il faut retenir de Lilian, c&rsquo;\u00e9tait le sourire. C&rsquo;\u00e9tait tr\u00e8s fort chez Lilian \u00e7a, \u00eatre dans la transmission et dans le lien. Il y a un lien qui s&rsquo;est retiss\u00e9 \u00e0 cause de \u00e7a et c&rsquo;est un lien qui va \u00eatre assez indestructible. On n&rsquo;oubliera pas. <strong>Il y aura le proc\u00e8s et pas mal de choses qui vont se passer derri\u00e8re mais, collectivement,il ne faut pas qu&rsquo;on oublie, il ne faut pas que Grenoble oublie.\u00a0\u00bb<\/strong><\/p>\n<p>\u00c0 lire aussi   <img decoding=\"async\" src=\"https:\/\/www.europesays.com\/fr\/wp-content\/uploads\/2025\/09\/1757082853_942_560x315\" alt=\"\u00c2g\u00e9 de 49 ans, Lilian Dejean a \u00e9t\u00e9 tu\u00e9 apr\u00e8s \u00eatre intervenu suite \u00e0 un accident de la circulation.\" style=\"--_image-preview:url('data:image\/jpeg;base64,\/9j\/2wBDACgcHiMeGSgjISMtKygwPGRBPDc3PHtYXUlkkYCZlo+AjIqgtObDoKrarYqMyP\/L2u71\/\/\/\/m8H\/\/\/\/6\/+b9\/\/j\/2wBDASstLTw1PHZBQXb4pYyl+Pj4+Pj4+Pj4+Pj4+Pj4+Pj4+Pj4+Pj4+Pj4+Pj4+Pj4+Pj4+Pj4+Pj4+Pj4+Pj4+Pj\/wAARCAAXACoDASIAAhEBAxEB\/8QAFwABAQEBAAAAAAAAAAAAAAAAAAMBAv\/EABgQAQEBAQEAAAAAAAAAAAAAAAAREgEC\/8QAFwEBAQEBAAAAAAAAAAAAAAAAAAECA\/\/EABYRAQEBAAAAAAAAAAAAAAAAAAABEf\/aAAwDAQACEQMRAD8A475ZlbvGRz1UsmVIQE8kUhGaqjAUYAAAg\/\/Z');\" loading=\"lazy\" fetchpriority=\"low\" aria-hidden=\"true\" class=\"svelte-1pnmlwx rounded\" onload=\"this.__e=event\" onerror=\"this.__e=event\"\/><\/p>\n","protected":false},"excerpt":{"rendered":"Le 8 septembre 2024, Lilian Dejean \u00e9tait tu\u00e9 par balle pr\u00e8s du stade des Alpes. Un an apr\u00e8s,&hellip;\n","protected":false},"author":2,"featured_media":368364,"comment_status":"","ping_status":"","sticky":false,"template":"","format":"standard","meta":{"footnotes":""},"categories":[9566],"tags":[1111,11,2430,1777,674,1011,27,2731,12,25],"class_list":{"0":"post-368363","1":"post","2":"type-post","3":"status-publish","4":"format-standard","5":"has-post-thumbnail","7":"category-grenoble","8":"tag-actu","9":"tag-actualites","10":"tag-auvergne-rhone-alpes","11":"tag-eu","12":"tag-europe","13":"tag-fr","14":"tag-france","15":"tag-grenoble","16":"tag-news","17":"tag-republique-francaise"},"share_on_mastodon":{"url":"https:\/\/pubeurope.com\/@fr\/115152189280383293","error":""},"_links":{"self":[{"href":"https:\/\/www.europesays.com\/fr\/wp-json\/wp\/v2\/posts\/368363","targetHints":{"allow":["GET"]}}],"collection":[{"href":"https:\/\/www.europesays.com\/fr\/wp-json\/wp\/v2\/posts"}],"about":[{"href":"https:\/\/www.europesays.com\/fr\/wp-json\/wp\/v2\/types\/post"}],"author":[{"embeddable":true,"href":"https:\/\/www.europesays.com\/fr\/wp-json\/wp\/v2\/users\/2"}],"replies":[{"embeddable":true,"href":"https:\/\/www.europesays.com\/fr\/wp-json\/wp\/v2\/comments?post=368363"}],"version-history":[{"count":0,"href":"https:\/\/www.europesays.com\/fr\/wp-json\/wp\/v2\/posts\/368363\/revisions"}],"wp:featuredmedia":[{"embeddable":true,"href":"https:\/\/www.europesays.com\/fr\/wp-json\/wp\/v2\/media\/368364"}],"wp:attachment":[{"href":"https:\/\/www.europesays.com\/fr\/wp-json\/wp\/v2\/media?parent=368363"}],"wp:term":[{"taxonomy":"category","embeddable":true,"href":"https:\/\/www.europesays.com\/fr\/wp-json\/wp\/v2\/categories?post=368363"},{"taxonomy":"post_tag","embeddable":true,"href":"https:\/\/www.europesays.com\/fr\/wp-json\/wp\/v2\/tags?post=368363"}],"curies":[{"name":"wp","href":"https:\/\/api.w.org\/{rel}","templated":true}]}}