{"id":368365,"date":"2025-09-05T14:35:20","date_gmt":"2025-09-05T14:35:20","guid":{"rendered":"https:\/\/www.europesays.com\/fr\/368365\/"},"modified":"2025-09-05T14:35:20","modified_gmt":"2025-09-05T14:35:20","slug":"que-faire-ce-week-end-a-rennes-et-alentours-2","status":"publish","type":"post","link":"https:\/\/www.europesays.com\/fr\/368365\/","title":{"rendered":"Que faire ce week-end \u00e0 Rennes et alentours ?"},"content":{"rendered":"<p class=\"p3\" style=\"text-align: justify;\">Ce premier week-end de septembre s\u2019annonce riche en rendez-vous festifs, culturels et musicaux :<\/p>\n<p><img fetchpriority=\"high\" decoding=\"async\" class=\"alignnone size-medium wp-image-104866\" src=\"data:image\/svg+xml,%3Csvg%20xmlns=\" http:=\"\" alt=\"\" width=\"600\" height=\"458\" data-wp-pid=\"104866\" data-lazy- data-lazy- data-lazy-src=\"https:\/\/www.europesays.com\/fr\/wp-content\/uploads\/2025\/09\/SJF_SiteInternet-scaled.jpg-600x458.webp.webp\"\/><\/p>\n<ul style=\"text-align: justify;\">\n<li>\n<p class=\"p1\"><b>St-Jacques-en-f\u00eate<\/b> (5 au 7 septembre) : grand temps fort de la rentr\u00e9e \u00e0 Saint-Jacques-de-la-Lande. <a href=\"https:\/\/www.st-jacques.fr\/evenement\/st-jacques-en-fete\/\" rel=\"nofollow noopener\" target=\"_blank\">Voir leur site.\u00a0<\/a><\/p>\n<\/li>\n<li>\n<p class=\"p1\"><b>Portes ouvertes<\/b> : Maison Bleue (6 sept. 17h-20h30), MJC Grand Cordel (6 sept. 10h-13h), La Belle D\u00e9chette (6 sept. 10h-18h).<\/p>\n<\/li>\n<li>Le retour du <strong>March\u00e9 \u00e0 manger,<\/strong> ce dimanche, sous Les Halles centrales, \u00e0 partir de 11 h, sous le th\u00e8me saucisse party.\u00a0<\/li>\n<li>\n<p class=\"p1\"><b>Concerts<\/b> : \u00d4dette Quartet (6 sept. 20h, Babazula), Th\u00e9r\u00e8se fait sa rentr\u00e9e (6 sept., place du Souvenir), Fest-noz de rentr\u00e9e (6 sept., Ferme de la Harpe, \u00e0 partir de 18 h), <a href=\"https:\/\/www.tourisme-rennes.com\/sortir\/les-detonantes2-la-cite\/\" rel=\"nofollow noopener\" target=\"_blank\">Les D\u00e9tonantes<\/a> (6 sept., Salle de la Cit\u00e9, \u00e0 partir de 18 h), <a href=\"https:\/\/shotgun.live\/fr\/events\/summer-breizh\" rel=\"nofollow noopener\" target=\"_blank\">Open Air \u00e9lectronique<\/a> (6 sept., parc des Gayeulles).<\/p>\n<\/li>\n<li>\n<p class=\"p1\"><b>Festival Un Des Sens<\/b> (6-7 sept., village d\u2019Alfonse) : \u00e9dition consacr\u00e9e au sens du toucher. <a href=\"https:\/\/www.facebook.com\/events\/1244626940679915?locale=fr_FR\" rel=\"nofollow noopener\" target=\"_blank\">Pour plus d\u2019infos.\u00a0<\/a><\/p>\n<\/li>\n<li>\n<p class=\"p1\"><b>Happy Manif<\/b> (6 sept. 15h30 et 18h30, Le Triangle) : d\u00e9ambulation chor\u00e9graphique au Blosne.<\/p>\n<\/li>\n<li>\n<p class=\"p1\"><b>Art et culture<\/b> : performance de Paul Bloas (7 sept. d\u00e8s 10h, M.U.R rue Vasselot), balade d\u2019art urbain (7 sept. 10h30-12h30, Colombier).<\/p>\n<\/li>\n<li>\n<p class=\"p1\"><b>Famille et convivialit\u00e9<\/b> : Trop plein d\u2019humour (7 sept. 15h-20h, La Basse Cour), r\u00e9colte du miel (7 sept. 14h-18h, \u00c9comus\u00e9e de la Bintinais).<\/p>\n<\/li>\n<li>\n<p class=\"p1\"><b>Sport et musique<\/b> : 6e \u00e9dition du Tour de Reine (7 sept. d\u00e8s 13h45, d\u00e9part place de la Mairie, arriv\u00e9e Thabor).<\/p>\n<\/li>\n<li>\n<p class=\"p1\"><b>Festival Au Coin de ma Rue<\/b> (7 sept., d\u00e8s 13h30, centre-ville de Rennes).<\/p>\n<\/li>\n<li>\n<p class=\"p1\"><b>Expositions<\/b> : Fantaisies (Mus\u00e9e des Beaux-Arts de Maurepas, jusqu\u2019au 21 sept.), Carnavals (Mus\u00e9e de Bretagne, jusqu\u2019au 16 nov.), Claire Tabouret (Mus\u00e9e des Beaux-Arts de Rennes).<\/p>\n<\/li>\n<\/ul>\n<p class=\"p3\" style=\"text-align: justify;\"><b>Coup de coeur : la braderie de Villejean<\/b> se tiendra <b>dimanche 7 septembre<\/b>. Les inscriptions des exposants sont \u00e0 r\u00e9aliser uniquement \u00e0 la maison de quartier. Aucun emplacement ne sera r\u00e9serv\u00e9 sans inscription et r\u00e8glement.<\/p>\n","protected":false},"excerpt":{"rendered":"Ce premier week-end de septembre s\u2019annonce riche en rendez-vous festifs, culturels et musicaux : St-Jacques-en-f\u00eate (5 au 7&hellip;\n","protected":false},"author":2,"featured_media":368366,"comment_status":"","ping_status":"","sticky":false,"template":"","format":"standard","meta":{"footnotes":""},"categories":[2821],"tags":[1111,11,829,1777,674,1011,27,12,584,25],"class_list":{"0":"post-368365","1":"post","2":"type-post","3":"status-publish","4":"format-standard","5":"has-post-thumbnail","7":"category-rennes","8":"tag-actu","9":"tag-actualites","10":"tag-bretagne","11":"tag-eu","12":"tag-europe","13":"tag-fr","14":"tag-france","15":"tag-news","16":"tag-rennes","17":"tag-republique-francaise"},"share_on_mastodon":{"url":"https:\/\/pubeurope.com\/@fr\/115152193083122318","error":""},"_links":{"self":[{"href":"https:\/\/www.europesays.com\/fr\/wp-json\/wp\/v2\/posts\/368365","targetHints":{"allow":["GET"]}}],"collection":[{"href":"https:\/\/www.europesays.com\/fr\/wp-json\/wp\/v2\/posts"}],"about":[{"href":"https:\/\/www.europesays.com\/fr\/wp-json\/wp\/v2\/types\/post"}],"author":[{"embeddable":true,"href":"https:\/\/www.europesays.com\/fr\/wp-json\/wp\/v2\/users\/2"}],"replies":[{"embeddable":true,"href":"https:\/\/www.europesays.com\/fr\/wp-json\/wp\/v2\/comments?post=368365"}],"version-history":[{"count":0,"href":"https:\/\/www.europesays.com\/fr\/wp-json\/wp\/v2\/posts\/368365\/revisions"}],"wp:featuredmedia":[{"embeddable":true,"href":"https:\/\/www.europesays.com\/fr\/wp-json\/wp\/v2\/media\/368366"}],"wp:attachment":[{"href":"https:\/\/www.europesays.com\/fr\/wp-json\/wp\/v2\/media?parent=368365"}],"wp:term":[{"taxonomy":"category","embeddable":true,"href":"https:\/\/www.europesays.com\/fr\/wp-json\/wp\/v2\/categories?post=368365"},{"taxonomy":"post_tag","embeddable":true,"href":"https:\/\/www.europesays.com\/fr\/wp-json\/wp\/v2\/tags?post=368365"}],"curies":[{"name":"wp","href":"https:\/\/api.w.org\/{rel}","templated":true}]}}