{"id":368369,"date":"2025-09-05T14:37:11","date_gmt":"2025-09-05T14:37:11","guid":{"rendered":"https:\/\/www.europesays.com\/fr\/368369\/"},"modified":"2025-09-05T14:37:11","modified_gmt":"2025-09-05T14:37:11","slug":"les-enqueteurs-strasbourgeois-lancent-un-appel-a-temoins","status":"publish","type":"post","link":"https:\/\/www.europesays.com\/fr\/368369\/","title":{"rendered":"les enqu\u00eateurs strasbourgeois lancent un appel \u00e0 t\u00e9moins"},"content":{"rendered":"<p>Les policiers du groupe cambriolage de la brigade d\u2019atteinte aux biens lancent un appel \u00e0 t\u00e9moins apr\u00e8s la d\u00e9couverte de bijoux vol\u00e9s, trouv\u00e9s en marge de l\u2019interpellation de quatre cambrioleurs en flagrant d\u00e9lit \u00e0 Ostwald. Les divers colliers, bagues, bo\u00eetes, pi\u00e8ces et montres auraient \u00e9t\u00e9 d\u00e9rob\u00e9s entre le 1er janvier et le 26 ao\u00fbt, date de l\u2019arrestation des suspects, dans la r\u00e9gion Grand Est. Les mis en cause ont \u00e9t\u00e9 condamn\u00e9s le 29 ao\u00fbt lors de l\u2019audience des comparutions imm\u00e9diates.<\/p>\n<p>Ce contenu est bloqu\u00e9 car vous n&rsquo;avez pas accept\u00e9 les cookies et autres traceurs.<\/p>\n<p>En cliquant sur \u00ab J\u2019accepte \u00bb, les cookies et autres traceurs seront d\u00e9pos\u00e9s et vous pourrez visualiser les contenus  (<a href=\"\" class=\"consentModule_policy\" target=\"_blank\" title=\"Consulter la politique de protection des donn\u00e9es du fournisseur\">plus d&rsquo;informations<\/a>).<\/p>\n<p>En cliquant sur \u00ab J\u2019accepte tous les cookies \u00bb, vous autorisez des d\u00e9p\u00f4ts de cookies et autres traceurs pour le stockage de vos donn\u00e9es sur nos sites et applications \u00e0 des fins de personnalisation et de ciblage publicitaire.<\/p>\n<p class=\"consentModule_secondaryText\">Vous gardez la possibilit\u00e9 de retirer votre consentement \u00e0 tout moment en consultant notre <a href=\"https:\/\/www.dna.fr\/protection-des-donnees\" target=\"_blank\" title=\"Consulter notre politique de protection des donn\u00e9es\" rel=\"nofollow noopener\">politique de protection des donn\u00e9es<\/a>. <br \/>&#13;<br \/>\n            <a href=\"https:\/\/www.dna.fr\/faits-divers-justice\/2025\/09\/05\/javascript:Didomi.notice.show()\" class=\"consentModule_cmp\" rel=\"nofollow noopener\" target=\"_blank\">G\u00e9rer mes choix<\/a>&#13;\n        <\/p>\n<p>&#13;<br \/>\n                        J&rsquo;accepte&#13;<br \/>\n            J&rsquo;accepte tous les cookies&#13;\n        <\/p>\n<p>Les propri\u00e9taires de ces biens, peuvent contacter les enqu\u00eateurs au 03-90-23-15-20 ou au 03-90-23-15-25.<\/p>\n","protected":false},"excerpt":{"rendered":"Les policiers du groupe cambriolage de la brigade d\u2019atteinte aux biens lancent un appel \u00e0 t\u00e9moins apr\u00e8s la&hellip;\n","protected":false},"author":2,"featured_media":368370,"comment_status":"","ping_status":"","sticky":false,"template":"","format":"standard","meta":{"footnotes":""},"categories":[2820],"tags":[1111,11,2880,1777,674,274,107,1011,27,775,12,6611,25,640],"class_list":{"0":"post-368369","1":"post","2":"type-post","3":"status-publish","4":"format-standard","5":"has-post-thumbnail","7":"category-strasbourg","8":"tag-actu","9":"tag-actualites","10":"tag-edition-strasbourg","11":"tag-eu","12":"tag-europe","13":"tag-faits-divers-justice","14":"tag-fil-info","15":"tag-fr","16":"tag-france","17":"tag-grand-est","18":"tag-news","19":"tag-ostwald","20":"tag-republique-francaise","21":"tag-strasbourg"},"share_on_mastodon":{"url":"https:\/\/pubeurope.com\/@fr\/115152201094557668","error":""},"_links":{"self":[{"href":"https:\/\/www.europesays.com\/fr\/wp-json\/wp\/v2\/posts\/368369","targetHints":{"allow":["GET"]}}],"collection":[{"href":"https:\/\/www.europesays.com\/fr\/wp-json\/wp\/v2\/posts"}],"about":[{"href":"https:\/\/www.europesays.com\/fr\/wp-json\/wp\/v2\/types\/post"}],"author":[{"embeddable":true,"href":"https:\/\/www.europesays.com\/fr\/wp-json\/wp\/v2\/users\/2"}],"replies":[{"embeddable":true,"href":"https:\/\/www.europesays.com\/fr\/wp-json\/wp\/v2\/comments?post=368369"}],"version-history":[{"count":0,"href":"https:\/\/www.europesays.com\/fr\/wp-json\/wp\/v2\/posts\/368369\/revisions"}],"wp:featuredmedia":[{"embeddable":true,"href":"https:\/\/www.europesays.com\/fr\/wp-json\/wp\/v2\/media\/368370"}],"wp:attachment":[{"href":"https:\/\/www.europesays.com\/fr\/wp-json\/wp\/v2\/media?parent=368369"}],"wp:term":[{"taxonomy":"category","embeddable":true,"href":"https:\/\/www.europesays.com\/fr\/wp-json\/wp\/v2\/categories?post=368369"},{"taxonomy":"post_tag","embeddable":true,"href":"https:\/\/www.europesays.com\/fr\/wp-json\/wp\/v2\/tags?post=368369"}],"curies":[{"name":"wp","href":"https:\/\/api.w.org\/{rel}","templated":true}]}}