{"id":36837,"date":"2025-04-19T15:49:11","date_gmt":"2025-04-19T15:49:11","guid":{"rendered":"https:\/\/www.europesays.com\/fr\/36837\/"},"modified":"2025-04-19T15:49:11","modified_gmt":"2025-04-19T15:49:11","slug":"il-est-entre-la-vie-et-la-mort","status":"publish","type":"post","link":"https:\/\/www.europesays.com\/fr\/36837\/","title":{"rendered":"il est entre la vie et la mort"},"content":{"rendered":"<p>            Par<br \/>\n        <strong><br \/>\n            <a href=\"https:\/\/actu.fr\/auteur\/mareva-laville-actu-fr\" title=\"Consulter tous les articles de Mar\u00e9va Laville\" rel=\"nofollow noopener\" target=\"_blank\">Mar\u00e9va Laville<\/a><br \/>\n        <\/strong><\/p>\n<p>        Publi\u00e9 le<\/p>\n<p>            18 avr. 2025 \u00e0 15h51        <\/p>\n<p>Macabre d\u00e9couverte ce vendredi 18 avril 2025 matin \u00e0 <a href=\"http:\/\/www.actu.fr\/toulouse\" rel=\"nofollow noopener\" target=\"_blank\">Toulouse<\/a>. Rue Achille Viadieu, \u00e0 deux pas de l\u2019avenue principale du quartier Saint-Michel, <strong>un homme de 34\u00a0ans a \u00e9t\u00e9 retrouv\u00e9 en sang, allong\u00e9 au sol<\/strong>, dans son appartement.<\/p>\n<p>    <a href=\"https:\/\/www.google.com\/maps\/embed?pb=!1m18!1m12!1m3!1d5433.608560225178!2d1.4417549759593373!3d43.58786017110536!2m3!1f0!2f0!3f0!3m2!1i1024!2i768!4f13.1!3m3!1m2!1s0x12aebc7f995ad411%3A0xf9f1515ef89ffce6!2sRue%20Achille%20Viadieu%2C%2031400%20Toulouse!5e1!3m2!1sfr!2sfr!4v1744982990780!5m2!1sfr!2sfr\" title=\"Ouvrie le lien\" rel=\"nofollow noopener\" target=\"_blank\">Cliquez ici pour visualiser le contenu<\/a><\/p>\n<p>Un homme bless\u00e9 par arme blanche au cou<\/p>\n<p class=\" wall-content\">\u00ab\u2009Il y avait de nombreuses <strong>traces de sang<\/strong> et l\u2019homme pr\u00e9sentait des <strong>plaies au cou,<\/strong> faites par <strong>arme blanche\u2009\u00bb<\/strong>, pr\u00e9cise une source polici\u00e8re d\u2019Actu Toulouse. Pompiers et policiers sont intervenus en collaboration vers 9h30, au cas o\u00f9 un \u00e9ventuel agresseur se trouvait au domicile de la victime.<\/p>\n<p>Tentative de suicide ou tentative de meurtre\u2009?<\/p>\n<p class=\" wall-content\">\u00ab\u2009La porte n\u2019\u00e9tait pas verrouill\u00e9e\u2009\u00bb, ajoute notre source polici\u00e8re. Que s\u2019est-il pass\u00e9\u2009? La victime a-t-elle tent\u00e9 de mettre fin \u00e0 ses jours par elle-m\u00eame\u2009? Ou bien, serait-ce une tentative de meurtre\u2009? Depuis combien de temps gisait-elle ainsi sur le sol\u2009?<\/p>\n<p class=\" wall-content\">A priori,<strong> les faits se seraient d\u00e9roul\u00e9s dans la nuit<\/strong> au sein d\u2019une r\u00e9sidence comprenant plusieurs b\u00e2timents. Les voisins ont-ils entendu des bruits\u2009? La porte a-t-elle \u00e9t\u00e9 fractur\u00e9e ou \u00e9tait-elle d\u00e9j\u00e0 ouverte\u2009? <strong>Une enqu\u00eate est ouverte<\/strong> et le voisinage sera interrog\u00e9.<\/p>\n<p>Vid\u00e9os : en ce moment sur ActuLa victime entre la vie et la mort<\/p>\n<p class=\" wall-content\">L\u2019homme bless\u00e9 par objet tranchant, quant \u00e0 lui, a \u00e9t\u00e9 transport\u00e9 en d\u00e9cochage \u00e0 l\u2019<a href=\"https:\/\/actu.fr\/occitanie\/toulouse_31555\/toulouse-le-personnel-soignant-de-cet-hopital-menace-de-mort-un-homme-incarcere_62516107.html\" rel=\"nofollow noopener\" target=\"_blank\"><strong>h\u00f4pital de Rangueil.<\/strong><\/a> \u00ab\u2009A notre arriv\u00e9e, il ne pouvait pas parler\u2009\u00bb, indique la police. <strong>Son pronostic vital est engag\u00e9.<\/strong> Il est encore, \u00e0 l\u2019heure o\u00f9 Actu Toulouse \u00e9crit ces lignes, entre la vie et la mort.<\/p>\n<p class=\" wall-content\">Suivez toute l\u2019actualit\u00e9 de vos villes et m\u00e9dias favoris en vous inscrivant \u00e0 <a href=\"https:\/\/moncompte.actu.fr\" title=\"D\u00e9couvez Mon Actu\" rel=\"nofollow noopener\" data-trk=\"{&quot;cta&quot;:{&quot;action&quot;:&quot;https:\\\/\\\/moncompte.actu.fr&quot;,&quot;category&quot;:&quot;mon compte&quot;,&quot;from&quot;:&quot;article footer&quot;,&quot;name&quot;:&quot;Mon actu&quot;,&quot;type&quot;:&quot;cta&quot;}}\" target=\"_blank\">Mon Actu<\/a>.<\/p>\n","protected":false},"excerpt":{"rendered":"Par Mar\u00e9va Laville Publi\u00e9 le 18 avr. 2025 \u00e0 15h51 Macabre d\u00e9couverte ce vendredi 18 avril 2025 matin&hellip;\n","protected":false},"author":2,"featured_media":36838,"comment_status":"","ping_status":"","sticky":false,"template":"","format":"standard","meta":{"footnotes":""},"categories":[2816],"tags":[1111,11,2630,1777,674,118,1011,27,12,2680,1072,1311,25,2312],"class_list":{"0":"post-36837","1":"post","2":"type-post","3":"status-publish","4":"format-standard","5":"has-post-thumbnail","7":"category-toulouse","8":"tag-actu","9":"tag-actualites","10":"tag-chu-de-toulouse","11":"tag-eu","12":"tag-europe","13":"tag-faits-divers","14":"tag-fr","15":"tag-france","16":"tag-news","17":"tag-occitanie","18":"tag-police","19":"tag-pompiers","20":"tag-republique-francaise","21":"tag-toulouse"},"share_on_mastodon":{"url":"https:\/\/pubeurope.com\/@fr\/114365422845929852","error":""},"_links":{"self":[{"href":"https:\/\/www.europesays.com\/fr\/wp-json\/wp\/v2\/posts\/36837","targetHints":{"allow":["GET"]}}],"collection":[{"href":"https:\/\/www.europesays.com\/fr\/wp-json\/wp\/v2\/posts"}],"about":[{"href":"https:\/\/www.europesays.com\/fr\/wp-json\/wp\/v2\/types\/post"}],"author":[{"embeddable":true,"href":"https:\/\/www.europesays.com\/fr\/wp-json\/wp\/v2\/users\/2"}],"replies":[{"embeddable":true,"href":"https:\/\/www.europesays.com\/fr\/wp-json\/wp\/v2\/comments?post=36837"}],"version-history":[{"count":0,"href":"https:\/\/www.europesays.com\/fr\/wp-json\/wp\/v2\/posts\/36837\/revisions"}],"wp:featuredmedia":[{"embeddable":true,"href":"https:\/\/www.europesays.com\/fr\/wp-json\/wp\/v2\/media\/36838"}],"wp:attachment":[{"href":"https:\/\/www.europesays.com\/fr\/wp-json\/wp\/v2\/media?parent=36837"}],"wp:term":[{"taxonomy":"category","embeddable":true,"href":"https:\/\/www.europesays.com\/fr\/wp-json\/wp\/v2\/categories?post=36837"},{"taxonomy":"post_tag","embeddable":true,"href":"https:\/\/www.europesays.com\/fr\/wp-json\/wp\/v2\/tags?post=36837"}],"curies":[{"name":"wp","href":"https:\/\/api.w.org\/{rel}","templated":true}]}}