{"id":368375,"date":"2025-09-05T14:40:12","date_gmt":"2025-09-05T14:40:12","guid":{"rendered":"https:\/\/www.europesays.com\/fr\/368375\/"},"modified":"2025-09-05T14:40:12","modified_gmt":"2025-09-05T14:40:12","slug":"reactions-de-la-communaute-juive-et-des-pro-palestiniens-apres-la-provocation-devant-le-centre-judaique-a-nice","status":"publish","type":"post","link":"https:\/\/www.europesays.com\/fr\/368375\/","title":{"rendered":"R\u00e9actions de la communaut\u00e9 juive et des pro palestiniens apr\u00e8s la provocation devant le centre juda\u00efque \u00e0 Nice"},"content":{"rendered":"<p>La communaut\u00e9 juive et des pro palestiniens s&rsquo;expriment apr\u00e8s la d\u00e9monstration provocatrice de 4 personnes brandissant des drapeaux palestiniens devant un centre juif ni\u00e7ois. Avec des positions certes diff\u00e9rentes, les deux parties reconnaissent cependant qu&rsquo;il n&rsquo;y a pas eu tentative d&rsquo;intrusion.<\/p>\n<p>Il y a d&rsquo;abord des faits que le rabbin Joseph Pison, repr\u00e9sentant du mouvement Loubavitch, reconnait. \u00ab\u00a0Pour ne pas trop exag\u00e9rer, il y a eu 3 personnes qui sont venus devant le centre avec des drapeaux palestiniens pour perturber et d\u00e9ranger le salon que nous organisions ce jour l\u00e0. Il y a eu quelques altercations, une femme enceinte a \u00e9t\u00e9 bouscul\u00e9e mais rien de grave et la police est intervenue pour calmer tout \u00e7a\u00a0\u00bb. Dans les propos du religieux, pas de \u00ab\u00a0tentative d&rsquo;intrusion\u00a0\u00bb, en revanche un sentiment de \u00ab\u00a0malaise\u00a0\u00bb qui oblige le rabbin \u00e0 \u00ab\u00a0rassurer la communaut\u00e9.\u00a0\u00bb \u00ab\u00a0Un mouvement comme \u00e7a c&rsquo;est perturbant, c&rsquo;est choquant et on s&rsquo;y oppose mais la s\u00e9curit\u00e9 perdure et on continuera \u00e0 exister et \u00e0 fonctionner\u00a0\u00bb pr\u00e9cise Joseph Pinson.<\/p>\n<p>\u00ab\u00a0Des provocations qui montent d&rsquo;un cran\u00a0\u00bb<\/p>\n<p>Le son de cloche n&rsquo;est pas diff\u00e9rent au CRIF, les institutions juives de France. \u00ab\u00a0Sur les images on ne voit pas de tentative d&rsquo;intrusion, avoue J\u00e9rome Culioli, le repr\u00e9sentant du CRIF. Mais il y a une vraie provocation qui \u00e0 chaque fois monte d&rsquo;un cran. Arm\u00e9s de drapeaux mais aussi de smartphones, leur id\u00e9e est de provoquer et de chercher des r\u00e9actions qui ensuite sont publi\u00e9es sur les r\u00e9seaux. Mais nous ne nous laisseront pas prendre \u00e0 ce pi\u00e8ge. En revanche, nous ne laisseront rien passer. Tout antisionisme qui d\u00e9sormais peut \u00eatre assimil\u00e9 \u00e0 de l&rsquo;antis\u00e9mitisme fera l&rsquo;objet d&rsquo;une r\u00e9ponse judiciaire\u00a0\u00bb r\u00e9pond le pr\u00e9sident d\u00e9partemental du CRIF.<\/p>\n<p>Une action politique<\/p>\n<p>Du c\u00f4t\u00e9 des pro palestiniens le discours n&rsquo;est pas diff\u00e9rent sur les faits. Eux aussi tiennent \u00e0 pr\u00e9ciser qu&rsquo;il n&rsquo;y a pas eu de \u00ab\u00a0tentative d&rsquo;intrusion\u00a0\u00bb. \u00ab\u00a0C&rsquo;est une manifestation politique et pas contre une religion ou contre un \u00e9tablissement religieux, explique Amira, militante pro palestinienne. Quand on a appris que la communaut\u00e9 organisait un salon pour ceux qui d\u00e9sirent s&rsquo;\u00e9tablir en Isra\u00ebl, on s&rsquo;est dit comment c&rsquo;est possible de penser s&rsquo;installer dans un pays qui aujourd&rsquo;hui commet un g\u00e9nocide. C&rsquo;est l\u00e9gitimer une forme de colonisation. Alors on le d\u00e9nonce.\u00a0\u00bb<\/p>\n<p>R\u00e9cup\u00e9ration politique\u00a0?<\/p>\n<p>Si les deux parties s&rsquo;entendent, au moins, sur les faits de ce jeudi soir, la pr\u00e9fecture des Alpes-Maritimes, elle, n&rsquo;a pas la m\u00eame version et a publi\u00e9 sur X ce jeudi soir \u00ab\u00a0qu&rsquo;un petit groupe d&rsquo;individus, militants pro palestiniens, se sont introduits au sein d&rsquo;une synagogue, situ\u00e9e rue Rossini \u00e0 Nice\u00a0\u00bb. Des propos repris et amplifi\u00e9s par Christian Estrosi ou encore Eric Ciotti. Des propos en partie faux qui n&rsquo;aident pas au dialogue entre des communaut\u00e9s divis\u00e9es sur un sujet extranational.<\/p>\n","protected":false},"excerpt":{"rendered":"La communaut\u00e9 juive et des pro palestiniens s&rsquo;expriment apr\u00e8s la d\u00e9monstration provocatrice de 4 personnes brandissant des drapeaux&hellip;\n","protected":false},"author":2,"featured_media":368376,"comment_status":"","ping_status":"","sticky":false,"template":"","format":"standard","meta":{"footnotes":""},"categories":[2819],"tags":[1111,11,1777,674,1011,27,12,2401,882,25],"class_list":{"0":"post-368375","1":"post","2":"type-post","3":"status-publish","4":"format-standard","5":"has-post-thumbnail","7":"category-nice","8":"tag-actu","9":"tag-actualites","10":"tag-eu","11":"tag-europe","12":"tag-fr","13":"tag-france","14":"tag-news","15":"tag-nice","16":"tag-provence-alpes-cote-dazur","17":"tag-republique-francaise"},"share_on_mastodon":{"url":"https:\/\/pubeurope.com\/@fr\/115152212738067299","error":""},"_links":{"self":[{"href":"https:\/\/www.europesays.com\/fr\/wp-json\/wp\/v2\/posts\/368375","targetHints":{"allow":["GET"]}}],"collection":[{"href":"https:\/\/www.europesays.com\/fr\/wp-json\/wp\/v2\/posts"}],"about":[{"href":"https:\/\/www.europesays.com\/fr\/wp-json\/wp\/v2\/types\/post"}],"author":[{"embeddable":true,"href":"https:\/\/www.europesays.com\/fr\/wp-json\/wp\/v2\/users\/2"}],"replies":[{"embeddable":true,"href":"https:\/\/www.europesays.com\/fr\/wp-json\/wp\/v2\/comments?post=368375"}],"version-history":[{"count":0,"href":"https:\/\/www.europesays.com\/fr\/wp-json\/wp\/v2\/posts\/368375\/revisions"}],"wp:featuredmedia":[{"embeddable":true,"href":"https:\/\/www.europesays.com\/fr\/wp-json\/wp\/v2\/media\/368376"}],"wp:attachment":[{"href":"https:\/\/www.europesays.com\/fr\/wp-json\/wp\/v2\/media?parent=368375"}],"wp:term":[{"taxonomy":"category","embeddable":true,"href":"https:\/\/www.europesays.com\/fr\/wp-json\/wp\/v2\/categories?post=368375"},{"taxonomy":"post_tag","embeddable":true,"href":"https:\/\/www.europesays.com\/fr\/wp-json\/wp\/v2\/tags?post=368375"}],"curies":[{"name":"wp","href":"https:\/\/api.w.org\/{rel}","templated":true}]}}