{"id":368379,"date":"2025-09-05T14:42:22","date_gmt":"2025-09-05T14:42:22","guid":{"rendered":"https:\/\/www.europesays.com\/fr\/368379\/"},"modified":"2025-09-05T14:42:22","modified_gmt":"2025-09-05T14:42:22","slug":"pres-de-nantes-un-biau-dimanche-met-a-lhonneur-le-monde-de-la-paysannerie","status":"publish","type":"post","link":"https:\/\/www.europesays.com\/fr\/368379\/","title":{"rendered":"Pr\u00e8s de Nantes, Un Biau dimanche met \u00e0 l\u2019honneur le monde de la paysannerie"},"content":{"rendered":"<p>            Par<br \/>\n        <strong><br \/>\n            <a href=\"https:\/\/actu.fr\/auteur\/vincent-malboeuf\" title=\"Consulter tous les articles de Vincent Malb\u0153uf\" rel=\"nofollow noopener\" target=\"_blank\">Vincent Malb\u0153uf<\/a><br \/>\n        <\/strong><\/p>\n<p>        Publi\u00e9 le<\/p>\n<p>            5 sept. 2025 \u00e0 16h16        <\/p>\n<p>On ne change pas une formule qui fait recette. <b>Un Biau dimanche<\/b> reste fid\u00e8le \u00e0 ses principes, \u00e0 savoir proposer une journ\u00e9e autour du bien-manger, du bien-boire et du bien-vivre. La prochaine a lieu dimanche 7\u00a0septembre 2025, toujours <b>au village du Bois Jahan, <a href=\"https:\/\/actu.fr\/pays-de-la-loire\/divatte-sur-loire_44029\" rel=\"nofollow noopener\" target=\"_blank\">\u00e0 Barbechat<\/a><\/b><a href=\"https:\/\/actu.fr\/pays-de-la-loire\/divatte-sur-loire_44029\" rel=\"nofollow noopener\" target=\"_blank\"> (Divatte-sur-Loire, Loire-Atlantique)<\/a>, sur les terres de Marie Godard, une paysanne farouchement attach\u00e9e au bio.<\/p>\n<p>Des animaux de races anciennes sur place<\/p>\n<p class=\" wall-content\">Un Biau dimanche est n\u00e9 en 2017 avec cette volont\u00e9 \u00ab\u2009de faire partager nos convictions \u00e9cologiques \u00e0 travers un \u00e9v\u00e9nement festif et d\u2019\u00eatre ouvert \u00e0 tous, pas seulement \u00e0 celles et ceux qui ont la m\u00eame vision que nous\u2009\u00bb, explique Marie Godard, boulang\u00e8re, reine des fou\u00e9es, mais aussi des pizzas faites maison, avec les l\u00e9gumes de sa ferme.<\/p>\n<p class=\" wall-content\"><b>Jusqu\u2019\u00e0 2\u2009000\u00a0visiteurs<\/b> \u00e9taient venus sur le site sp\u00e9cialement am\u00e9nag\u00e9s en 2022 par exemple, bien plus que l\u2019an pass\u00e9, \u00e9dition pluvieuse.<\/p>\n<p>    <img   decoding=\"async\" loading=\"lazy\" class=\"size-large\" src=\"https:\/\/www.europesays.com\/fr\/wp-content\/uploads\/2025\/09\/8c2daeb6a5b86a03daeb6a5b8843dav-960x640.jpg\" alt=\"Un biau dimanche - Barbechat - Bois Jahan\" width=\"960\" height=\"640\"\/><br \/>\n    Au total, 25 producteurs locaux et cr\u00e9ateurs seront sur place dimanche 7\u00a0septembre 2025. \u00a9Paskal Le Saux<\/p>\n<p class=\" wall-content\">La f\u00eate paysanne, qui se d\u00e9roule de 10\u2009h \u00e0 19\u2009h, <b>met l\u2019accent sur\u2026 le monde paysan<\/b>. Logique, dirons-nous, mais elle sera encore plus prononc\u00e9e cette ann\u00e9e.<\/p>\n<blockquote class=\"ac-article-quote wall-content\">\n<p>Crapal (Conservatoire des races animales en Pays de la Loire) tiendra un stand sur le site pour pr\u00e9senter ses actions.<\/p>\n<p>Marie Godard, boulang\u00e8re<\/p><\/blockquote>\n<p>Vid\u00e9os : en ce moment sur Actu<\/p>\n<p class=\" wall-content\">Cette derni\u00e8re poursuit\u2009: \u00ab\u2009Cette association a sauv\u00e9 la vache nantaise. M\u00eame s\u2019il n\u2019y en aura pas dimanche, en raison d\u2019une trop grosse logistique, nous accueillerons des animaux de races anciennes, rustiques et adapt\u00e9s \u00e0 notre territoire, comme des vaches de race solognote, des moutons d\u2019Ouessant, des landes de Bretagne, des ch\u00e8vres des foss\u00e9s et des poulets nantais. Il y aura aussi des d\u00e9monstrations de traction animale.\u2009\u00bb<\/p>\n<p>Deux conf\u00e9rences et une table ronde<\/p>\n<p class=\" wall-content\"><b>Deux conf\u00e9rences<\/b> se tiendront sous la tente berb\u00e8re. La premi\u00e8re \u00e0 13\u2009h\u200930, sur \u00ab\u2009La perception et qualit\u00e9 des sols\u2009\u00bb, conduite par Christophe Ducommun (de l\u2019institut Agro d\u2019Angers et l\u2019association fran\u00e7aise pour l\u2019\u00e9tude des sols) et suivie d\u2019une analyse p\u00e9dologique sur le terrain.<\/p>\n<p>Votre r\u00e9gion, votre actu !<\/p>\n<p>Recevez chaque jour les infos qui comptent pour vous.<\/p>\n<p>\t<a href=\"https:\/\/actu.fr\/newsletter\" class=\"ac-btn ac-btn--corner ac-btn--medium ac-btn--blue800\" rel=\"nofollow noopener\" target=\"_blank\">S&rsquo;incrire<\/a><\/p>\n<p class=\" wall-content\">La seconde \u00e0 14\u2009h\u200930, sur le \u00ab\u2009Lien entre alimentation et sant\u00e9 en respect avec l\u2019\u00e9quilibre acido-basique\u2009\u00bb.<\/p>\n<p class=\" wall-content\">Enfin, \u00e0 15\u2009h\u200930, Laurence Goubet (des Bouillonantes) animera une table ronde sur le th\u00e8me suivant \u00ab\u2009\u00c0 qui profite notre assiette\u2009? Pour une justice sociale et \u00e9conomique dans la cha\u00eene alimentaire\u2009\u00bb.<\/p>\n<p>March\u00e9 bio et animations<\/p>\n<p class=\" wall-content\">Sur le site, <b>le march\u00e9 bio r\u00e9unira 25 producteurs et cr\u00e9ateurs locaux bio<\/b>. De quoi faire quelques emplettes. Les personnes \u00ab\u2009qui ont envie de tenter l\u2019exp\u00e9rience\u2009\u00bb pourront payer avec Moneko, la monnaie locale du 44.<\/p>\n<p class=\" wall-content\"><b>De nombreuses animations autour de la nature<\/b> sont pr\u00e9vues par la bande \u00e0 Marie Godard \u2013 proches et membres de l\u2019association Un jour les cigognes -, notamment un atelier du go\u00fbt avec Slow Food anim\u00e9 par Jean-Roland Barret.<\/p>\n<p>    <img   decoding=\"async\" loading=\"lazy\" class=\"size-large\" src=\"https:\/\/www.europesays.com\/fr\/wp-content\/uploads\/2025\/09\/9d4130c6a5b86b45130c6a5b87d033v-960x640.jpg\" alt=\"Un biau dimanche - Barbechat - Bois Jahan\" width=\"960\" height=\"640\"\/><br \/>\n    Un Biau dimanche se d\u00e9roule ce dimanche 7\u00a0septembre 2025 de 10\u2009h \u00e0 19\u2009h. \u00a9Paskal Le Saux<\/p>\n<p class=\" wall-content\">Un Biau dimanche, ce sont aussi <b>de la musique et du th\u00e9\u00e2tre<\/b>. Claudine Merceron et Michel Hermouet pr\u00e9senteront leur pi\u00e8ce La lutte joyeuse \u00e0 16\u2009h\u200930, avant le concert de No se, duo acoustique guitare-voix \u00e0 17\u2009h\u200930. Sans oublier la d\u00e9ambulation festive de La fanfare du coin et des magiciens de La Compagnie des miracles.<\/p>\n<p>Un Biau dimanche, dimanche 7\u00a0septembre 2025 de 10\u2009h \u00e0 19\u2009h, au village du Bois Jahan \u00e0 Barbechat (Divatte-sur-Loire). Derni\u00e8re Dinguette de l\u2019\u00e9t\u00e9 samedi 6\u00a0septembre 2025 avec les groupes Hablo Poney \u00e0 20\u2009h et DJ Set Les Locaux \u00e0 22\u2009h. Plus d\u2019informations\u2009: unbiaudimanche.fr<\/p>\n<p class=\" wall-content\">Personnalisez votre actualit\u00e9 en ajoutant vos villes et m\u00e9dias en favori avec <a href=\"https:\/\/moncompte.actu.fr\" title=\"D\u00e9couvez Mon Actu\" rel=\"nofollow noopener\" data-trk=\"{&quot;cta&quot;:{&quot;action&quot;:&quot;https:\\\/\\\/moncompte.actu.fr&quot;,&quot;category&quot;:&quot;mon compte&quot;,&quot;from&quot;:&quot;article footer&quot;,&quot;name&quot;:&quot;Mon actu&quot;,&quot;type&quot;:&quot;cta&quot;}}\" target=\"_blank\">Mon Actu<\/a>.<\/p>\n","protected":false},"excerpt":{"rendered":"Par Vincent Malb\u0153uf Publi\u00e9 le 5 sept. 2025 \u00e0 16h16 On ne change pas une formule qui fait&hellip;\n","protected":false},"author":2,"featured_media":368380,"comment_status":"","ping_status":"","sticky":false,"template":"","format":"standard","meta":{"footnotes":""},"categories":[2818],"tags":[1111,11,327,1777,674,1011,27,1652,766,12,2636,25],"class_list":{"0":"post-368379","1":"post","2":"type-post","3":"status-publish","4":"format-standard","5":"has-post-thumbnail","7":"category-nantes","8":"tag-actu","9":"tag-actualites","10":"tag-agriculture","11":"tag-eu","12":"tag-europe","13":"tag-fr","14":"tag-france","15":"tag-loisirs-culture","16":"tag-nantes","17":"tag-news","18":"tag-pays-de-la-loire","19":"tag-republique-francaise"},"share_on_mastodon":{"url":"https:\/\/pubeurope.com\/@fr\/115152220691597332","error":""},"_links":{"self":[{"href":"https:\/\/www.europesays.com\/fr\/wp-json\/wp\/v2\/posts\/368379","targetHints":{"allow":["GET"]}}],"collection":[{"href":"https:\/\/www.europesays.com\/fr\/wp-json\/wp\/v2\/posts"}],"about":[{"href":"https:\/\/www.europesays.com\/fr\/wp-json\/wp\/v2\/types\/post"}],"author":[{"embeddable":true,"href":"https:\/\/www.europesays.com\/fr\/wp-json\/wp\/v2\/users\/2"}],"replies":[{"embeddable":true,"href":"https:\/\/www.europesays.com\/fr\/wp-json\/wp\/v2\/comments?post=368379"}],"version-history":[{"count":0,"href":"https:\/\/www.europesays.com\/fr\/wp-json\/wp\/v2\/posts\/368379\/revisions"}],"wp:featuredmedia":[{"embeddable":true,"href":"https:\/\/www.europesays.com\/fr\/wp-json\/wp\/v2\/media\/368380"}],"wp:attachment":[{"href":"https:\/\/www.europesays.com\/fr\/wp-json\/wp\/v2\/media?parent=368379"}],"wp:term":[{"taxonomy":"category","embeddable":true,"href":"https:\/\/www.europesays.com\/fr\/wp-json\/wp\/v2\/categories?post=368379"},{"taxonomy":"post_tag","embeddable":true,"href":"https:\/\/www.europesays.com\/fr\/wp-json\/wp\/v2\/tags?post=368379"}],"curies":[{"name":"wp","href":"https:\/\/api.w.org\/{rel}","templated":true}]}}