{"id":368383,"date":"2025-09-05T14:44:11","date_gmt":"2025-09-05T14:44:11","guid":{"rendered":"https:\/\/www.europesays.com\/fr\/368383\/"},"modified":"2025-09-05T14:44:11","modified_gmt":"2025-09-05T14:44:11","slug":"du-bordeaux-a-moins-de-2-euros-la-bouteille-provoque-la-colere-des-viticulteurs-en-gironde","status":"publish","type":"post","link":"https:\/\/www.europesays.com\/fr\/368383\/","title":{"rendered":"du Bordeaux \u00e0 moins de 2 euros la bouteille provoque la col\u00e8re des viticulteurs en Gironde"},"content":{"rendered":"<p>            lire plus tard<\/p>\n<p id=\"dialog__title\" class=\"dialog__title\">Pour sauvegarder cet article, connectez-vous ou cr\u00e9ez un compte franceinfo<\/p>\n<p class=\"dialog__description\">Sans paiement. Sans abonnement.<\/p>\n<p>        Fermer la fen\u00eatre d\u2019activation des notifications France Info<\/p>\n<p>            cr\u00e9er votre compte<\/p>\n<p>            se connecter<\/p>\n<p>        Fermer la fen\u00eatre de pr\u00e9sentation<\/p>\n<p>    Publi\u00e9 le 05\/09\/2025 16:25<\/p>\n<p>      Mis \u00e0 jour le 05\/09\/2025 16:25<\/p>\n<p>        Temps de lecture : 2min &#8211; vid\u00e9o : 2min<\/p>\n<p>    <img decoding=\"async\" class=\"francetv-player-wrapper__image\" alt=\"Foire aux vins 2025 : du Bordeaux \u00e0 moins de 2 euros la bouteille provoque la col\u00e8re des viticulteurs en Gironde\"  width=\"432\" height=\"243\" src=\"https:\/\/www.europesays.com\/fr\/wp-content\/uploads\/2025\/09\/bouteille-de-vin-a-moins-de-2-euros-13h-0509-68baf2911251c400011560.jpg\" fetchpriority=\"high\"\/><\/p>\n<p>              Foire aux vins 2025 : du Bordeaux \u00e0 moins de 2 euros la bouteille provoque la col\u00e8re des viticulteurs en Gironde<br \/>\n                    (France 2)<\/p>\n<p>      2min<\/p>\n<p>\n  Apr\u00e8s la guerre des baguettes \u00e0 bas co\u00fbt, voici maintenant la guerre du vin, lanc\u00e9e par l&rsquo;enseigne de grande distribution Lidl : la bouteille de Bordeaux y est vendue \u00e0 1,89 euro, ce qui suscite la col\u00e8re de la profession. Reportage en Gironde, o\u00f9 les viticulteurs, en pleines vendanges, d\u00e9noncent une provocation.\n<\/p>\n<p><strong>Ce texte correspond \u00e0 une partie de la retranscription du reportage ci-dessus. Cliquez sur la vid\u00e9o pour la regarder en int\u00e9gralit\u00e9.<\/strong><\/p>\n<p>Des prix cass\u00e9s : 1,89 euro la <a href=\"https:\/\/www.franceinfo.fr\/economie\/emploi\/metiers\/agriculture\/vendanges-plus-precoces-vins-plus-alcoolises-regions-et-cepages-modifies-comment-le-rechauffement-climatique-secoue-le-monde-viticole_7417438.html\" data-tooltip-url=\"https:\/\/www.franceinfo.fr\/economie\/emploi\/metiers\/agriculture\/vendanges-plus-precoces-vins-plus-alcoolises-regions-et-cepages-modifies-comment-le-rechauffement-climatique-secoue-le-monde-viticole_7417438.html\" rel=\"nofollow noopener\" target=\"_blank\">bouteille de vin<\/a> de Bordeaux, et m\u00eame 1,79 euro pour un C\u00f4te de Gascogne vendu dans une enseigne de hard discount. Des prix tr\u00e8s serr\u00e9s que chaque client appr\u00e9cie \u00e0 sa fa\u00e7on : \u00ab\u00a0Je n&rsquo;essaierai pas parce que j&rsquo;aime le c\u00f4t\u00e9 gustatif. Donc l\u00e0, je crois que je n&rsquo;en prendrai pas\u00a0\u00bb, affirme une femme. Mais une autre riveraine pense que ce pourrait \u00eatre une bonne affaire : \u00ab\u00a0Si je la voyais \u00e0 moins de 2 euros et que j&rsquo;\u00e9tais s\u00fbre qu&rsquo;elle \u00e9tait bonne et que mes amis l&rsquo;appr\u00e9cieraient, j&rsquo;en prendrais une caisse\u00a0\u00bb. D&rsquo;autres pensent avant tout \u00ab\u00a0aux producteurs de vin\u00a0\u00bb.<\/p>\n<p>Mais d&rsquo;o\u00f9 vient ce vin \u00e0 bas co\u00fbt ? Pour stocker sa nouvelle vendange, Fr\u00e9d\u00e9ric Tr\u00e9jaut a d\u00fb faire de la place dans ses cuves. Un vin vendu \u00e0 perte, brad\u00e9 \u00e0 moiti\u00e9 prix : \u00ab\u00a060 centimes d&rsquo;euros, c&rsquo;est le vin qu&rsquo;il y a dans la bouteille. J&rsquo;aurais d\u00fb le vendre 1,40 euro pour couvrir mes frais\u00a0\u00bb, explique le vigneron. R\u00e9sultat, pour le viticulteur \u00e0 la t\u00eate d&rsquo;une exploitation \u00e0 son nom de 30 hectares en Gironde, un manque \u00e0 gagner de 80 000 euros.<\/p>\n<p>Une situation intenable pour de nombreux professionnels. Et ce n&rsquo;est pas la premi\u00e8re fois que la grande distribution vend \u00e0 prix cass\u00e9. L&rsquo;ann\u00e9e derni\u00e8re, les vignerons s&rsquo;\u00e9taient d\u00e9j\u00e0 mobilis\u00e9s pr\u00e8s de Bordeaux. Pour eux, impossible de vivre avec de tels tarifs. \u00ab\u00a0Lorsqu&rsquo;on plante une vigne, il faut attendre trois ans avant d&rsquo;avoir un raisin. Et puis une fois qu&rsquo;on a un raisin, c&rsquo;est une ann\u00e9e de travail. Cette ann\u00e9e de travail, vous imaginez qu&rsquo;elle peut \u00eatre pay\u00e9e 1,89 euro la bouteille ?\u00a0\u00bb, interroge Thierry Desseauve, expert en vin et auteur du Guide Bettane et Desseauve 2026.<\/p>\n<p>\u00c0 cela s&rsquo;ajoutent les taxes douani\u00e8res et la baisse de la consommation. Une situation de crise qui oblige un viticulteur sur quatre dans le Bordelais \u00e0 l&rsquo;arrachage de vigne.<\/p>\n","protected":false},"excerpt":{"rendered":"lire plus tard Pour sauvegarder cet article, connectez-vous ou cr\u00e9ez un compte franceinfo Sans paiement. Sans abonnement. Fermer&hellip;\n","protected":false},"author":2,"featured_media":368384,"comment_status":"","ping_status":"","sticky":false,"template":"","format":"standard","meta":{"footnotes":""},"categories":[2817],"tags":[1111,11,1997,1777,674,1011,27,12,2219,25],"class_list":{"0":"post-368383","1":"post","2":"type-post","3":"status-publish","4":"format-standard","5":"has-post-thumbnail","7":"category-bordeaux","8":"tag-actu","9":"tag-actualites","10":"tag-bordeaux","11":"tag-eu","12":"tag-europe","13":"tag-fr","14":"tag-france","15":"tag-news","16":"tag-nouvelle-aquitaine","17":"tag-republique-francaise"},"share_on_mastodon":{"url":"https:\/\/pubeurope.com\/@fr\/115152228536398680","error":""},"_links":{"self":[{"href":"https:\/\/www.europesays.com\/fr\/wp-json\/wp\/v2\/posts\/368383","targetHints":{"allow":["GET"]}}],"collection":[{"href":"https:\/\/www.europesays.com\/fr\/wp-json\/wp\/v2\/posts"}],"about":[{"href":"https:\/\/www.europesays.com\/fr\/wp-json\/wp\/v2\/types\/post"}],"author":[{"embeddable":true,"href":"https:\/\/www.europesays.com\/fr\/wp-json\/wp\/v2\/users\/2"}],"replies":[{"embeddable":true,"href":"https:\/\/www.europesays.com\/fr\/wp-json\/wp\/v2\/comments?post=368383"}],"version-history":[{"count":0,"href":"https:\/\/www.europesays.com\/fr\/wp-json\/wp\/v2\/posts\/368383\/revisions"}],"wp:featuredmedia":[{"embeddable":true,"href":"https:\/\/www.europesays.com\/fr\/wp-json\/wp\/v2\/media\/368384"}],"wp:attachment":[{"href":"https:\/\/www.europesays.com\/fr\/wp-json\/wp\/v2\/media?parent=368383"}],"wp:term":[{"taxonomy":"category","embeddable":true,"href":"https:\/\/www.europesays.com\/fr\/wp-json\/wp\/v2\/categories?post=368383"},{"taxonomy":"post_tag","embeddable":true,"href":"https:\/\/www.europesays.com\/fr\/wp-json\/wp\/v2\/tags?post=368383"}],"curies":[{"name":"wp","href":"https:\/\/api.w.org\/{rel}","templated":true}]}}