{"id":368390,"date":"2025-09-05T14:48:32","date_gmt":"2025-09-05T14:48:32","guid":{"rendered":"https:\/\/www.europesays.com\/fr\/368390\/"},"modified":"2025-09-05T14:48:32","modified_gmt":"2025-09-05T14:48:32","slug":"comment-profiter-de-la-braderie-de-lille-avec-des-enfants-voici-nos-astuces","status":"publish","type":"post","link":"https:\/\/www.europesays.com\/fr\/368390\/","title":{"rendered":"Comment profiter de la Braderie de Lille avec des enfants ? Voici nos astuces"},"content":{"rendered":"<p>            Par<br \/>\n        <strong><br \/>\n            <a href=\"https:\/\/actu.fr\/auteur\/amandine-vachez\" title=\"Consulter tous les articles de Amandine Vachez\" target=\"_blank\" rel=\"noopener\">Amandine Vachez<\/a><br \/>\n        <\/strong><\/p>\n<p>        Publi\u00e9 le<\/p>\n<p>            5 sept. 2025 \u00e0 15h40        <\/p>\n<p>La tradition de la <a href=\"https:\/\/actu.fr\/tag\/braderie-de-lille\" target=\"_blank\" rel=\"noopener\">Braderie de Lille<\/a> se transmet de g\u00e9n\u00e9rations en g\u00e9n\u00e9rations. Minot, vous avez peut-\u00eatre \u00e9t\u00e9 \u00ab\u00a0tra\u00een\u00e9\u00a0\u00bb dans les rues de la ville, de jour et de nuit, au milieu de la foule et des stands, accroch\u00e9 \u00e0 la main d\u2019un de vos parents. Si vous-m\u00eame avez des <b>enfants<\/b> et souhaitez transmettre la joie de participer \u00e0 l\u2019\u00e9v\u00e9nement, on vous dit comment faire, pour l\u2019<b>\u00e9dition 2025<\/b>, qui se tiendra d\u2019ailleurs les <b>samedi 6 et dimanche 7 septembre.<\/b><\/p>\n<p>Saint-So, \u00ab\u00a0the place to go\u00a0\u00bb<\/p>\n<p class=\" wall-content\">Vous le savez si vous connaissez l\u2019\u00e9v\u00e9nement, le concept de la <b>Braderie de Lille<\/b> est de se laisser aller dans les rues en qu\u00eate de p\u00e9pites. Vous n\u2019\u00eates pas \u00e0 l\u2019abri de trouver des habits, chaussures, d\u00e9guisements, livres ou jouets sur les axes d\u00e9di\u00e9s aux ventes de particuliers, rue Gambetta ou autour du Quai du Wault par exemple. Mais \u00ab\u00a0the place to be\u00a0\u00bb est assur\u00e9ment la <b>gare Saint-Sauveur<\/b>. La \u00ab\u00a0braderie des enfants\u00a0\u00bb s\u2019y tiendra de nouveau cette ann\u00e9e, cette fois pas uniquement le samedi, mais bien <a href=\"https:\/\/www.lille.fr\/Braderie-de-Lille\/Actualites\/Braderie-des-enfants-2025\" target=\"_blank\" rel=\"noopener\">les deux jours<\/a>. Et les exposants seront diff\u00e9rents ! Elle sera ouverte le samedi de 8h \u00e0 19h et le dimanche de 8h \u00e0 16h.<\/p>\n<p class=\" wall-content\">L\u2019avantage (et non des moindres) du lieu, est qu\u2019il compte d\u2019autres espaces : la halle B, accueillant <a href=\"https:\/\/actu.fr\/hauts-de-france\/lille_59350\/lille-piste-de-danse-gateaux-geants-fanions-cest-la-fete-a-saint-so-avec-lexpo-des-enfants-momart_62605266.html\" target=\"_blank\" rel=\"noopener\">l\u2019exposition \u00ab\u00a0M\u00f4m\u2019Art\u00a0\u00bb<\/a>, le Cours Saint-So, avec terrain de p\u00e9tanque et transats notamment, mais aussi un \u00ab bistrot \u00bb o\u00f9 vous trouverez de quoi vous sustenter (et surtout vous hydrater) en plus de la musique qui donne chaque ann\u00e9e une saveur particuli\u00e8re \u00e0 la f\u00eate.\u00a0<\/p>\n<p class=\" wall-content\">Tout \u00e0 c\u00f4t\u00e9, il y a aussi le <b>parc Jean-Baptiste Lebas<\/b>, avec une aire de jeux pris\u00e9e des jeunes lillois tout au long de l\u2019ann\u00e9e.\u00a0<\/p>\n<p>March\u00e9 de la BD aux Beaux-arts<\/p>\n<p class=\" wall-content\">Le <a href=\"https:\/\/actu.fr\/tag\/palais-des-beaux-arts-de-lille\" target=\"_blank\" rel=\"noopener\">Palais des Beaux-arts<\/a> accueille depuis de nombreuses ann\u00e9es un <b>march\u00e9 de la bande dessin\u00e9e<\/b>. Il y a des ouvrages pour enfants \u00e0 prix brad\u00e9s, mais aussi des p\u00e9pites pour les adultes amateurs du genre. Vous pourrez en profiter le samedi 6 septembre, de 10h \u00e0 18h.<\/p>\n<p class=\" wall-content\">C\u2019est une belle occasion de chiner des p\u00e9pites tout en (re)d\u00e9couvrant un des joyaux architecturaux de la ville. Notez qu\u2019en ce moment, <a href=\"https:\/\/actu.fr\/hauts-de-france\/lille_59350\/lille-pour-fiesta-des-oeuvres-monumentales-pour-renouveler-le-regard-sur-le-musee_62404042.html\" target=\"_blank\" rel=\"noopener\">l\u2019installation tr\u00e8s visuelle \u00ab \u00c9clats en \u00e9chos \u00bb<\/a> de l\u2019artiste suisse Felice Varini, est visible dans le hall du mus\u00e9e et divers espaces. \u00c0 admirer sous des angles diff\u00e9rents !\u00a0<\/p>\n<p>La Foire aux man\u00e8ges, summum de l\u2019amusement<\/p>\n<p class=\" wall-content\">Pour une pause sympathique en centre-ville, sachez qu\u2019un carousel et un stand de confiserie <a href=\"https:\/\/actu.fr\/hauts-de-france\/lille_59350\/nouveau-a-lille-un-manege-et-des-sucreries-dans-le-jardin-de-la-cathedrale-de-la-treille_63100946.html\" target=\"_blank\" rel=\"noopener\">viennent d\u2019\u00eatre install\u00e9s dans le Vieux-Lille<\/a>, pr\u00e8s de la cath\u00e9drale de la Treille dans le square Arnaud Chillon. Un endroit o\u00f9 de grandes terrasses offrent une perspective fort sympathique pour une pause sous (on l\u2019esp\u00e8re) le ciel bleu.<\/p>\n<p>Votre r\u00e9gion, votre actu !<\/p>\n<p>Recevez chaque jour les infos qui comptent pour vous.<\/p>\n<p>\t<a href=\"https:\/\/actu.fr\/newsletter\" class=\"ac-btn ac-btn--corner ac-btn--medium ac-btn--blue800\" target=\"_blank\" rel=\"noopener\">S&rsquo;incrire<\/a><\/p>\n<p class=\" wall-content\">Mais le lieu qui a de quoi s\u00e9duire vos bambins en particulier, c\u2019est <a href=\"https:\/\/actu.fr\/hauts-de-france\/lille_59350\/la-foire-aux-maneges-de-lille-ouvre-ses-portes-ce-samedi-30-aout_63093159.html\" target=\"_blank\" rel=\"noopener\">la Foire aux man\u00e8ges<\/a> ! Elle est comme chaque fin d\u2019\u00e9t\u00e9 install\u00e9e sur l\u2019esplanade du Champ de Mars. Des attractions \u00e0 sensations fortes ou adapt\u00e9es au plus jeune \u00e2ge, ainsi que des jeux avec des lots \u00e0 gagner, et encore et toujours des gourmandises sucr\u00e9es et sal\u00e9es, vous y attendent. De quoi mettre des paillettes dans les yeux des ch\u00e9rubins !\u00a0<\/p>\n<p>La Braderie en poussette, mauvaise id\u00e9e<\/p>\n<p class=\" wall-content\">Peut-\u00eatre que cela vous semblera logique, mais peut-\u00eatre n\u2019y pensez-vous pas. Il est fortement d\u00e9conseill\u00e9, par la Ville elle-m\u00eame, et d\u2019exp\u00e9rience on comprend pourquoi, de circuler \u00e0 la Braderie de Lille en poussette. Si vos enfants sont assez grands, marcher sera encore le mieux pour circuler. Armez-vous pour les plus petits d\u2019un porte-b\u00e9b\u00e9, ou d\u2019un \u00ab tonton \u00bb aux larges \u00e9paules, volontaire pour assurer le transport.\u00a0<\/p>\n<p class=\" wall-content\">Bref, voil\u00e0 de quoi vous donner des billes pour festoyer sereinement en famille. M\u00eame si, on vous l\u2019accorde, la Braderie de Lille est quand m\u00eame \u00ab vachement sympa \u00bb (surtout le soir) \u00e0 hauteur d\u2019adulte.\u00a0<\/p>\n<p class=\" wall-content\">Pour pr\u00e9parer votre venue \u00e0 l\u2019\u00e9dition 2025, consultez le <a href=\"https:\/\/www.lille.fr\/Braderie-de-Lille\/Actualites\/Guide-de-la-Braderie-de-Lille-2025\" target=\"_blank\" rel=\"noopener\">\u00ab guide des bradeux \u00bb<\/a> \u00e9dit\u00e9 par la Ville. On vous fera aussi vivre l\u2019\u00e9v\u00e9nement en direct <a href=\"https:\/\/actu.fr\/lille\/\" target=\"_blank\" rel=\"noopener\">sur <\/a><a href=\"https:\/\/actu.fr\/lille\/\" target=\"_blank\" rel=\"noopener\">Lille actu<\/a>.\u00a0<\/p>\n<p class=\" wall-content\">Personnalisez votre actualit\u00e9 en ajoutant vos villes et m\u00e9dias en favori avec <a href=\"https:\/\/moncompte.actu.fr\" title=\"D\u00e9couvez Mon Actu\" rel=\"nofollow noopener\" data-trk=\"{&quot;cta&quot;:{&quot;action&quot;:&quot;https:\\\/\\\/moncompte.actu.fr&quot;,&quot;category&quot;:&quot;mon compte&quot;,&quot;from&quot;:&quot;article footer&quot;,&quot;name&quot;:&quot;Mon actu&quot;,&quot;type&quot;:&quot;cta&quot;}}\" target=\"_blank\">Mon Actu<\/a>.<\/p>\n","protected":false},"excerpt":{"rendered":"Par Amandine Vachez Publi\u00e9 le 5 sept. 2025 \u00e0 15h40 La tradition de la Braderie de Lille se&hellip;\n","protected":false},"author":2,"featured_media":368391,"comment_status":"","ping_status":"","sticky":false,"template":"","format":"standard","meta":{"footnotes":""},"categories":[2815],"tags":[1111,11,18703,1719,1777,674,652,1011,27,811,1307,1652,12,25],"class_list":{"0":"post-368390","1":"post","2":"type-post","3":"status-publish","4":"format-standard","5":"has-post-thumbnail","7":"category-lille","8":"tag-actu","9":"tag-actualites","10":"tag-braderie-de-lille","11":"tag-enfants","12":"tag-eu","13":"tag-europe","14":"tag-famille","15":"tag-fr","16":"tag-france","17":"tag-hauts-de-france","18":"tag-lille","19":"tag-loisirs-culture","20":"tag-news","21":"tag-republique-francaise"},"share_on_mastodon":{"url":"https:\/\/pubeurope.com\/@fr\/115152244484552187","error":""},"_links":{"self":[{"href":"https:\/\/www.europesays.com\/fr\/wp-json\/wp\/v2\/posts\/368390","targetHints":{"allow":["GET"]}}],"collection":[{"href":"https:\/\/www.europesays.com\/fr\/wp-json\/wp\/v2\/posts"}],"about":[{"href":"https:\/\/www.europesays.com\/fr\/wp-json\/wp\/v2\/types\/post"}],"author":[{"embeddable":true,"href":"https:\/\/www.europesays.com\/fr\/wp-json\/wp\/v2\/users\/2"}],"replies":[{"embeddable":true,"href":"https:\/\/www.europesays.com\/fr\/wp-json\/wp\/v2\/comments?post=368390"}],"version-history":[{"count":0,"href":"https:\/\/www.europesays.com\/fr\/wp-json\/wp\/v2\/posts\/368390\/revisions"}],"wp:featuredmedia":[{"embeddable":true,"href":"https:\/\/www.europesays.com\/fr\/wp-json\/wp\/v2\/media\/368391"}],"wp:attachment":[{"href":"https:\/\/www.europesays.com\/fr\/wp-json\/wp\/v2\/media?parent=368390"}],"wp:term":[{"taxonomy":"category","embeddable":true,"href":"https:\/\/www.europesays.com\/fr\/wp-json\/wp\/v2\/categories?post=368390"},{"taxonomy":"post_tag","embeddable":true,"href":"https:\/\/www.europesays.com\/fr\/wp-json\/wp\/v2\/tags?post=368390"}],"curies":[{"name":"wp","href":"https:\/\/api.w.org\/{rel}","templated":true}]}}