{"id":368392,"date":"2025-09-05T14:49:10","date_gmt":"2025-09-05T14:49:10","guid":{"rendered":"https:\/\/www.europesays.com\/fr\/368392\/"},"modified":"2025-09-05T14:49:10","modified_gmt":"2025-09-05T14:49:10","slug":"le-concours-du-bocuse-dor-cest-pour-marseille","status":"publish","type":"post","link":"https:\/\/www.europesays.com\/fr\/368392\/","title":{"rendered":"le concours du Bocuse d&rsquo;or, c&rsquo;est pour Marseille !"},"content":{"rendered":"<p>La grande cuisine sera mise \u00e0 l&rsquo;honneur au parc Chanot, dans le 8e arrondissement de <a href=\"https:\/\/www.laprovence.com\/bouches-du-rhone\/marseille-13055\" target=\"_blank\" rel=\"noopener\">Marseille<\/a>, en mars 2026. La ville a \u00e9t\u00e9 choisie pour accueillir des phases de qualifications du concours culinaire, d&rsquo;origine lyonnaise, <a href=\"https:\/\/www.laprovence.com\/article\/france-monde\/37304562911742\/au-bocuse-dor-combat-de-chefs-entre-la-france-et-les-pays-nordiques\" target=\"_blank\" rel=\"noopener\">le Bocuse d&rsquo;or Europe<\/a>.<\/p>\n<p>Les \u00e9preuves de cette rencontre gastronomique \u00e0 dimension internationale auront lieu les 15 et 16 mars 2026 \u00e0 Chanot, g\u00e9r\u00e9 depuis ce d\u00e9but d&rsquo;ann\u00e9e en d\u00e9l\u00e9gation de service public (DSP) par GL Events, <a href=\"https:\/\/www.laprovence.com\/article\/economie\/29223152266004\/la-foire-internationale-fete-ses-100-ans-decouvrez-les-nouveautes-pour-cette-edition-2025\" target=\"_blank\" rel=\"noopener\">apr\u00e8s des ann\u00e9es de gestion de la Safim<\/a>.\u00a0<\/p>\n<p>Ces \u00e9preuves seront l&rsquo;occasion pour 20 \u00e9quipes &#8211; qui repr\u00e9sentent des pays europ\u00e9ens &#8211; de s&rsquo;affronter pour obtenir une des dix places en finale. Comme lors de chaque \u00e9dition, la finale du Bocuse d&rsquo;or aura lieu \u00e0 Lyon, ville de vie et de c\u0153ur du chef cuisinier Paul Bocuse, d\u00e9c\u00e9d\u00e9 en 2018.<\/p>\n","protected":false},"excerpt":{"rendered":"La grande cuisine sera mise \u00e0 l&rsquo;honneur au parc Chanot, dans le 8e arrondissement de Marseille, en mars&hellip;\n","protected":false},"author":2,"featured_media":368393,"comment_status":"","ping_status":"","sticky":false,"template":"","format":"standard","meta":{"footnotes":""},"categories":[2814],"tags":[17,1111,11,50293,2511,903,38866,1777,674,1011,27,1661,884,12,471,882,16,25],"class_list":{"0":"post-368392","1":"post","2":"type-post","3":"status-publish","4":"format-standard","5":"has-post-thumbnail","7":"category-marseille","8":"tag-17","9":"tag-actu","10":"tag-actualites","11":"tag-bocuse","12":"tag-cest","13":"tag-concours","14":"tag-dor","15":"tag-eu","16":"tag-europe","17":"tag-fr","18":"tag-france","19":"tag-gastronomie","20":"tag-marseille","21":"tag-news","22":"tag-pour","23":"tag-provence-alpes-cote-dazur","24":"tag-region","25":"tag-republique-francaise"},"share_on_mastodon":{"url":"https:\/\/pubeurope.com\/@fr\/115152248121224270","error":""},"_links":{"self":[{"href":"https:\/\/www.europesays.com\/fr\/wp-json\/wp\/v2\/posts\/368392","targetHints":{"allow":["GET"]}}],"collection":[{"href":"https:\/\/www.europesays.com\/fr\/wp-json\/wp\/v2\/posts"}],"about":[{"href":"https:\/\/www.europesays.com\/fr\/wp-json\/wp\/v2\/types\/post"}],"author":[{"embeddable":true,"href":"https:\/\/www.europesays.com\/fr\/wp-json\/wp\/v2\/users\/2"}],"replies":[{"embeddable":true,"href":"https:\/\/www.europesays.com\/fr\/wp-json\/wp\/v2\/comments?post=368392"}],"version-history":[{"count":0,"href":"https:\/\/www.europesays.com\/fr\/wp-json\/wp\/v2\/posts\/368392\/revisions"}],"wp:featuredmedia":[{"embeddable":true,"href":"https:\/\/www.europesays.com\/fr\/wp-json\/wp\/v2\/media\/368393"}],"wp:attachment":[{"href":"https:\/\/www.europesays.com\/fr\/wp-json\/wp\/v2\/media?parent=368392"}],"wp:term":[{"taxonomy":"category","embeddable":true,"href":"https:\/\/www.europesays.com\/fr\/wp-json\/wp\/v2\/categories?post=368392"},{"taxonomy":"post_tag","embeddable":true,"href":"https:\/\/www.europesays.com\/fr\/wp-json\/wp\/v2\/tags?post=368392"}],"curies":[{"name":"wp","href":"https:\/\/api.w.org\/{rel}","templated":true}]}}