{"id":368394,"date":"2025-09-05T14:50:12","date_gmt":"2025-09-05T14:50:12","guid":{"rendered":"https:\/\/www.europesays.com\/fr\/368394\/"},"modified":"2025-09-05T14:50:12","modified_gmt":"2025-09-05T14:50:12","slug":"lex-femme-de-lassaillant-est-effaree","status":"publish","type":"post","link":"https:\/\/www.europesays.com\/fr\/368394\/","title":{"rendered":"l&rsquo;ex-femme de l&rsquo;assaillant est \u00ab effar\u00e9e \u00bb"},"content":{"rendered":"<p>\u00ab\u00a0Je suis effar\u00e9e, effar\u00e9e\u00a0\u00bb : l&rsquo;ex-\u00e9pouse de l&rsquo;homme <a href=\"https:\/\/www.ledauphine.com\/faits-divers-justice\/2025\/09\/02\/marseille-un-homme-tue-par-la-police-apres-avoir-poignarde-trois-personnes-dans-un-hotel\" target=\"_blank\" rel=\"nofollow noopener\">qui a bless\u00e9 cinq personnes<\/a> dont trois au couteau mardi \u00e0 Marseille, avant de se faire tuer par la police, <a href=\"https:\/\/www.bfmtv.com\/marseille\/s-il-avait-ete-mis-en-prison-l-ex-femme-de-l-assaillant-de-marseille-se-dit-effaree-qu-il-ait-ete-laisse-en-liberte-apres-sa-premiere-condamnation_AN-202509050624.html\" target=\"_blank\" rel=\"nofollow noopener\">a t\u00e9moign\u00e9 de sa stup\u00e9faction ce vendredi sur BFM TV<\/a> alors qu&rsquo;il avait \u00e9t\u00e9 condamn\u00e9 en mai dernier \u00e0 un an de prison ferme.<\/p>\n<p>\u00ab\u00a0Je me dis comment est-ce possible qu\u2019on laisse en libert\u00e9 une personne qui fait une tentative de meurtre, je suis rest\u00e9 choqu\u00e9e pendant tr\u00e8s longtemps\u00a0\u00bb, a-t-elle d\u00e9clar\u00e9.<\/p>\n<p>En 2020, Abdelkader Dibi, un Tunisien arriv\u00e9 r\u00e9guli\u00e8rement en France l&rsquo;ann\u00e9e pr\u00e9c\u00e9dente, s&rsquo;\u00e9tait mari\u00e9 \u00e0 La Rochelle o\u00f9 il s&rsquo;\u00e9tait d&rsquo;abord install\u00e9, mais son \u00e9pouse l&rsquo;avait quitt\u00e9 peu apr\u00e8s en raison de ses acc\u00e8s de violence et de ses addictions \u00e0 la coca\u00efne et \u00e0 l&rsquo;alcool.<\/p>\n<p>Condamn\u00e9 \u00e0 un an de prison ferme en mai, il avait fait appel<\/p>\n<p>En mai dernier, il avait \u00e9t\u00e9 condamn\u00e9 par le tribunal correctionnel de La Rochelle \u00e0 quatre ans de prison dont un ferme pour des \u00ab\u00a0violences aggrav\u00e9es\u00a0\u00bb apr\u00e8s avoir frapp\u00e9 son neveu avec un couteau en 2023. Il \u00e9tait rest\u00e9 en libert\u00e9, la peine &#8211; dont il avait fait appel &#8211; n&rsquo;\u00e9tant pas assortie d&rsquo;un mandat de d\u00e9p\u00f4t.<\/p>\n<p>\u00ab Oui il avait pr\u00e9sent\u00e9 des excuses, oui il avait expliqu\u00e9 son geste par le fait qu\u2019il n\u2019\u00e9tait pas lui-m\u00eame, il avait un contr\u00f4le judiciaire, il devait se pr\u00e9senter au d\u00e9but toutes les semaines \u00e0 la gendarmerie. Et il y avait obligation de soins, mais quels soins, je me pose encore la question aujourd\u2019hui \u00a0: quels soins a-t-il eus ? Il n&rsquo;a rien eu\u00a0\u00bb, assure-t-elle.<\/p>\n<p>Plac\u00e9 en garde \u00e0 vue en juin<\/p>\n<p>Fin juin il avait aussi \u00e9t\u00e9 plac\u00e9 en garde \u00e0 vue apr\u00e8s un incident dans une mosqu\u00e9e de S\u00e8te o\u00f9 il \u00ab avait pris la parole en sous-entendant que le pays \u00e9tait gouvern\u00e9 par des juifs et des sionistes \u00bb, propos pour lesquels il devait \u00eatre prochainement jug\u00e9 \u00e0 la suite d&rsquo;un signalement du pr\u00e9fet de l&rsquo;H\u00e9rault.<\/p>\n<p>Mardi, expuls\u00e9 d&rsquo;un h\u00f4tel de Marseille pour d\u00e9faut de paiement, il avait poignard\u00e9 son ex-colocataire, ainsi que le r\u00e9ceptionniste de l&rsquo;h\u00f4tel et le fils du g\u00e9rant, avant d&rsquo;entamer une errance mena\u00e7ante dans les rues, qui l&rsquo;a men\u00e9 \u00e0 quelques centaines de m\u00e8tres de l&#8217;embl\u00e9matique Vieux Port, arm\u00e9 de deux couteaux et d&rsquo;une barre de fer, o\u00f9 il s&rsquo;en est encore pris \u00e0 deux personnes.<\/p>\n","protected":false},"excerpt":{"rendered":"\u00ab\u00a0Je suis effar\u00e9e, effar\u00e9e\u00a0\u00bb : l&rsquo;ex-\u00e9pouse de l&rsquo;homme qui a bless\u00e9 cinq personnes dont trois au couteau mardi&hellip;\n","protected":false},"author":2,"featured_media":368395,"comment_status":"","ping_status":"","sticky":false,"template":"","format":"standard","meta":{"footnotes":""},"categories":[2814],"tags":[1111,11,1777,674,274,107,1011,27,329,884,12,882,25],"class_list":{"0":"post-368394","1":"post","2":"type-post","3":"status-publish","4":"format-standard","5":"has-post-thumbnail","7":"category-marseille","8":"tag-actu","9":"tag-actualites","10":"tag-eu","11":"tag-europe","12":"tag-faits-divers-justice","13":"tag-fil-info","14":"tag-fr","15":"tag-france","16":"tag-france-monde","17":"tag-marseille","18":"tag-news","19":"tag-provence-alpes-cote-dazur","20":"tag-republique-francaise"},"share_on_mastodon":{"url":"https:\/\/pubeurope.com\/@fr\/115152252029482501","error":""},"_links":{"self":[{"href":"https:\/\/www.europesays.com\/fr\/wp-json\/wp\/v2\/posts\/368394","targetHints":{"allow":["GET"]}}],"collection":[{"href":"https:\/\/www.europesays.com\/fr\/wp-json\/wp\/v2\/posts"}],"about":[{"href":"https:\/\/www.europesays.com\/fr\/wp-json\/wp\/v2\/types\/post"}],"author":[{"embeddable":true,"href":"https:\/\/www.europesays.com\/fr\/wp-json\/wp\/v2\/users\/2"}],"replies":[{"embeddable":true,"href":"https:\/\/www.europesays.com\/fr\/wp-json\/wp\/v2\/comments?post=368394"}],"version-history":[{"count":0,"href":"https:\/\/www.europesays.com\/fr\/wp-json\/wp\/v2\/posts\/368394\/revisions"}],"wp:featuredmedia":[{"embeddable":true,"href":"https:\/\/www.europesays.com\/fr\/wp-json\/wp\/v2\/media\/368395"}],"wp:attachment":[{"href":"https:\/\/www.europesays.com\/fr\/wp-json\/wp\/v2\/media?parent=368394"}],"wp:term":[{"taxonomy":"category","embeddable":true,"href":"https:\/\/www.europesays.com\/fr\/wp-json\/wp\/v2\/categories?post=368394"},{"taxonomy":"post_tag","embeddable":true,"href":"https:\/\/www.europesays.com\/fr\/wp-json\/wp\/v2\/tags?post=368394"}],"curies":[{"name":"wp","href":"https:\/\/api.w.org\/{rel}","templated":true}]}}