{"id":368398,"date":"2025-09-05T14:52:11","date_gmt":"2025-09-05T14:52:11","guid":{"rendered":"https:\/\/www.europesays.com\/fr\/368398\/"},"modified":"2025-09-05T14:52:11","modified_gmt":"2025-09-05T14:52:11","slug":"un-festival-autour-de-la-gastronomie-chinoise-en-plein-coeur-de-lyon","status":"publish","type":"post","link":"https:\/\/www.europesays.com\/fr\/368398\/","title":{"rendered":"Un festival autour de la gastronomie chinoise en plein c\u0153ur de Lyon"},"content":{"rendered":"<p>                            <img loading=\"lazy\" width=\"1181\" height=\"900\" class=\"attachment-article size-article wp-post-image lazyload\" alt=\"\" decoding=\"async\" src=\"https:\/\/www.europesays.com\/fr\/wp-content\/uploads\/2025\/09\/Les-Baguettes-Magiques-2024-Nouvel-Institut-Franco-Chinois-5.jpg\" data-eio-rwidth=\"1181\" data-eio-rheight=\"900\"\/><\/p>\n<p>\u00a9Nouvel Institut Franco-Chinois<\/p>\n<p class=\"content\" style=\"font-size:1.2em;font-weight:700\">Pour prolonger l\u2019\u00e9t\u00e9, le Nouvel Institut Franco-Chinois vous donne rendez-vous dans le parc de la mairie du 5\u00b0 arrondissement, o\u00f9 vous pourrez d\u00e9couvrir la cuisine et la culture chinoise.<\/p>\n<p><img loading=\"lazy\" decoding=\"async\" width=\"675\" height=\"900\" alt=\"\" class=\"wp-image-460832 lazyload\" style=\"width:429px;height:auto\" src=\"https:\/\/www.europesays.com\/fr\/wp-content\/uploads\/2025\/09\/Les-Baguettes-Magiques-2024-Nouvel-Institut-Franco-Chinois-3.jpg\" data-eio-rwidth=\"675\" data-eio-rheight=\"900\"\/>\u00a9Nouvel Institut Franco-Chinois<\/p>\n<p>Le temps d\u2019un week-end, ce grand parc &#8211; situ\u00e9 \u00e0 15 minutes de Bellecour &#8211; accueillera 14 stands de street-food chinoise ainsi que de nombreuses activit\u00e9s pour en apprendre plus sur la culture chinoise. Venez peindre sur des \u00e9ventails, vous initier au kung-fu, d\u00e9corer des lanternes ou jouer au Mahjong : l\u2019entr\u00e9e est libre et gratuite.\u00a0<\/p>\n<p><img loading=\"lazy\" decoding=\"async\" width=\"699\" height=\"900\" alt=\"\" class=\"wp-image-460830 lazyload\" style=\"width:420px;height:auto\" src=\"https:\/\/www.europesays.com\/fr\/wp-content\/uploads\/2025\/09\/Les-Baguettes-Magiques-2024-Nouvel-Institut-Franco-Chinois-2-1.jpg\" data-eio-rwidth=\"699\" data-eio-rheight=\"900\"\/>\u00a9Nouvel Institut Franco-Chinois<\/p>\n<p>Pour la 9\u00e8me \u00e9dition du Festival des Baguettes Magiques, la ville de Canton &#8211; jumel\u00e9e \u00e0 la ville de Lyon &#8211; est mise \u00e0 l\u2019honneur. A cette occasion, le chef cantonnais Zheng Jinhe animera un atelier de cr\u00eapes cantonaises.<\/p>\n<p class=\"has-cyan-bluish-gray-background-color has-background\"><a href=\"https:\/\/nifc.fr\/evenements\/festival-les-baguettes-magiques-2025\/\" rel=\"nofollow noopener\" target=\"_blank\">INFOS<\/a><br \/>Les 6 et 7 septembre <br \/>Parc de la mairie du 5\u00b0 : 65 avenue du Point du Jour, 69005 Lyon<\/p>\n","protected":false},"excerpt":{"rendered":"\u00a9Nouvel Institut Franco-Chinois Pour prolonger l\u2019\u00e9t\u00e9, le Nouvel Institut Franco-Chinois vous donne rendez-vous dans le parc de la&hellip;\n","protected":false},"author":2,"featured_media":368399,"comment_status":"","ping_status":"","sticky":false,"template":"","format":"standard","meta":{"footnotes":""},"categories":[1889],"tags":[1111,11,2430,1777,674,1011,27,2428,12,25],"class_list":{"0":"post-368398","1":"post","2":"type-post","3":"status-publish","4":"format-standard","5":"has-post-thumbnail","7":"category-lyon","8":"tag-actu","9":"tag-actualites","10":"tag-auvergne-rhone-alpes","11":"tag-eu","12":"tag-europe","13":"tag-fr","14":"tag-france","15":"tag-lyon","16":"tag-news","17":"tag-republique-francaise"},"share_on_mastodon":{"url":"https:\/\/pubeurope.com\/@fr\/115152260273806299","error":""},"_links":{"self":[{"href":"https:\/\/www.europesays.com\/fr\/wp-json\/wp\/v2\/posts\/368398","targetHints":{"allow":["GET"]}}],"collection":[{"href":"https:\/\/www.europesays.com\/fr\/wp-json\/wp\/v2\/posts"}],"about":[{"href":"https:\/\/www.europesays.com\/fr\/wp-json\/wp\/v2\/types\/post"}],"author":[{"embeddable":true,"href":"https:\/\/www.europesays.com\/fr\/wp-json\/wp\/v2\/users\/2"}],"replies":[{"embeddable":true,"href":"https:\/\/www.europesays.com\/fr\/wp-json\/wp\/v2\/comments?post=368398"}],"version-history":[{"count":0,"href":"https:\/\/www.europesays.com\/fr\/wp-json\/wp\/v2\/posts\/368398\/revisions"}],"wp:featuredmedia":[{"embeddable":true,"href":"https:\/\/www.europesays.com\/fr\/wp-json\/wp\/v2\/media\/368399"}],"wp:attachment":[{"href":"https:\/\/www.europesays.com\/fr\/wp-json\/wp\/v2\/media?parent=368398"}],"wp:term":[{"taxonomy":"category","embeddable":true,"href":"https:\/\/www.europesays.com\/fr\/wp-json\/wp\/v2\/categories?post=368398"},{"taxonomy":"post_tag","embeddable":true,"href":"https:\/\/www.europesays.com\/fr\/wp-json\/wp\/v2\/tags?post=368398"}],"curies":[{"name":"wp","href":"https:\/\/api.w.org\/{rel}","templated":true}]}}