{"id":368412,"date":"2025-09-05T15:00:14","date_gmt":"2025-09-05T15:00:14","guid":{"rendered":"https:\/\/www.europesays.com\/fr\/368412\/"},"modified":"2025-09-05T15:00:14","modified_gmt":"2025-09-05T15:00:14","slug":"guerre-en-ukraine-la-chine-fustige-la-demande-de-donald-trump-de-faire-pression-sur-pekin-pour-son-soutien-a-la-russie-05-09-2025-a-1446","status":"publish","type":"post","link":"https:\/\/www.europesays.com\/fr\/368412\/","title":{"rendered":"Guerre en Ukraine : la Chine fustige la demande de Donald Trump de faire pression sur P\u00e9kin pour son soutien \u00e0 la Russie &#8211; 05\/09\/2025 \u00e0 14:46"},"content":{"rendered":"<p> \u00ab\u00a0La Chine n&rsquo;est pas \u00e0 l&rsquo;origine de cette crise\u00a0\u00bb, a insist\u00e9 la diplomatie chinoise.<\/p>\n<p>        <img fetchpriority=\"high\" decoding=\"async\" src=\"https:\/\/www.europesays.com\/fr\/wp-content\/uploads\/2025\/09\/b623ac426ed816d37b198fed3bd3e29e-760x507.jpg\" alt=\"( AFP \/ HECTOR RETAMAL )\" loading=\"eager\" width=\"760\" height=\"507\" style=\"max-width: 100%!important; height: auto;\"\/><\/p>\n<p class=\"c-image-news__legend\">( AFP \/ HECTOR RETAMAL )<\/p>\n<p>\n La Chine \u00ab\u00a0s&rsquo;oppose fermement\u00a0\u00bb \u00e0 toute pression que voudrait exercer les Europ\u00e9ens sur elle, apr\u00e8s l&rsquo;appel du pr\u00e9sident am\u00e9ricain Donald Trump \u00e0 peser \u00e9conomiquement sur P\u00e9kin au sujet de la guerre en Ukraine.\n<\/p>\n<p>\n Donald Trump a demand\u00e9 jeudi aux dirigeants europ\u00e9ens de<br \/>\n <strong><br \/>\n  \u00ab\u00a0faire pression sur le plan \u00e9conomique sur la Chine \u00e0 cause de son soutien \u00e0 l&rsquo;effort de guerre russe\u00a0\u00bb<br \/>\n <\/strong><br \/>\n , selon un haut responsable de la Maison Blanche.\n<\/p>\n<p>\n <strong><br \/>\n  \u00ab\u00a0La Chine n&rsquo;est pas \u00e0 l&rsquo;origine de cette crise<br \/>\n <\/strong><br \/>\n , pas plus qu&rsquo;elle n&rsquo;en est partie prenante\u00a0\u00bb, a r\u00e9pondu vendredi lors d&rsquo;une conf\u00e9rence de presse r\u00e9guli\u00e8re Guo Jiakun, un porte-parole du minist\u00e8re chinois des Affaires \u00e9trang\u00e8res.\n<\/p>\n<p> Ne pas \u00ab\u00a0invoquer la Chine \u00e0 tout propos\u00a0\u00bb<\/p>\n<p>\n \u00ab\u00a0Nous nous opposons fermement \u00e0<br \/>\n <strong><br \/>\n  cette tendance qui consiste \u00e0 invoquer la Chine \u00e0 tout propos<br \/>\n <\/strong><br \/>\n et nous nous opposons fermement \u00e0 de pr\u00e9tendues pressions \u00e9conomiques exerc\u00e9es \u00e0 son encontre\u00a0\u00bb, a-t-il soulign\u00e9.\n<\/p>\n<p>\n Le porte-parole a aussi \u00e9lud\u00e9 une question sur la d\u00e9cision annonc\u00e9e par la Maison Blanche d&rsquo;appeler le minist\u00e8re am\u00e9ricain de la D\u00e9fense \u00e9galement minist\u00e8re de la Guerre. \u00ab\u00a0Cela rel\u00e8ve des affaires int\u00e9rieures des \u00c9tats-Unis. Je ne ferai aucun commentaire\u00a0\u00bb, a-t-il dit.\n<\/p>\n<p>\n La Chine n&rsquo;a jamais condamn\u00e9 Moscou pour son invasion du territoire ukrainien mais se pr\u00e9sente comme une partie neutre et un m\u00e9diateur potentiel dans le conflit. La Chine est r\u00e9guli\u00e8rement accus\u00e9e par les Occidentaux d&rsquo;aider la Russie \u00e0 contourner les sanctions occidentales, notamment en lui permettant d&rsquo;acqu\u00e9rir les composants technologiques n\u00e9cessaires \u00e0 sa production d&rsquo;armements.<\/p>\n","protected":false},"excerpt":{"rendered":"\u00ab\u00a0La Chine n&rsquo;est pas \u00e0 l&rsquo;origine de cette crise\u00a0\u00bb, a insist\u00e9 la diplomatie chinoise. ( AFP \/ HECTOR&hellip;\n","protected":false},"author":2,"featured_media":368413,"comment_status":"","ping_status":"","sticky":false,"template":"","format":"standard","meta":{"footnotes":""},"categories":[1590],"tags":[400,11,398,408,405,1777,674,403,402,399,404,12,401,406,220,407],"class_list":{"0":"post-368412","1":"post","2":"type-post","3":"status-publish","4":"format-standard","5":"has-post-thumbnail","7":"category-ukraine","8":"tag-action-cac-40","9":"tag-actualites","10":"tag-bourse-de-paris","11":"tag-boursorama","12":"tag-cotations","13":"tag-eu","14":"tag-europe","15":"tag-indices-devises","16":"tag-investir","17":"tag-investissement","18":"tag-marche-boursier","19":"tag-news","20":"tag-sicav","21":"tag-trackers","22":"tag-ukraine","23":"tag-warrants"},"share_on_mastodon":{"url":"https:\/\/pubeurope.com\/@fr\/115152292075084698","error":""},"_links":{"self":[{"href":"https:\/\/www.europesays.com\/fr\/wp-json\/wp\/v2\/posts\/368412","targetHints":{"allow":["GET"]}}],"collection":[{"href":"https:\/\/www.europesays.com\/fr\/wp-json\/wp\/v2\/posts"}],"about":[{"href":"https:\/\/www.europesays.com\/fr\/wp-json\/wp\/v2\/types\/post"}],"author":[{"embeddable":true,"href":"https:\/\/www.europesays.com\/fr\/wp-json\/wp\/v2\/users\/2"}],"replies":[{"embeddable":true,"href":"https:\/\/www.europesays.com\/fr\/wp-json\/wp\/v2\/comments?post=368412"}],"version-history":[{"count":0,"href":"https:\/\/www.europesays.com\/fr\/wp-json\/wp\/v2\/posts\/368412\/revisions"}],"wp:featuredmedia":[{"embeddable":true,"href":"https:\/\/www.europesays.com\/fr\/wp-json\/wp\/v2\/media\/368413"}],"wp:attachment":[{"href":"https:\/\/www.europesays.com\/fr\/wp-json\/wp\/v2\/media?parent=368412"}],"wp:term":[{"taxonomy":"category","embeddable":true,"href":"https:\/\/www.europesays.com\/fr\/wp-json\/wp\/v2\/categories?post=368412"},{"taxonomy":"post_tag","embeddable":true,"href":"https:\/\/www.europesays.com\/fr\/wp-json\/wp\/v2\/tags?post=368412"}],"curies":[{"name":"wp","href":"https:\/\/api.w.org\/{rel}","templated":true}]}}