{"id":368414,"date":"2025-09-05T15:01:14","date_gmt":"2025-09-05T15:01:14","guid":{"rendered":"https:\/\/www.europesays.com\/fr\/368414\/"},"modified":"2025-09-05T15:01:14","modified_gmt":"2025-09-05T15:01:14","slug":"le-chomage-grimpe-aux-etats-unis-la-creation-demplois-ralentit-rts-ch","status":"publish","type":"post","link":"https:\/\/www.europesays.com\/fr\/368414\/","title":{"rendered":"Le ch\u00f4mage grimpe aux \u00c9tats-Unis, la cr\u00e9ation d&#8217;emplois ralentit &#8211; rts.ch"},"content":{"rendered":"<p>Les Etats-Unis ont cr\u00e9\u00e9 peu d&#8217;emplois le mois dernier et le taux de ch\u00f4mage a progress\u00e9, selon les donn\u00e9es officielles publi\u00e9es vendredi. Le pr\u00e9c\u00e9dent rapport avait \u00e9t\u00e9 jug\u00e9 \u00ab\u00a0bidonn\u00e9\u00a0\u00bb en sa d\u00e9faveur par le pr\u00e9sident Donald Trump, qui avait renvoy\u00e9 la directrice du service des statistiques.<\/p>\n<p>La premi\u00e8re \u00e9conomie mondiale a cr\u00e9\u00e9 22&rsquo;000 emplois en ao\u00fbt, un niveau bien inf\u00e9rieur \u00e0 ce \u00e0 quoi les Etats-Unis \u00e9taient habitu\u00e9s, selon le minist\u00e8re du Travail. Les analystes s&rsquo;attendaient \u00e0 75&rsquo;000 cr\u00e9ations d&#8217;emplois, selon le consensus publi\u00e9 par MarketWatch.<\/p>\n<p>Le taux de ch\u00f4mage a progress\u00e9 \u00e0 4,3%, contre 4,2% en juillet et 4,1% en juin. Il s&rsquo;agit du plus haut niveau depuis l&rsquo;automne 2021.<\/p>\n<p>La publication de ces chiffres pourrait achever de convaincre la banque centrale des Etats-Unis (Fed) de baisser ses taux pour soutenir l&rsquo;\u00e9conomie, \u00e0 l&rsquo;issue de sa prochaine r\u00e9union le 17 septembre.<\/p>\n<p>March\u00e9 du travail plus fragile qu&rsquo;escompt\u00e9<\/p>\n<p>Le mois dernier, la publication de ce rapport officiel avait cr\u00e9\u00e9 deux ondes de choc. La premi\u00e8re, parce qu&rsquo;il comportait de fortes r\u00e9visions du nombre d&#8217;emplois cr\u00e9\u00e9s par la premi\u00e8re \u00e9conomie mondiale les mois pr\u00e9c\u00e9dents, montrant un march\u00e9 du travail plus fragile que ce qui avait \u00e9t\u00e9 jusque-l\u00e0 imagin\u00e9.<\/p>\n<p>La seconde, parce que le pr\u00e9sident am\u00e9ricain avait d\u00e9cid\u00e9 dans la foul\u00e9e de renvoyer Erika McEntarfer, la responsable du service \u00e0 l&rsquo;origine du rapport (BLS). Il a affirm\u00e9, sans apporter de preuves, que les chiffres avaient \u00e9t\u00e9 \u00ab\u00a0bidonn\u00e9s\u00a0\u00bb \u00e0 des fins politiques.<\/p>\n<p><strong class=\"inline-title\">&gt;&gt; Lire aussi\u00a0: <\/strong><a href=\"https:\/\/www.rts.ch\/info\/monde\/2025\/article\/guerre-commerciale-l-economie-us-menacee-par-les-taxes-de-trump-28982646.html\" data-item-id=\"richtext_link\" rel=\"nofollow noopener\" target=\"_blank\">Guerre commerciale: \u00ab\u00a0L&rsquo;\u00e9conomie am\u00e9ricaine va souffrir \u00e0 long terme\u00a0\u00bb<\/a><\/p>\n<p>Ce renvoi avait stup\u00e9fait \u00e9conomistes comme opposants politiques, ces derniers l&rsquo;accusant d&rsquo;essayer de tuer le messager plut\u00f4t que de faire face aux cons\u00e9quences de sa politique \u00e9conomique, notamment ses droits de douane massifs qui bousculent les cha\u00eenes de production.<\/p>\n<p>Donald Trump compte nommer \u00e0 la t\u00eate du BLS EJ Antoni, un \u00e9conomiste d&rsquo;un centre de r\u00e9flexion conservateur qui soutient sans r\u00e9serve sa politique. La nomination n&rsquo;a pas encore \u00e9t\u00e9 confirm\u00e9e par le S\u00e9nat, \u00e0 majorit\u00e9 r\u00e9publicaine.<\/p>\n<p>Entreprises paralys\u00e9es<\/p>\n<p>Les chiffres rendent imparfaitement compte des \u00e9volutions en cours, avaient observ\u00e9 avant la publication des \u00e9conomistes interrog\u00e9s par l&rsquo;AFP. Selon eux, le taux de ch\u00f4mage s&rsquo;\u00e9tait jusqu&rsquo;ici maintenu au niveau du plein-emploi (dans une fourchette entre 4% et 4,2%) seulement parce que la population active &#8211; cat\u00e9gorie rassemblant les personnes travaillant et celles cherchant du travail &#8211; s&rsquo;est r\u00e9tr\u00e9cie, ce qui n&rsquo;est pas forc\u00e9ment bon signe.<\/p>\n<p>Des experts estiment qu&rsquo;une partie de la population sort de la vie active: ces personnes n\u2019ont pas d\u2019emploi, mais ne sont pas non plus comptabilis\u00e9es comme ch\u00f4meuses. Cela contribue \u00e0 maintenir le taux de ch\u00f4mage \u00e0 un niveau bas, sans g\u00e9n\u00e9rer de revenus. Beaucoup auraient cess\u00e9 de chercher un poste, d\u00e9courag\u00e9s par le manque d\u2019opportunit\u00e9s, alors que les entreprises restent paralys\u00e9es face aux incertitudes li\u00e9es \u00e0 l\u2019offensive protectionniste de Donald Trump.<\/p>\n<p>Cette contraction de la population active serait aussi largement li\u00e9e \u00e0 la politique migratoire tr\u00e8s restrictive du gouvernement. De plus en plus de personnes h\u00e9sitent \u00e0 chercher du travail, sachant qu\u2019elles risquent ainsi d&rsquo;\u00eatre arr\u00eat\u00e9es ou expuls\u00e9es.<\/p>\n<p class=\"sources\">ats\/fgn<\/p>\n","protected":false},"excerpt":{"rendered":"Les Etats-Unis ont cr\u00e9\u00e9 peu d&#8217;emplois le mois dernier et le taux de ch\u00f4mage a progress\u00e9, selon les&hellip;\n","protected":false},"author":2,"featured_media":368415,"comment_status":"","ping_status":"","sticky":false,"template":"","format":"standard","meta":{"footnotes":""},"categories":[1589],"tags":[11,214,75,33,6359,8042,341,73,1866,26991,2304,12,316,940,31754,801,35911,1864,1865,1863,308],"class_list":{"0":"post-368414","1":"post","2":"type-post","3":"status-publish","4":"format-standard","5":"has-post-thumbnail","7":"category-etats-unis","8":"tag-actualites","9":"tag-chomage","10":"tag-donald-trump","11":"tag-economie","12":"tag-economie-et-finances","13":"tag-economie-mondiale","14":"tag-emploi","15":"tag-etats-unis","16":"tag-etats-unis-damerique","17":"tag-macro-economie","18":"tag-marche-du-travail","19":"tag-news","20":"tag-politique","21":"tag-population","22":"tag-publication","23":"tag-social","24":"tag-taux-de-chomage","25":"tag-united-states","26":"tag-united-states-of-america","27":"tag-us","28":"tag-usa"},"share_on_mastodon":{"url":"https:\/\/pubeurope.com\/@fr\/115152295362155010","error":""},"_links":{"self":[{"href":"https:\/\/www.europesays.com\/fr\/wp-json\/wp\/v2\/posts\/368414","targetHints":{"allow":["GET"]}}],"collection":[{"href":"https:\/\/www.europesays.com\/fr\/wp-json\/wp\/v2\/posts"}],"about":[{"href":"https:\/\/www.europesays.com\/fr\/wp-json\/wp\/v2\/types\/post"}],"author":[{"embeddable":true,"href":"https:\/\/www.europesays.com\/fr\/wp-json\/wp\/v2\/users\/2"}],"replies":[{"embeddable":true,"href":"https:\/\/www.europesays.com\/fr\/wp-json\/wp\/v2\/comments?post=368414"}],"version-history":[{"count":0,"href":"https:\/\/www.europesays.com\/fr\/wp-json\/wp\/v2\/posts\/368414\/revisions"}],"wp:featuredmedia":[{"embeddable":true,"href":"https:\/\/www.europesays.com\/fr\/wp-json\/wp\/v2\/media\/368415"}],"wp:attachment":[{"href":"https:\/\/www.europesays.com\/fr\/wp-json\/wp\/v2\/media?parent=368414"}],"wp:term":[{"taxonomy":"category","embeddable":true,"href":"https:\/\/www.europesays.com\/fr\/wp-json\/wp\/v2\/categories?post=368414"},{"taxonomy":"post_tag","embeddable":true,"href":"https:\/\/www.europesays.com\/fr\/wp-json\/wp\/v2\/tags?post=368414"}],"curies":[{"name":"wp","href":"https:\/\/api.w.org\/{rel}","templated":true}]}}