{"id":368420,"date":"2025-09-05T15:04:09","date_gmt":"2025-09-05T15:04:09","guid":{"rendered":"https:\/\/www.europesays.com\/fr\/368420\/"},"modified":"2025-09-05T15:04:09","modified_gmt":"2025-09-05T15:04:09","slug":"le-supercalculateur-jupiter-peut-il-aider-leurope-a-gagner-la-course-a-lia","status":"publish","type":"post","link":"https:\/\/www.europesays.com\/fr\/368420\/","title":{"rendered":"Le supercalculateur Jupiter peut-il aider l\u2019Europe \u00e0 gagner la course \u00e0 l\u2019IA ?"},"content":{"rendered":"\n<p>\u201c1\u00a0000\u00a0000\u00a0000\u00a0000\u00a0000\u00a0000. Un 1\u00a0et 18\u00a0z\u00e9ros (&#8230;\u00a0). C\u2019est le nombre d\u2019op\u00e9rations que peut effectuer le nouveau superordinateur inaugur\u00e9 ce jour. Par seconde.\u201d Install\u00e9e \u00e0\u00a0J\u00fclich, \u00e0 l\u2019ouest de Cologne, la machine que <a href=\"https:\/\/www.spiegel.de\/politik\/deutschland\/news-bmw-modell-gegen-die-krise-kanzler-beim-supercomputer-boris-palmer-und-die-afd-a-eb809896-9840-45bc-8467-2e7841aa0865\" rel=\"nofollow noopener\" target=\"_blank\">d\u00e9crit le journal allemand <strong>Der Spiegel<\/strong><\/a><strong> <\/strong>est<strong> <\/strong>le premier supercalculateur exascale d\u2019Europe, fabriqu\u00e9 par le groupe fran\u00e7ais Atos. Baptis\u00e9 \u201cJupiter\u201d et financ\u00e9 \u00e0 parts \u00e9gales par l\u2019Allemagne et l\u2019Union europ\u00e9enne (UE), il est d\u00e9crit comme l\u2019ordinateur le plus rapide du Vieux Continent et le quatri\u00e8me plus puissant au monde.<\/p>\n<p>\u201cL\u2019incroyable efficacit\u00e9 \u00e9nerg\u00e9tique de Jupiter va marquer un tournant dans l\u2019histoire des technologies. Mais ce n\u2019est que secondaire\u201d, <a href=\"https:\/\/www.handelsblatt.com\/technik\/ki\/ki-merz-startet-supercomputer-jupiter-24000-nvidia-prozessoren-verbaut\/100152298.html\" rel=\"nofollow noopener\" target=\"_blank\">analyse le m\u00e9dia \u00e9conomique <strong>Handelsblatt<\/strong><\/a><strong>. <\/strong>Pour le gouvernement du chancelier conservateur <a href=\"https:\/\/www.courrierinternational.com\/sujet\/friedrich-merz\" rel=\"nofollow noopener\" target=\"_blank\">Friedrich Merz<\/a>, il s\u2019agit avant tout d\u2019un \u201csymbole de la souverainet\u00e9 europ\u00e9enne et du moteur d\u2019un nouvel \u00e9cosyst\u00e8me d\u2019innovation\u201d. Le supercalculateur \u201cse veut la preuve que l\u2019Allemagne joue dans la cour des grands en mati\u00e8re de technologies d\u2019avenir\u201d.<\/p>\n<p><a class=\"ithalc\" data-ithal=\"lien_externe\" data-ithalc=\"[nav_article]\" target=\"_blank\" href=\"https:\/\/www.t-online.de\/nachrichten\/tagesanbruch\/id_100812762\/niemand-in-der-ki-lok-computer-jupiter-wirft-schicksalsfrage-auf.html\" rel=\"nofollow noopener\"><strong>T-Online <\/strong>va dans le m\u00eame sens<\/a>. \u201cCette machine va propulser le secteur du num\u00e9rique allemand, notoirement \u00e0 la tra\u00eene, dans une autre dimension. Voir cet ordinateur ici, o\u00f9 la fibre optique passait jusqu\u2019\u00e0 pr\u00e9sent pour la pointe du progr\u00e8s, tiendrait presque du miracle.\u201d Le site <\/p>\n","protected":false},"excerpt":{"rendered":"\u201c1\u00a0000\u00a0000\u00a0000\u00a0000\u00a0000\u00a0000. Un 1\u00a0et 18\u00a0z\u00e9ros (&#8230;\u00a0). C\u2019est le nombre d\u2019op\u00e9rations que peut effectuer le nouveau superordinateur inaugur\u00e9 ce jour.&hellip;\n","protected":false},"author":2,"featured_media":368421,"comment_status":"","ping_status":"","sticky":false,"template":"","format":"standard","meta":{"footnotes":""},"categories":[1586],"tags":[11,672,1777,674,1011,27,3995,12,962,25,50294,17345],"class_list":{"0":"post-368420","1":"post","2":"type-post","3":"status-publish","4":"format-standard","5":"has-post-thumbnail","7":"category-europe","8":"tag-actualites","9":"tag-allemagne","10":"tag-eu","11":"tag-europe","12":"tag-fr","13":"tag-france","14":"tag-intelligence-artificielle-ia","15":"tag-news","16":"tag-nouvelles-technologies","17":"tag-republique-francaise","18":"tag-sciences-techno","19":"tag-sciences-et-environnement"},"share_on_mastodon":{"url":"https:\/\/pubeurope.com\/@fr\/115152307114060675","error":""},"_links":{"self":[{"href":"https:\/\/www.europesays.com\/fr\/wp-json\/wp\/v2\/posts\/368420","targetHints":{"allow":["GET"]}}],"collection":[{"href":"https:\/\/www.europesays.com\/fr\/wp-json\/wp\/v2\/posts"}],"about":[{"href":"https:\/\/www.europesays.com\/fr\/wp-json\/wp\/v2\/types\/post"}],"author":[{"embeddable":true,"href":"https:\/\/www.europesays.com\/fr\/wp-json\/wp\/v2\/users\/2"}],"replies":[{"embeddable":true,"href":"https:\/\/www.europesays.com\/fr\/wp-json\/wp\/v2\/comments?post=368420"}],"version-history":[{"count":0,"href":"https:\/\/www.europesays.com\/fr\/wp-json\/wp\/v2\/posts\/368420\/revisions"}],"wp:featuredmedia":[{"embeddable":true,"href":"https:\/\/www.europesays.com\/fr\/wp-json\/wp\/v2\/media\/368421"}],"wp:attachment":[{"href":"https:\/\/www.europesays.com\/fr\/wp-json\/wp\/v2\/media?parent=368420"}],"wp:term":[{"taxonomy":"category","embeddable":true,"href":"https:\/\/www.europesays.com\/fr\/wp-json\/wp\/v2\/categories?post=368420"},{"taxonomy":"post_tag","embeddable":true,"href":"https:\/\/www.europesays.com\/fr\/wp-json\/wp\/v2\/tags?post=368420"}],"curies":[{"name":"wp","href":"https:\/\/api.w.org\/{rel}","templated":true}]}}