{"id":368428,"date":"2025-09-05T15:08:12","date_gmt":"2025-09-05T15:08:12","guid":{"rendered":"https:\/\/www.europesays.com\/fr\/368428\/"},"modified":"2025-09-05T15:08:12","modified_gmt":"2025-09-05T15:08:12","slug":"comment-lia-bouleverse-notre-maniere-de-nous-informer","status":"publish","type":"post","link":"https:\/\/www.europesays.com\/fr\/368428\/","title":{"rendered":"Comment l&rsquo;IA bouleverse notre mani\u00e8re de nous informer\u00a0?"},"content":{"rendered":"<p>\t\t  Comment l&rsquo;IA bouleverse notre mani\u00e8re de nous informer\u00a0? | France Culture                                <\/p>\n<p class=\"qg-visually-hidden\" tabindex=\"-1\">Comment l&rsquo;IA bouleverse notre mani\u00e8re de nous informer\u00a0?<\/p>\n<ul class=\"SkipLinks-list svelte-ahqaie\">\n<li>  Contenu  <\/li>\n<li>  Lecteur audio  <\/li>\n<li>  Menu  <\/li>\n<li>  Pied de page  <\/li>\n<\/ul>\n<p role=\"heading\" aria-level=\"1\" class=\"qg-sr-only svelte-mociyb\">France Culture<\/p>\n<p>             <img decoding=\"async\" src=\"https:\/\/www.europesays.com\/fr\/wp-content\/uploads\/2025\/09\/1757084891_170_1280\" width=\"4096\" height=\"2731\" alt=\"R\u00e9daction du quotidien Le Monde \u00e0 Paris, 2023. \u00a9AFP - Jo\u00ebl Saguet\" loading=\"lazy\" fetchpriority=\"low\" data-testid=\"image-tag\" style=\"--_image-preview:url('data:image\/svg+xml,%3Csvg%20height%3D%221%22%20width%3D%221%22%0Axmlns%3D%22http%3A%2F%2Fwww.w3.org%2F2000%2Fsvg%22%3E%3Cdefs%3E%3Cfilter%20id%3D%22f1%22%20x%3D%220%22%20y%3D%220%22%0Axmlns%3D%22http%3A%2F%2Fwww.w3.org%2F2000%2Fsvg%22%3E%3CfeGaussianBlur%20in%3D%22SourceGraphic%22%20stdDeviation%3D%2230%22%0A%2F%3E%3C%2Ffilter%3E%3C%2Fdefs%3E%3Crect%20width%3D%22100%25%22%20height%3D%22100%25%22%20fill%3D%22%23%22%0Afilter%3D%22url(%23f1)%22%20%2F%3E%3C%2Fsvg%3E');\" aria-hidden=\"true\" class=\"svelte-1afbni6 ratio\" onload=\"this.__e=event\" onerror=\"this.__e=event\"\/> <\/p>\n<p>R\u00e9daction du quotidien Le Monde \u00e0 Paris, 2023. \u00a9AFP &#8211; Jo\u00ebl Saguet<\/p>\n<p>           <img decoding=\"async\" src=\"https:\/\/www.europesays.com\/fr\/wp-content\/uploads\/2025\/09\/400x400_sc_fc-lafabriquedelinformation-3000x3000-photo2.jpg\" width=\"400\" height=\"400\" alt=\"La Fabrique de l'information\" loading=\"lazy\" fetchpriority=\"low\" data-testid=\"image-tag\" style=\"--_image-preview:url('data:image\/svg+xml,&lt;svg height=&quot;100%&quot; width=&quot;100%&quot; xmlns=&quot;http:\/\/www.w3.org\/2000\/svg&quot;&gt;&lt;defs&gt;&lt;filter id=&quot;f1&quot; x=&quot;0&quot; y=&quot;0&quot; xmlns=&quot;http:\/\/www.w3.org\/2000\/svg&quot;&gt;&lt;feGaussianBlur in=&quot;SourceGraphic&quot; stdDeviation=&quot;30&quot; \/&gt;&lt;\/filter&gt;&lt;\/defs&gt;&lt;rect width=&quot;100%&quot; height=&quot;100%&quot; fill=&quot;%23484878&quot; filter=&quot;url(%23f1)&quot; \/&gt;&lt;\/svg&gt;');\" aria-hidden=\"true\" class=\"svelte-1n5zs1o ratio\" onload=\"this.__e=event\" onerror=\"this.__e=event\"\/>   <\/p>\n<p class=\"ExpressionSummary-standFirst qg-tt4 qg-xtra-lh svelte-ccn03w\" data-testid=\"ExpressionSummary-standFirst\"><strong>En France comme \u00e0 l&rsquo;\u00e9tranger, les partenariats se multiplient entre les grands m\u00e9dias et les acteurs de l&rsquo;IA. Si les r\u00e9dactions exp\u00e9rimentent de nouveaux outils, les lecteurs se tournent, eux-aussi, vers les \u00ab\u00a0chatbots\u00a0\u00bb pour s\u2019informer. Comment l\u2019IA bouleverse-t-elle notre rapport \u00e0 l\u2019information\u00a0? <\/strong><\/p>\n<p>Avec<\/p>\n<ul class=\"svelte-ccn03w\">\n<li class=\"qg-tx2 qg-xtra-lh svelte-ccn03w\"><a href=\"https:\/\/www.radiofrance.fr\/personnes\/bruno-patino\" data-testid=\"link\" class=\"svelte-1t7i9vq underline-hover\" rel=\"nofollow noopener\" target=\"_blank\">Bruno Patino,<\/a> pr\u00e9sident de la cha\u00eene franco-allemande ARTE<\/li>\n<li class=\"qg-tx2 qg-xtra-lh svelte-ccn03w\"><a href=\"https:\/\/www.radiofrance.fr\/personnes\/louis-dreyfus\" data-testid=\"link\" class=\"svelte-1t7i9vq underline-hover\" rel=\"nofollow noopener\" target=\"_blank\">Louis Dreyfus,<\/a> pr\u00e9sident du directoire du groupe Le Monde<\/li>\n<li class=\"qg-tx2 qg-xtra-lh svelte-ccn03w\">Kati Bremme, directrice Innovation et R\u00e9dactrice en chef M\u00e9ta-Media \u00e0 France T\u00e9l\u00e9visions<\/li>\n<\/ul>\n<p class=\"qg-tt3 PersonList-title svelte-169nyt2\">L&rsquo;\u00e9quipe<\/p>\n<ul class=\"PersonList-items g-unstyled-list qg-grid svelte-169nyt2\">\n<li class=\"CardPerson svelte-1wfrngy\" data-testid=\"card-person\"> <img decoding=\"async\" src=\"https:\/\/www.europesays.com\/fr\/wp-content\/uploads\/2025\/09\/120x120_sc_francois-saltiel-fond-blanc.jpg\" width=\"120\" height=\"120\" alt=\"Fran\u00e7ois Saltiel\" loading=\"lazy\" fetchpriority=\"low\" data-testid=\"image-tag\" style=\"--_image-preview:url('data:image\/svg+xml,%3Csvg%20height%3D%221%22%20width%3D%221%22%0Axmlns%3D%22http%3A%2F%2Fwww.w3.org%2F2000%2Fsvg%22%3E%3Cdefs%3E%3Cfilter%20id%3D%22f1%22%20x%3D%220%22%20y%3D%220%22%0Axmlns%3D%22http%3A%2F%2Fwww.w3.org%2F2000%2Fsvg%22%3E%3CfeGaussianBlur%20in%3D%22SourceGraphic%22%20stdDeviation%3D%2230%22%0A%2F%3E%3C%2Ffilter%3E%3C%2Fdefs%3E%3Crect%20width%3D%22100%25%22%20height%3D%22100%25%22%20fill%3D%22%23f8f8f8%22%0Afilter%3D%22url(%23f1)%22%20%2F%3E%3C%2Fsvg%3E');\" aria-hidden=\"true\" class=\"svelte-1afbni6 ratio\" onload=\"this.__e=event\" onerror=\"this.__e=event\"\/>\n<p>Journaliste, producteur de \u00ab\u00a0Un monde connect\u00e9\u00a0\u00bb et de la \u00ab\u00a0La Fabrique de l&rsquo;information\u00a0\u00bb sur France Culture<\/p>\n<\/li>\n<li class=\"CardPerson svelte-1wfrngy\" data-testid=\"card-person\">\n<p>Jos\u00e9phine Reinartz<\/p>\n<p>Collaboration<\/p>\n<\/li>\n<\/ul>\n","protected":false},"excerpt":{"rendered":"Comment l&rsquo;IA bouleverse notre mani\u00e8re de nous informer\u00a0? | France Culture Comment l&rsquo;IA bouleverse notre mani\u00e8re de nous&hellip;\n","protected":false},"author":2,"featured_media":368429,"comment_status":"","ping_status":"","sticky":false,"template":"","format":"standard","meta":{"footnotes":""},"categories":[4],"tags":[11,1011,27,12,25],"class_list":{"0":"post-368428","1":"post","2":"type-post","3":"status-publish","4":"format-standard","5":"has-post-thumbnail","7":"category-france","8":"tag-actualites","9":"tag-fr","10":"tag-france","11":"tag-news","12":"tag-republique-francaise"},"share_on_mastodon":{"url":"https:\/\/pubeurope.com\/@fr\/115152323096323050","error":""},"_links":{"self":[{"href":"https:\/\/www.europesays.com\/fr\/wp-json\/wp\/v2\/posts\/368428","targetHints":{"allow":["GET"]}}],"collection":[{"href":"https:\/\/www.europesays.com\/fr\/wp-json\/wp\/v2\/posts"}],"about":[{"href":"https:\/\/www.europesays.com\/fr\/wp-json\/wp\/v2\/types\/post"}],"author":[{"embeddable":true,"href":"https:\/\/www.europesays.com\/fr\/wp-json\/wp\/v2\/users\/2"}],"replies":[{"embeddable":true,"href":"https:\/\/www.europesays.com\/fr\/wp-json\/wp\/v2\/comments?post=368428"}],"version-history":[{"count":0,"href":"https:\/\/www.europesays.com\/fr\/wp-json\/wp\/v2\/posts\/368428\/revisions"}],"wp:featuredmedia":[{"embeddable":true,"href":"https:\/\/www.europesays.com\/fr\/wp-json\/wp\/v2\/media\/368429"}],"wp:attachment":[{"href":"https:\/\/www.europesays.com\/fr\/wp-json\/wp\/v2\/media?parent=368428"}],"wp:term":[{"taxonomy":"category","embeddable":true,"href":"https:\/\/www.europesays.com\/fr\/wp-json\/wp\/v2\/categories?post=368428"},{"taxonomy":"post_tag","embeddable":true,"href":"https:\/\/www.europesays.com\/fr\/wp-json\/wp\/v2\/tags?post=368428"}],"curies":[{"name":"wp","href":"https:\/\/api.w.org\/{rel}","templated":true}]}}