{"id":368434,"date":"2025-09-05T15:12:22","date_gmt":"2025-09-05T15:12:22","guid":{"rendered":"https:\/\/www.europesays.com\/fr\/368434\/"},"modified":"2025-09-05T15:12:22","modified_gmt":"2025-09-05T15:12:22","slug":"aryna-sabalenka-defendra-son-titre-en-finale-de-lus-open-face-a-amanda-anisimova","status":"publish","type":"post","link":"https:\/\/www.europesays.com\/fr\/368434\/","title":{"rendered":"Aryna Sabalenka d\u00e9fendra son titre en finale de l\u2019US Open face \u00e0 Amanda Anisimova"},"content":{"rendered":"<p>                          <img loading=\"lazy\" decoding=\"async\" src=\"https:\/\/www.europesays.com\/fr\/wp-content\/uploads\/2025\/09\/328e05f_ftp-import-images-1-vgpz1qrnqdo0-2025-09-05t011124z-810858663-mt1usatoday27001412-rtrmadp-3-.jpeg\" alt=\"La Bi\u00e9lorusse Aryna Sabalenka en demi-finale de l\u2019US Open face \u00e0 l\u2019Am\u00e9ricaine Jessica Pegula, \u00e0 New York, le 4\u00a0septembre\u00a02025.\"   width=\"664\" height=\"443\"\/>    La Bi\u00e9lorusse Aryna Sabalenka en demi-finale de l\u2019US Open face \u00e0 l\u2019Am\u00e9ricaine Jessica Pegula, \u00e0 New York, le 4\u00a0septembre\u00a02025.  MIKE FREY\/IMAGN IMAGES VIA REUTERS CONNECT                          <\/p>\n<p class=\"article__paragraph  \">La troisi\u00e8me et derni\u00e8re chance de l\u2019ann\u00e9e sera peut-\u00eatre la bonne. Battue en finale de l\u2019Open d\u2019Australie et de Roland-Garros, Aryna Sabalenka a atteint une nouvelle fois en\u00a02025\u00a0l\u2019ultime marche avant un titre en Grand Chelem en battant, jeudi 4\u00a0septembre, en demi-finale de l\u2019US Open, l\u2019Am\u00e9ricaine Jessica Pegula, \u00e0 New York.<\/p>\n<p class=\"article__paragraph  \">Sur un court Arthur-Ashe acquis \u00e0 la cause de son adversaire, la Bi\u00e9lorusse, num\u00e9ro\u00a01 mondiale, s\u2019est impos\u00e9e en trois manches (4-6, 6-3, 6-4). Elle affrontera en finale Amanda Anisimova \u2013 vainqueure de Naomi Osaka \u2013 pour tenter de conserver son titre acquis il y a un an, ce qu\u2019aucune joueuse n\u2019a su faire depuis Serena Williams, victorieuse sans discontinuer de 2012 \u00e0 2014.<\/p>\n<p class=\"article__paragraph  \">Le duel contre Pegula, 4e mondiale, \u2013 qu\u2019elle a d\u00e9sormais battue huit fois en dix confrontations \u2013, a pourtant mal d\u00e9marr\u00e9 jeudi\u00a0: d\u00e9break\u00e9e imm\u00e9diatement apr\u00e8s avoir pris le service de son adversaire, Sabalenka a c\u00e9d\u00e9 une deuxi\u00e8me fois son engagement face \u00e0 une Am\u00e9ricaine en fusion, multipliant services millim\u00e9tr\u00e9s et coups droits supersoniques.<\/p>\n<p class=\"article__paragraph  \">Sortie du court \u00e0 la fin du premier acte, la native de Minsk a eu une r\u00e9action d\u2019orgueil pour empocher le deuxi\u00e8me set face \u00e0 une Pegula soudain plus f\u00e9brile (neuf fautes directes dans le deuxi\u00e8me set contre trois dans le premier), qui s\u2019est peut-\u00eatre souvenu de l\u2019issue malheureuse de <a href=\"https:\/\/www.lemonde.fr\/sport\/article\/2024\/09\/08\/us-open-la-bielorusse-aryna-sabalenka-remporte-la-finale-face-a-l-americaine-jessica-pegula_6306948_3242.html?search-type=classic&amp;ise_click_rank=1\" rel=\"nofollow noopener\" target=\"_blank\">la derni\u00e8re finale de l\u2019US Open face \u00e0 la m\u00eame adversaire (d\u00e9faite 7-5, 7-5)<\/a>.<\/p>\n<p>                                       Lire aussi |  <a href=\"https:\/\/www.lemonde.fr\/sport\/article\/2025\/09\/03\/novak-djokovic-qualifie-pour-une-53e-demi-finale-d-un-tournoi-du-grand-chelem-a-l-us-open_6638650_3242.html\" class=\"js-article-read-also catcher--favoris__link\" data-premium=\"\" id=\"article-title-3436465\" rel=\"nofollow noopener\" target=\"_blank\">Novak Djokovic qualifi\u00e9 pour une 53\u1d49\u00a0demi-finale d\u2019un tournoi du\u00a0Grand Chelem \u00e0\u00a0l\u2019US Open<\/a>    <\/p>\n<p>   Lire plus tard  <\/p>\n<p>                          Un bras de fer de plus de deux heures                    <\/p>\n<p class=\"article__paragraph  \">Sabalenka a break\u00e9 d\u2019embl\u00e9e dans la manche d\u00e9cisive, un avantage qu\u2019elle a conserv\u00e9 tant bien que mal (quatre balles de d\u00e9break sauv\u00e9es) pour s\u2019adjuger le bras de fer en trois sets et un peu plus de deux heures de combat.<\/p>\n<p class=\"article__paragraph  \">\u00ab\u00a0Je suis super heureuse d\u2019\u00eatre de retour en finale\u00a0\u00bb, a savour\u00e9 la gagnante dans son interview d\u2019apr\u00e8s-match. \u00ab\u00a0J\u2019esp\u00e8re que je pourrai \u00e0 nouveau aller jusqu\u2019au bout. Samedi, je me battrai pour chaque point comme s\u2019il s\u2019agissait du dernier de ma vie\u00a0\u00bb, a ajout\u00e9 la Bi\u00e9lorusse, triple laur\u00e9ate en Grand Chelem (deux fois \u00e0 Melbourne, une fois \u00e0 New York).<\/p>\n<p class=\"article__paragraph  \">La num\u00e9ro\u00a01 mondiale est assur\u00e9e de conserver son tr\u00f4ne \u00e0 l\u2019issue de l\u2019US Open quelle que soit l\u2019issue de la finale. Mais elle compte bien empocher un quatri\u00e8me titre en Grand Chelem (deux \u00e0 Melbourne, un \u00e0 New York).<\/p>\n<p>                    Nouvelle finale pour Anisimova                    <\/p>\n<p class=\"article__paragraph  \">Pour cela, il lui faudra battre une autre Am\u00e9ricaine, Amanda Anisimova. La 9e joueuse mondiale a \u00e9limin\u00e9 en demi-finale la revenante Naomi Osaka (24e) au terme d\u2019un match de haute intensit\u00e9. Apr\u00e8s avoir perdu le premier set au tie-break, elle a r\u00e9sist\u00e9 \u00e0 la pression dans la deuxi\u00e8me manche pour s\u2019imposer \u00e9galement au tie-break.<\/p>\n<p> Newsletter  <\/p>\n<p> <a href=\"https:\/\/www.lemonde.fr\/newsletters\/sport\/\" class=\"inread__link js-services-inread-link\" target=\"_blank\" rel=\"nofollow noopener\">  <\/p>\n<p>\u00ab Sport \u00bb<\/p>\n<p>Enqu\u00eates, reportages, analyses : l&rsquo;actualit\u00e9 du sport dans votre bo\u00eete e-mail chaque samedi<\/p>\n<p>S&rsquo;inscrire<\/p>\n<p> <\/a>          <\/p>\n<p> Le Monde Guides d\u2019achat  <\/p>\n<p> <a href=\"https:\/\/www.lemonde.fr\/guides-d-achat\/article\/2018\/06\/30\/les-meilleurs-antivols-pour-attacher-son-velo_5323670_5306571.html\" class=\"inread__link js-services-inread-link\" target=\"_blank\" rel=\"nofollow noopener\">  <\/p>\n<p>Cadenas de v\u00e9lo<\/p>\n<p>Les meilleurs cadenas de v\u00e9lo<\/p>\n<p>Lire<\/p>\n<p> <\/a>      <\/p>\n<p> Newsletter  <\/p>\n<p> <a href=\"https:\/\/www.lemonde.fr\/newsletters\/sport\/\" class=\"inread__link js-services-inread-link\" target=\"_blank\" rel=\"nofollow noopener\">  <\/p>\n<p>\u00ab Sport \u00bb<\/p>\n<p>Enqu\u00eates, reportages, analyses : l&rsquo;actualit\u00e9 du sport dans votre bo\u00eete e-mail chaque samedi<\/p>\n<p>S&rsquo;inscrire<\/p>\n<p> <\/a>             <\/p>\n<p class=\"article__paragraph  \">Apr\u00e8s un bon d\u00e9part et un break rapide dans la manche d\u00e9cisive, Anisimova a tenu jusqu\u2019au bout pour s\u2019imposer 6-3\u00a0et s\u2019offrir une deuxi\u00e8me finale de Grand Chelem cons\u00e9cutive, apr\u00e8s Wimbledon en juillet.<\/p>\n<p class=\"article__paragraph  \">Balay\u00e9e 6-0, 6-0 par Iga Swiatek sur le gazon anglais, l\u2019Am\u00e9ricaine a trouv\u00e9 les ressources pour prendre sa revanche sur la Polonaise mercredi en quarts de finale. Il lui reste l\u2019obstacle Sabalenka \u2013 qu\u2019elle a battue six\u00a0fois en neuf confrontations \u2013 \u00e0 passer pour effacer le cauchemar londonien.<\/p>\n<p>                                       Lire aussi |  <a href=\"https:\/\/www.lemonde.fr\/sport\/article\/2025\/09\/04\/us-open-anisimova-fait-tomber-swiatek-pour-retrouver-osaka-en-demi-finale-felix-auger-aliassime-defiera-sinner_6638849_3242.html\" class=\"js-article-read-also catcher--favoris__link\" data-premium=\"\" id=\"article-title-3436624\" rel=\"nofollow noopener\" target=\"_blank\">US Open\u00a0: Anisimova fait tomber Swiatek pour retrouver Osaka en demi-finales\u00a0; F\u00e9lix Auger-Aliassime d\u00e9fiera Sinner<\/a>    <\/p>\n<p>   Lire plus tard  <\/p>\n<p class=\"author__detail\">  Le Monde avec AFP  <\/p>\n<p>                  <a href=\"https:\/\/www.lemonde.fr\/syndication\/\" class=\"reuse__content\" title=\"R\u00e9utiliser ce contenu\" target=\"_blank\" rel=\"nofollow noopener\">R\u00e9utiliser ce contenu<\/a>      <\/p>\n","protected":false},"excerpt":{"rendered":"La Bi\u00e9lorusse Aryna Sabalenka en demi-finale de l\u2019US Open face \u00e0 l\u2019Am\u00e9ricaine Jessica Pegula, \u00e0 New York, le&hellip;\n","protected":false},"author":2,"featured_media":368435,"comment_status":"","ping_status":"","sticky":false,"template":"","format":"standard","meta":{"footnotes":""},"categories":[1415],"tags":[1011,27,60,1467],"class_list":{"0":"post-368434","1":"post","2":"type-post","3":"status-publish","4":"format-standard","5":"has-post-thumbnail","7":"category-tennis","8":"tag-fr","9":"tag-france","10":"tag-sports","11":"tag-tennis"},"share_on_mastodon":{"url":"https:\/\/pubeurope.com\/@fr\/115152338538160125","error":""},"_links":{"self":[{"href":"https:\/\/www.europesays.com\/fr\/wp-json\/wp\/v2\/posts\/368434","targetHints":{"allow":["GET"]}}],"collection":[{"href":"https:\/\/www.europesays.com\/fr\/wp-json\/wp\/v2\/posts"}],"about":[{"href":"https:\/\/www.europesays.com\/fr\/wp-json\/wp\/v2\/types\/post"}],"author":[{"embeddable":true,"href":"https:\/\/www.europesays.com\/fr\/wp-json\/wp\/v2\/users\/2"}],"replies":[{"embeddable":true,"href":"https:\/\/www.europesays.com\/fr\/wp-json\/wp\/v2\/comments?post=368434"}],"version-history":[{"count":0,"href":"https:\/\/www.europesays.com\/fr\/wp-json\/wp\/v2\/posts\/368434\/revisions"}],"wp:featuredmedia":[{"embeddable":true,"href":"https:\/\/www.europesays.com\/fr\/wp-json\/wp\/v2\/media\/368435"}],"wp:attachment":[{"href":"https:\/\/www.europesays.com\/fr\/wp-json\/wp\/v2\/media?parent=368434"}],"wp:term":[{"taxonomy":"category","embeddable":true,"href":"https:\/\/www.europesays.com\/fr\/wp-json\/wp\/v2\/categories?post=368434"},{"taxonomy":"post_tag","embeddable":true,"href":"https:\/\/www.europesays.com\/fr\/wp-json\/wp\/v2\/tags?post=368434"}],"curies":[{"name":"wp","href":"https:\/\/api.w.org\/{rel}","templated":true}]}}