{"id":368436,"date":"2025-09-05T15:14:12","date_gmt":"2025-09-05T15:14:12","guid":{"rendered":"https:\/\/www.europesays.com\/fr\/368436\/"},"modified":"2025-09-05T15:14:12","modified_gmt":"2025-09-05T15:14:12","slug":"quartararo-testera-le-v4-de-yamaha-des-lundi","status":"publish","type":"post","link":"https:\/\/www.europesays.com\/fr\/368436\/","title":{"rendered":"Quartararo testera le V4 de Yamaha d\u00e8s lundi"},"content":{"rendered":"<p>Dans un premier temps, la firme aux diapasons avait annonc\u00e9 il y a deux semaines qu&rsquo;<a href=\"https:\/\/fr.motorsport.com\/driver\/augusto-fernandez\/452210\/\" target=\"_blank\" rel=\"noopener\">Augusto Fern\u00e1ndez<\/a> disputerait le prochain Grand Prix, la semaine prochaine \u00e0 Misano, avec ce fameux moteur V4. C&rsquo;est lors du test organis\u00e9 le lundi suivant, \u00e9galement sur le circuit Marco Simoncelli, que les pilotes officiels Yamaha, <a href=\"https:\/\/fr.motorsport.com\/driver\/fabio-quartararo\/109400\/\" target=\"_blank\" rel=\"noopener\">Fabio Quartararo<\/a> et <a href=\"https:\/\/fr.motorsport.com\/driver\/alex-rins\/109402\/\" target=\"_blank\" rel=\"noopener\">\u00c1lex Rins<\/a>, devaient initialement prendre un premier contact avec ce nouveau bloc.<\/p>\n<p>Toutefois, le constructeur d&rsquo;Iwata a choisi d&rsquo;acc\u00e9l\u00e9rer le programme : ce sera finalement d\u00e8s lundi prochain, lors d&rsquo;une journ\u00e9e d&rsquo;essais organis\u00e9e sur le Circuit de Barcelona-Catalunya, que le Fran\u00e7ais \u2013 et vraisemblablement \u00e9galement son co\u00e9quipier Rins \u2013 testeront le nouveau V4.<\/p>\n<p>Lire aussi :<\/p>\n<p>Le pilote ni\u00e7ois l&rsquo;a lui-m\u00eame confirm\u00e9 ce vendredi, apr\u00e8s la premi\u00e8re journ\u00e9e d&rsquo;essais \u00e0 Montmel\u00f3, qu&rsquo;il a termin\u00e9e en 11e position et donc hors du top 10 directement qualifi\u00e9 pour la Q2 pr\u00e9vue samedi.\u00a0<\/p>\n<p>\u00ab\u00a0Oui, lundi je testerai le moteur V4. Tout le monde le sait au final, donc ce n&rsquo;est plus un secret\u00a0\u00bb, a l\u00e2ch\u00e9 Quartararo apr\u00e8s la s\u00e9ance, qui presse Yamaha depuis plusieurs semaines pour acc\u00e9l\u00e9rer le d\u00e9veloppement de ce nouveau moteur.<\/p>\n<p>Jeudi encore, \u00e0 son arriv\u00e9e dans le paddock de Barcelone, il avait insist\u00e9 sur la n\u00e9cessit\u00e9 pour le constructeur japonais de passer la vitesse sup\u00e9rieure dans son d\u00e9veloppement.\u00a0\u00ab\u00a0Yamaha sait que nous avons plusieurs mois de retard dans le d\u00e9veloppement du moteur V4\u00a0\u00bb, a soulign\u00e9 le #20. Lundi, Yamaha devrait \u00e9galement partager la piste avec Honda.<\/p>\n<p>Il se trouve d&rsquo;ailleurs que c&rsquo;est sur ce m\u00eame circuit qu&rsquo;Augusto Fern\u00e1ndez avait fait rouler, il y a quelques mois, la premi\u00e8re version de la nouvelle M1, d\u00e9j\u00e0 \u00e9quip\u00e9e du V4, et depuis affin\u00e9e. Les donn\u00e9es recueillies \u00e0 l&rsquo;\u00e9poque devraient logiquement servir aux ing\u00e9nieurs pour \u00e9valuer les progr\u00e8s de ce moteur, qui poursuit deux objectifs \u00e9troitement li\u00e9s : faire franchir un cap \u00e0 la moto en termes de performance, et convaincre Quartararo de prolonger son contrat au-del\u00e0 de 2025.<\/p>\n<p>Dans cet article<\/p>\n<p>Soyez le premier inform\u00e9 et souscrivez aux alertes mails pour recevoir les infos en temps r\u00e9el<\/p>\n<p>    S&rsquo;abonner aux alertes de news<\/p>\n","protected":false},"excerpt":{"rendered":"Dans un premier temps, la firme aux diapasons avait annonc\u00e9 il y a deux semaines qu&rsquo;Augusto Fern\u00e1ndez disputerait&hellip;\n","protected":false},"author":2,"featured_media":368437,"comment_status":"","ping_status":"","sticky":false,"template":"","format":"standard","meta":{"footnotes":""},"categories":[1413],"tags":[25466,1680,1011,27,48377,1457,1456,1458,50296,60,3796],"class_list":{"0":"post-368436","1":"post","2":"type-post","3":"status-publish","4":"format-standard","5":"has-post-thumbnail","7":"category-moto","8":"tag-circuit-de-barcelona-catalunya","9":"tag-fabio-quartararo","10":"tag-fr","11":"tag-france","12":"tag-gp-de-catalogne","13":"tag-moto","14":"tag-motocycle","15":"tag-motogp","16":"tag-quartararo-testera-le-v4-de-yamaha-du00e8s-lundi","17":"tag-sports","18":"tag-yamaha-factory-racing"},"share_on_mastodon":{"url":"https:\/\/pubeurope.com\/@fr\/115152346447080713","error":""},"_links":{"self":[{"href":"https:\/\/www.europesays.com\/fr\/wp-json\/wp\/v2\/posts\/368436","targetHints":{"allow":["GET"]}}],"collection":[{"href":"https:\/\/www.europesays.com\/fr\/wp-json\/wp\/v2\/posts"}],"about":[{"href":"https:\/\/www.europesays.com\/fr\/wp-json\/wp\/v2\/types\/post"}],"author":[{"embeddable":true,"href":"https:\/\/www.europesays.com\/fr\/wp-json\/wp\/v2\/users\/2"}],"replies":[{"embeddable":true,"href":"https:\/\/www.europesays.com\/fr\/wp-json\/wp\/v2\/comments?post=368436"}],"version-history":[{"count":0,"href":"https:\/\/www.europesays.com\/fr\/wp-json\/wp\/v2\/posts\/368436\/revisions"}],"wp:featuredmedia":[{"embeddable":true,"href":"https:\/\/www.europesays.com\/fr\/wp-json\/wp\/v2\/media\/368437"}],"wp:attachment":[{"href":"https:\/\/www.europesays.com\/fr\/wp-json\/wp\/v2\/media?parent=368436"}],"wp:term":[{"taxonomy":"category","embeddable":true,"href":"https:\/\/www.europesays.com\/fr\/wp-json\/wp\/v2\/categories?post=368436"},{"taxonomy":"post_tag","embeddable":true,"href":"https:\/\/www.europesays.com\/fr\/wp-json\/wp\/v2\/tags?post=368436"}],"curies":[{"name":"wp","href":"https:\/\/api.w.org\/{rel}","templated":true}]}}