{"id":368440,"date":"2025-09-05T15:16:11","date_gmt":"2025-09-05T15:16:11","guid":{"rendered":"https:\/\/www.europesays.com\/fr\/368440\/"},"modified":"2025-09-05T15:16:11","modified_gmt":"2025-09-05T15:16:11","slug":"gregoire-simpose-devant-alaphilippe-et-prend-les-commandes","status":"publish","type":"post","link":"https:\/\/www.europesays.com\/fr\/368440\/","title":{"rendered":"Gr\u00e9goire s&rsquo;impose devant Alaphilippe et prend les commandes"},"content":{"rendered":"<p class=\"date\">\n                                                            Aur\u00e9lien Canot, Media365, publi\u00e9 le vendredi 05 septembre 2025 \u00e0 16h21\n                                                    <\/p>\n<p>La 4e \u00e9tape du Tour de Grande-Bretagne, ce vendredi, a donn\u00e9 lieu \u00e0 un doubl\u00e9 fran\u00e7ais. Romain Gr\u00e9goire, encore \u00e0 la lutte avec Julian Alaphilippe avant le dernier virage, a surpris l&rsquo;ancien double champion du monde pour s&rsquo;imposer tandis qu&rsquo;Aur\u00e9lien Paret-Peintre a termin\u00e9, lui, 4e de cette \u00e9tape qui a souri aux Tricolores. Le Bisontin endosse le maillot de leader.<\/p>\n<p>Doubl\u00e9 fran\u00e7ais sur le Tour de Grande-Bretagne et journ\u00e9e r\u00eav\u00e9e pour Romain Gr\u00e9goire ! La 4e \u00e9tape, ce vendredi entre Atherstone et Burton Dassett a souri \u00e0 nos repr\u00e9sentants et en particulier \u00e0 un Gr\u00e9goire plus costaud que tout le monde dans ce final en bosse parfaitement taill\u00e9 pour ses qualit\u00e9s de puncheur. Cette derni\u00e8re c\u00f4te au menu du jour &#8211; et \u00e0 grimper par trois fois &#8211; apr\u00e8s trois premi\u00e8res \u00e9tapes r\u00e9serv\u00e9es aux sprinteurs avait de quoi faire peur \u00e0 beaucoup de coureurs. Mais aucunement \u00e0 Gr\u00e9goire, qui devait \u00e9galement se douter en s&rsquo;\u00e9lan\u00e7ant plus t\u00f4t dans la journ\u00e9e pour les 186,9 kilom\u00e8tres au programme du jour que Julian Alaphilippe cocherait lui aussi cette date sur son agenda. Comme son jeune compatriote de 22 ans, l&rsquo;ancien double champion du monde, qui d\u00e9fend d\u00e9sormais les couleurs de l&rsquo;\u00e9quipe suisse Tudor, a d&rsquo;ailleurs d\u00fb s&rsquo;imaginer lever les bras en passant la ligne. L&rsquo;exp\u00e9rience d&rsquo; \u00ab\u00a0Alafpolak\u00a0\u00bb, toujours sans victoire depuis un an, n&rsquo;a pourtant pas eu raison de la fra\u00eecheur et de la fougue de la p\u00e9pite de l&rsquo;\u00e9quipe Groupama-FDJ. Les deux hommes, encore au coude \u00e0 coude avant le dernier virage, se sont bien disput\u00e9 la victoire sur cette 4e \u00e9tape au profil r\u00eav\u00e9e pour eux, mais le dernier mot est revenu au Bisontin.<\/p>\n<p><strong>Gr\u00e9goire nouveau leader, Alaphilippe sur le podium<\/strong><\/p>\n<p>Contrairement notamment au double champion olympique Remco Evenepoel, Gr\u00e9goire n&rsquo;avait d&rsquo;ailleurs rien tent\u00e9 avant de placer une terrible acc\u00e9l\u00e9ration \u00e0 la sortie de cette ultime courbe. Surpris, Alaphilippe a bien tent\u00e9 de r\u00e9agir, mais l&rsquo;\u00e9cart \u00e9tait d\u00e9j\u00e0 fait et la distance qui restait beaucoup trop courte pour emp\u00eacher le vainqueur de l&rsquo;Ard\u00e8che Classic cette saison de s&rsquo;offrir un troisi\u00e8me succ\u00e8s, lui qui avait \u00e9galement enlev\u00e9 une \u00e9tape du Tour de Suisse. Une journ\u00e9e faste pour les Tricolores &#8211; Aur\u00e9lien Paret-Peintre a termin\u00e9 4e de l&rsquo;\u00e9tape &#8211; et parfaite pour Gr\u00e9goire, nouveau leader. Sa foudroyante banderille ce vendredi au sommet de Burton Dassett permet en effet au vice-champion de France, qui empoche au passage dix secondes de bonification, de prendre les commandes du classement g\u00e9n\u00e9ral \u00e0 deux jours de l&rsquo;arriv\u00e9e finale \u00e0 Cardiff, avec deux secondes sur le Britannique Matthew Brennan mais \u00e9galement sur Alaphilippe, d\u00e9sormais troisi\u00e8me. La Marseillaise pourrait bien r\u00e9sonner dimanche dans le ciel gallois.<\/p>\n","protected":false},"excerpt":{"rendered":"Aur\u00e9lien Canot, Media365, publi\u00e9 le vendredi 05 septembre 2025 \u00e0 16h21 La 4e \u00e9tape du Tour de Grande-Bretagne,&hellip;\n","protected":false},"author":2,"featured_media":368441,"comment_status":"","ping_status":"","sticky":false,"template":"","format":"standard","meta":{"footnotes":""},"categories":[1411],"tags":[1154,207,1011,27,60],"class_list":{"0":"post-368440","1":"post","2":"type-post","3":"status-publish","4":"format-standard","5":"has-post-thumbnail","7":"category-cyclisme","8":"tag-cycling","9":"tag-cyclisme","10":"tag-fr","11":"tag-france","12":"tag-sports"},"share_on_mastodon":{"url":"https:\/\/pubeurope.com\/@fr\/115152354276589569","error":""},"_links":{"self":[{"href":"https:\/\/www.europesays.com\/fr\/wp-json\/wp\/v2\/posts\/368440","targetHints":{"allow":["GET"]}}],"collection":[{"href":"https:\/\/www.europesays.com\/fr\/wp-json\/wp\/v2\/posts"}],"about":[{"href":"https:\/\/www.europesays.com\/fr\/wp-json\/wp\/v2\/types\/post"}],"author":[{"embeddable":true,"href":"https:\/\/www.europesays.com\/fr\/wp-json\/wp\/v2\/users\/2"}],"replies":[{"embeddable":true,"href":"https:\/\/www.europesays.com\/fr\/wp-json\/wp\/v2\/comments?post=368440"}],"version-history":[{"count":0,"href":"https:\/\/www.europesays.com\/fr\/wp-json\/wp\/v2\/posts\/368440\/revisions"}],"wp:featuredmedia":[{"embeddable":true,"href":"https:\/\/www.europesays.com\/fr\/wp-json\/wp\/v2\/media\/368441"}],"wp:attachment":[{"href":"https:\/\/www.europesays.com\/fr\/wp-json\/wp\/v2\/media?parent=368440"}],"wp:term":[{"taxonomy":"category","embeddable":true,"href":"https:\/\/www.europesays.com\/fr\/wp-json\/wp\/v2\/categories?post=368440"},{"taxonomy":"post_tag","embeddable":true,"href":"https:\/\/www.europesays.com\/fr\/wp-json\/wp\/v2\/tags?post=368440"}],"curies":[{"name":"wp","href":"https:\/\/api.w.org\/{rel}","templated":true}]}}