{"id":368442,"date":"2025-09-05T15:17:15","date_gmt":"2025-09-05T15:17:15","guid":{"rendered":"https:\/\/www.europesays.com\/fr\/368442\/"},"modified":"2025-09-05T15:17:15","modified_gmt":"2025-09-05T15:17:15","slug":"pierre-lees-melou-evoque-son-transfert-rate-a-lol","status":"publish","type":"post","link":"https:\/\/www.europesays.com\/fr\/368442\/","title":{"rendered":"Pierre Lees-Melou \u00e9voque son transfert rat\u00e9 \u00e0 l\u2019OL"},"content":{"rendered":"<p itemprop=\"description\"><strong>D\u00e9sormais au Paris FC, Pierre Lees-Melou est revenu ce vendredi sur les raisons de l\u2019\u00e9chec de son transfert \u00e0 l\u2019OL.<\/strong><\/p>\n<p>Car l\u2019ancien Brestois a agit\u00e9 le mercato lyonnais pendant plusieurs semaines. A 32 ans, le milieu de terrain est une cible bien r\u00e9elle pour les dirigeants du club, comme il l\u2019a expliqu\u00e9 sur RMC : \u00ab\u00a0Le projet Lyon existait et les infos sont sorties donc on peut en parler. Les n\u00e9gociations ont dur\u00e9 beaucoup plus longtemps mais c\u2019\u00e9tait ind\u00e9pendant de ma volont\u00e9. C\u2019est s\u00fbr que Lyon \u00e9tait un projet int\u00e9ressant \u00e0 court terme car il y a l\u2019Europe\u00a0\u00bb.<\/p>\n<p>Mais c\u2019est un projet \u00e0 moyen-terme qui a fait pencher la balance pour <strong>Pierre Lees-Melou<\/strong> : \u00ab\u00a0A moyen terme, le Paris FC est un tr\u00e8s beau projet parce que certes, on parle de maintien cette saison, mais apr\u00e8s il y aura des ambitions. A 32 ans, je suis encore jeune donc je compte faire partie du projet\u00a0\u00bb.<\/p>\n<p>Promu en Ligue 1, les Parisiens croiseront la route de l\u2019OL le week-end du 29 octobre.<\/p>\n","protected":false},"excerpt":{"rendered":"D\u00e9sormais au Paris FC, Pierre Lees-Melou est revenu ce vendredi sur les raisons de l\u2019\u00e9chec de son transfert&hellip;\n","protected":false},"author":2,"featured_media":368443,"comment_status":"","ping_status":"","sticky":false,"template":"","format":"standard","meta":{"footnotes":""},"categories":[1410],"tags":[1111,11,2813,1109,1112,2257,63,1011,27,1922,1110,1114,2851,241,517,60],"class_list":{"0":"post-368442","1":"post","2":"type-post","3":"status-publish","4":"format-standard","5":"has-post-thumbnail","7":"category-football","8":"tag-actu","9":"tag-actualites","10":"tag-article","11":"tag-breves","12":"tag-depeches","13":"tag-foot","14":"tag-football","15":"tag-fr","16":"tag-france","17":"tag-info","18":"tag-informations","19":"tag-infos","20":"tag-lyonfoot","21":"tag-ol","22":"tag-sport","23":"tag-sports"},"share_on_mastodon":{"url":"https:\/\/pubeurope.com\/@fr\/115152358248234754","error":""},"_links":{"self":[{"href":"https:\/\/www.europesays.com\/fr\/wp-json\/wp\/v2\/posts\/368442","targetHints":{"allow":["GET"]}}],"collection":[{"href":"https:\/\/www.europesays.com\/fr\/wp-json\/wp\/v2\/posts"}],"about":[{"href":"https:\/\/www.europesays.com\/fr\/wp-json\/wp\/v2\/types\/post"}],"author":[{"embeddable":true,"href":"https:\/\/www.europesays.com\/fr\/wp-json\/wp\/v2\/users\/2"}],"replies":[{"embeddable":true,"href":"https:\/\/www.europesays.com\/fr\/wp-json\/wp\/v2\/comments?post=368442"}],"version-history":[{"count":0,"href":"https:\/\/www.europesays.com\/fr\/wp-json\/wp\/v2\/posts\/368442\/revisions"}],"wp:featuredmedia":[{"embeddable":true,"href":"https:\/\/www.europesays.com\/fr\/wp-json\/wp\/v2\/media\/368443"}],"wp:attachment":[{"href":"https:\/\/www.europesays.com\/fr\/wp-json\/wp\/v2\/media?parent=368442"}],"wp:term":[{"taxonomy":"category","embeddable":true,"href":"https:\/\/www.europesays.com\/fr\/wp-json\/wp\/v2\/categories?post=368442"},{"taxonomy":"post_tag","embeddable":true,"href":"https:\/\/www.europesays.com\/fr\/wp-json\/wp\/v2\/tags?post=368442"}],"curies":[{"name":"wp","href":"https:\/\/api.w.org\/{rel}","templated":true}]}}