{"id":368444,"date":"2025-09-05T15:18:12","date_gmt":"2025-09-05T15:18:12","guid":{"rendered":"https:\/\/www.europesays.com\/fr\/368444\/"},"modified":"2025-09-05T15:18:12","modified_gmt":"2025-09-05T15:18:12","slug":"le-temoignage-de-delormeau-sur-la-cocaine-est-sincere-mais-maladroit-pour-cet-addictologue","status":"publish","type":"post","link":"https:\/\/www.europesays.com\/fr\/368444\/","title":{"rendered":"Le t\u00e9moignage de Delormeau sur la coca\u00efne est sinc\u00e8re mais maladroit, pour cet addictologue"},"content":{"rendered":"<p>        <img decoding=\"async\" loading=\"lazy\" src=\"https:\/\/www.europesays.com\/fr\/wp-content\/uploads\/2025\/09\/b2d1b19_upload-1-gli0rftk4ysl-gzyk6oyw8aaqb5t.jfif.jpeg\"  width=\"728\" height=\"409\" alt=\"\u00ab C\u2019est tr\u00e8s bien de parler de ce sujet \u00e0 une heure de grande \u00e9coute, mais il ne faut pas oublier que l\u2019addiction n\u2019arrive pas par hasard \u00bb, explique Christophe Cutarella.\"\/>  <\/p>\n<p>W9\u00a0capture d\u2019\u00e9cran<\/p>\n<p>\u00ab C\u2019est tr\u00e8s bien de parler de ce sujet \u00e0 une heure de grande \u00e9coute, mais il ne faut pas oublier que l\u2019addiction n\u2019arrive pas par hasard \u00bb, explique Christophe Cutarella.<\/p>\n<p class=\"asset asset-text\">ADDICTIONS &#8211; Deux ans que l\u2019on ne l\u2019avait plus vu \u00e0 la t\u00e9l\u00e9vision. C\u2019est dans Tout beau, tout n9uf, <a href=\"https:\/\/www.huffingtonpost.fr\/divertissement\/article\/cyril-hanouna-commence-tout-beau-tout-neuf-sur-w9-et-recoit-les-encouragements-de-son-ancien-patron_254266.html\" target=\"_blank\" rel=\"noopener\">la nouvelle \u00e9mission de Cyril Hanouna<\/a> sur W9, que l\u2019ancien chroniqueur et producteur Matthieu Delormeau a d\u00e9cid\u00e9 de <a href=\"https:\/\/www.huffingtonpost.fr\/medias\/article\/pourquoi-le-retour-de-matthieu-delormeau-chez-cyril-hanouna-est-si-dur-a-regarder_254290.html\" target=\"_blank\" rel=\"noopener\">faire son grand retour<\/a>.<\/p>\n<p class=\"asset asset-text\">Non pas pour jouer \u00e0 nouveau les trublions ou les souffre-douleurs face \u00e0 l\u2019<a href=\"https:\/\/www.huffingtonpost.fr\/divertissement\/article\/tout-beau-tout-n9uf-matthieu-delormeau-annonce-pendant-toute-l-emission-finalement-absent_254334.html\" target=\"_blank\" rel=\"noopener\">ex-animateur de TPMP<\/a>, mais pour \u00e9voquer sans d\u00e9tour le long passage \u00e0 vide qu\u2019il a endur\u00e9 depuis son d\u00e9part de l\u2019\u00e9mission, marqu\u00e9 par ses d\u00e9boires judiciaires et sa d\u00e9pendance \u00e0 la coca\u00efne.<\/p>\n<p class=\"asset asset-text\">Si aujourd\u2019hui, il assure \u00eatre \u00ab\u00a0en forme\u00a0\u00bb et \u00ab\u00a0ne plus se droguer\u00a0\u00bb, le quinquag\u00e9naire reconna\u00eet que les mois qui ont suivi son d\u00e9part de TPMP ont \u00e9t\u00e9 \u00ab\u00a0tr\u00e8s durs\u00a0\u00bb. \u00ab\u00a0Quand j\u2019ai quitt\u00e9 l\u2019\u00e9mission il y a deux ans, personne n\u2019a voulu travailler avec moi\u00a0\u00bb, raconte celui qui \u00e9voque, p\u00eale-m\u00eale, les difficult\u00e9s financi\u00e8res de sa bo\u00eete de production, la maladie de son associ\u00e9, une rupture amoureuse pour expliquer l\u2019origine de son addiction.<\/p>\n<p class=\"asset asset-text\">\u00ab\u00a0Tr\u00e8s malheureux\u00a0\u00bb, en proie \u00e0 des crises d\u2019anxi\u00e9t\u00e9, Matthieu Delormeau explique avoir \u00ab\u00a0go\u00fbt\u00e9 \u00e0 un produit\u00a0\u00bb, la coca\u00efne, lors d\u2019un d\u00eener entre amis. \u00ab\u00a0Je me suis rendu compte que lorsque j\u2019en prenais, j\u2019allais tr\u00e8s bien, l\u2019anxi\u00e9t\u00e9 s\u2019arr\u00eatait.\u00a0\u00bb<\/p>\n<p class=\"asset asset-text\">Accro en quelques semaines \u00e0 la coca\u00efne, qui lui permet d\u2019abord de \u00ab\u00a0travailler en deux heures ce que tu faisais en quatre avant\u00a0\u00bb, Matthieu Delormeau revient ensuite sur sa longue descente aux enfers, \u00e9maill\u00e9e de gardes \u00e0 vue et de tentatives de sevrage seul ou en clinique. Son objectif, assure-t-il, est de faire de la pr\u00e9vention. \u00ab\u00a0J\u2019aimerais dire aux jeunes que c\u2019est une catastrophe, que \u00e7a ruine des vies. J\u2019aimerais aussi m\u2019adresser aux m\u00e8res de famille\u00a0: faites attention \u00e0 ce que prennent vos m\u00f4mes\u00a0\u00bb, l\u00e2che-t-il sous les applaudissements du public.<\/p>\n<p class=\"asset asset-text\">Aussi sinc\u00e8re la d\u00e9marche de Matthieu Delormeau soit-elle, que penser de ce type de prise de parole, sur un plateau de t\u00e9l\u00e9vision, sans intervention de sp\u00e9cialiste\u00a0? Peut-elle contribuer \u00e0 sensibiliser le public aux cons\u00e9quences de l\u2019addiction \u00e0 la drogue ou, au contraire, la banaliser\u00a0? \u00c9clairage du docteur <a href=\"https:\/\/christophecutarella.com\/\" target=\"_blank\" rel=\"noopener\" title=\"Nouvelle fen\u00eatre\">Christophe Cutarella<\/a>, psychiatre addictologue \u00e0 Marseille.<\/p>\n<p>    Le HuffPost. \u00c9voquer son addiction \u00e0 la coca\u00efne sur le plateau d\u2019une \u00e9mission comme celle de Cyril Hanouna peut-il permettre de sensibiliser le public\u00a0?    <\/p>\n<p class=\"asset asset-text\"><strong>Christophe Cutarella. <\/strong>Prendre la parole pour \u00e9voquer son exp\u00e9rience pour lever le tabou sur l\u2019addiction est toujours une bonne chose. Ce qu\u2019il manque ici, c\u2019est la pr\u00e9sence un m\u00e9decin addictologue qui viendrait mod\u00e9rer ce qui est dit avec son expertise scientifique. Mais est-ce qu\u2019un addictologue accepterait d\u2019aller dans <a href=\"https:\/\/www.huffingtonpost.fr\/medias\/article\/tout-beau-tout-n9uf-cyril-hanouna-sort-deja-des-rails-apres-une-arrivee-digne-de-las-vegas_254279.html\" target=\"_blank\" rel=\"noopener\">ce genre d\u2019\u00e9mission<\/a>\u00a0? Je ne sais pas.<\/p>\n<p class=\"asset asset-text\">Par ailleurs, cette prise de parole a quand m\u00eame \u00e9t\u00e9 tr\u00e8s longue. Il y a sans doute des choses \u00e0 garder, et d\u2019autres plus maladroites qui ont \u00e9t\u00e9 exprim\u00e9es. Il existe des patients experts, qui poss\u00e8dent une vraie expertise dans leur maladie, sont form\u00e9s et dipl\u00f4m\u00e9s pour parler de leur exp\u00e9rience, personnelle et scientifique. L\u00e0, Matthieu Delormeau est un patient tout court. Qui a une notori\u00e9t\u00e9, certes, mais par pour son expertise sur la consommation de coca\u00efne.<\/p>\n<p class=\"asset asset-text\">Sensibiliser, c\u2019est toujours bien, mais pour que ce soit efficace, il faut bien le faire. Mais, lever le tabou, rappeler qu\u2019il existe des structures de cure qui permettent une prise en charge efficace des addictions, quelles qu\u2019elles soient, et qu\u2019il ne faut pas h\u00e9siter \u00e0 demander de l\u2019aide, c\u2019est d\u00e9j\u00e0 positif.<\/p>\n<p>    Matthieu Delormeau \u00e9voque justement son passage en cure dans une clinique, qu\u2019il compare \u00e0 une \u00ab\u00a0prison\u00a0\u00bb\u2026    <\/p>\n<p class=\"asset asset-text\">C\u2019est certain que ce genre de propos n\u2019incite pas \u00e0 demander de l\u2019aide. Typiquement, avoir \u00e0 ce moment-l\u00e0 un professionnel en plateau pour rappeler que tous les \u00e9tablissements ne se valent pas, et qu\u2019il y a toujours des personnes sur place pour aider, aurait \u00e9t\u00e9 judicieux. Venir mod\u00e9rer les propos, c\u2019est toujours mieux.<\/p>\n<p class=\"asset asset-text\">Encore une fois, il ne faut pas refuser de consid\u00e9rer les t\u00e9moignages d\u2019anciens consommateurs, car ils sont importants. Le discours des pairs r\u00e9sonne diff\u00e9remment de celui des professionnels. Il faut simplement que ce discours de patients soit bien cadr\u00e9. C\u2019est le cas lorsqu\u2019il s\u2019agit d\u2019un patient expert ou du t\u00e9moignage \u00e9manant d\u2019une association d\u2019anciens consommateurs, par exemple. Il ne faut pas oublier que l\u2019addictologie est une discipline m\u00e9dicale et que les discours maladroits ne sont pas efficaces.<\/p>\n<p>    Matthieu Delormeau raconte avoir eu beaucoup de difficult\u00e9s \u00e0 arr\u00eater. Est-ce courant chez les consommateurs de coca\u00efne\u00a0?    <\/p>\n<p class=\"asset asset-text\">C\u2019est l\u2019essence m\u00eame de la d\u00e9pendance psychique, tr\u00e8s marqu\u00e9e dans la consommation de coca\u00efne. C\u2019est ce qu\u2019on appelle le \u00ab\u00a0craving\u00a0\u00bb\u00a0: une compulsion \u00e0 consommer et une perte de contr\u00f4le, qu\u2019\u00e9voque Matthieu Delormeau. Apr\u00e8s, l\u00e0 o\u00f9 je mod\u00e9rerais ses propos, c\u2019est que ce n\u2019est pas un proc\u00e9d\u00e9 qui va s\u2019appliquer \u00e0 tout le monde. 15\u00a0% des personnes qui vont tester la coca\u00efne vont devenir addicts, ce qui est d\u00e9j\u00e0 \u00e9norme, d\u2019autant qu\u2019il y a de plus en plus d\u2019exp\u00e9rimentateurs. Mais ce n\u2019est pas le cas de <a href=\"https:\/\/www.huffingtonpost.fr\/life\/article\/cocaine-le-nombre-de-consommateurs-francais-a-presque-double-en-l-espace-d-un-an_244850.html\" target=\"_blank\" rel=\"noopener\">toutes les personnes qui vont en consommer<\/a>.<\/p>\n<p class=\"asset asset-text\">Ce chiffre sous-tend une question\u00a0: pourquoi certaines personnes deviennent plus addicts que d\u2019autres\u00a0? Il existe des facteurs g\u00e9n\u00e9tiques, mais aussi des facteurs environnementaux, personnels, etc., qu\u2019il faut aussi prendre en compte.<\/p>\n<p>    Qu\u2019auriez-vous pu ajouter si vous aviez \u00e9t\u00e9 sur le plateau de l\u2019\u00e9mission\u00a0?    <\/p>\n<p class=\"asset asset-text\">J\u2019aurais pu mod\u00e9rer les propos qui sont tenus. C\u2019est tr\u00e8s bien de parler de ce sujet \u00e0 une heure de grande \u00e9coute, mais il ne faut pas oublier que l\u2019addiction n\u2019arrive pas par hasard. \u00catre addict, ce n\u2019est pas que consommer\u00a0: c\u2019est plus que \u00e7a. C\u2019est une pathologie, prise en charge par des \u00e9quipes pluridisciplinaires, et qui cache souvent des probl\u00e8mes beaucoup plus profonds qu\u2019il faut aussi prendre en charge.<\/p>\n","protected":false},"excerpt":{"rendered":"W9\u00a0capture d\u2019\u00e9cran \u00ab C\u2019est tr\u00e8s bien de parler de ce sujet \u00e0 une heure de grande \u00e9coute, mais&hellip;\n","protected":false},"author":2,"featured_media":361786,"comment_status":"","ping_status":"","sticky":false,"template":"","format":"standard","meta":{"footnotes":""},"categories":[1359],"tags":[6654,1083,58,59,1011,27,5656,7830,973,71,252],"class_list":{"0":"post-368444","1":"post","2":"type-post","3":"status-publish","4":"format-standard","5":"has-post-thumbnail","7":"category-people","8":"tag-addiction","9":"tag-cyril-hanouna","10":"tag-divertissement","11":"tag-entertainment","12":"tag-fr","13":"tag-france","14":"tag-life","15":"tag-matthieu-delormeau","16":"tag-people","17":"tag-sante","18":"tag-television"},"share_on_mastodon":{"url":"https:\/\/pubeurope.com\/@fr\/115152362404159351","error":""},"_links":{"self":[{"href":"https:\/\/www.europesays.com\/fr\/wp-json\/wp\/v2\/posts\/368444","targetHints":{"allow":["GET"]}}],"collection":[{"href":"https:\/\/www.europesays.com\/fr\/wp-json\/wp\/v2\/posts"}],"about":[{"href":"https:\/\/www.europesays.com\/fr\/wp-json\/wp\/v2\/types\/post"}],"author":[{"embeddable":true,"href":"https:\/\/www.europesays.com\/fr\/wp-json\/wp\/v2\/users\/2"}],"replies":[{"embeddable":true,"href":"https:\/\/www.europesays.com\/fr\/wp-json\/wp\/v2\/comments?post=368444"}],"version-history":[{"count":0,"href":"https:\/\/www.europesays.com\/fr\/wp-json\/wp\/v2\/posts\/368444\/revisions"}],"wp:featuredmedia":[{"embeddable":true,"href":"https:\/\/www.europesays.com\/fr\/wp-json\/wp\/v2\/media\/361786"}],"wp:attachment":[{"href":"https:\/\/www.europesays.com\/fr\/wp-json\/wp\/v2\/media?parent=368444"}],"wp:term":[{"taxonomy":"category","embeddable":true,"href":"https:\/\/www.europesays.com\/fr\/wp-json\/wp\/v2\/categories?post=368444"},{"taxonomy":"post_tag","embeddable":true,"href":"https:\/\/www.europesays.com\/fr\/wp-json\/wp\/v2\/tags?post=368444"}],"curies":[{"name":"wp","href":"https:\/\/api.w.org\/{rel}","templated":true}]}}