{"id":368450,"date":"2025-09-05T15:22:11","date_gmt":"2025-09-05T15:22:11","guid":{"rendered":"https:\/\/www.europesays.com\/fr\/368450\/"},"modified":"2025-09-05T15:22:11","modified_gmt":"2025-09-05T15:22:11","slug":"le-chanteur-a-fait-une-promesse-a-sa-mere","status":"publish","type":"post","link":"https:\/\/www.europesays.com\/fr\/368450\/","title":{"rendered":"le chanteur a fait une promesse \u00e0 sa m\u00e8re"},"content":{"rendered":"<p>Kendji Girac s\u2019est lanc\u00e9 dans une nouvelle initiative proche de son c\u0153ur. <a href=\"https:\/\/www.20minutes.fr\/arts-stars\/people\/4119687-20241105-kendji-girac-aspire-vie-tranquille-liam-gallagher-impressionne-nouvelles-chansons-oasis\" target=\"_blank\" class=\"c-link c-link--is-underlined\" rel=\"noopener\">Le chanteur<\/a> a particip\u00e9 \u00e0 un d\u00e9fi avec France T\u00e9l\u00e9visions\u00a0: accompagner avec des experts sept personnes illettr\u00e9es pendant huit semaines pour leur apprendre \u00e0 lire et \u00e9crire. Le tout rapport\u00e9 dans une \u00e9mission, J\u2019ai pas les mots &#8211; 8 semaines pour sortir de l\u2019illettrisme, dont la diffusion est pr\u00e9vue le mardi 9\u00a0septembre \u00e0 21h10 <a href=\"https:\/\/www.francetelevisions.fr\/et-vous\/mon-offre-fidelite\/autres-operations-fidelite\/jai-pas-les-mots-8-semaines-pour-sortir-de-lillettrisme-46534#:~:text=En%20redonnant%20%C3%A0%20ces%20participants,les%20mots%20peuvent%20tout%20changer%E2%80%A6\" rel=\"nofollow noopener\" target=\"_blank\" class=\"c-link c-link--is-underlined\">sur France 2<\/a>.<\/p>\n<p>Parrain du programme, <a href=\"https:\/\/www.20minutes.fr\/dossier\/kendji\" class=\"c-link c-link--is-underlined\" target=\"_blank\" rel=\"noopener\">Kendji Girac<\/a> en a profit\u00e9 pour aborder cette semaine dans les pages de <a href=\"https:\/\/www.gala.fr\/l_actu\/news_de_stars\/kendji-girac-sa-mere-touchee-par-l-illettrisme-il-lui-a-fait-une-promesse-qui-lui-tient-a-coeur-20250905\" rel=\"nofollow noopener\" target=\"_blank\" class=\"c-link c-link--is-underlined\">Cin\u00e9 T\u00e9l\u00e9 Revue<\/a> ses m\u00e9moires, intitul\u00e9s <a href=\"https:\/\/www.20minutes.fr\/arts-stars\/culture\/4166327-20250801-chanteur-kendji-girac-va-raconter-vie-livre-sortira-octobre\" target=\"_blank\" class=\"c-link c-link--is-underlined\" rel=\"noopener\">Mi Vida<\/a>, que les lecteurs pourront d\u00e9couvrir \u00e0 partir du 1er\u00a0octobre prochain. \u00ab\u00a0C\u2019est quelque chose que j\u2019imaginais impossible \u00e0 faire\u00a0\u00bb, a confi\u00e9 celui qui se qualifie de \u00ab\u00a0gitan\u00a0\u00bb et de \u00ab\u00a0nomade\u00a0\u00bb, ayant \u00ab\u00a0loup\u00e9 l\u2019\u00e9cole\u00a0\u00bb alors qu\u2019il passait va vie en famille \u00ab\u00a0sur les routes\u00a0\u00bb. \u00ab\u00a0C\u2019est une fiert\u00e9, ce livre, pour moi et la preuve que je travaille tous les jours. Je lis tous les jours, j\u2019\u00e9cris beaucoup plus. Je me sers de cette libert\u00e9. Le plaisir pour moi est immense de mettre enfin des mots sur mon histoire\u00a0\u00bb.<\/p>\n<p>\u00ab\u00a0Ce n\u2019est pas une honte\u00a0\u00bb<\/p>\n<p>Et cette histoire, <a href=\"https:\/\/www.20minutes.fr\/arts-stars\/people\/4154274-20250519-compagne-kendji-girac-soraya-accouche-deuxieme-enfant\" target=\"_blank\" class=\"c-link c-link--is-underlined\" rel=\"noopener\">Kendji Girac<\/a> compte bien la raconter \u00e0 sa \u00ab\u00a0mama\u00a0\u00bb m\u00eame si cette derni\u00e8re \u00ab\u00a0ne pourra jamais lire ces lignes\u00a0\u00bb en raison de son illettrisme. \u00ab\u00a0Elle dit qu\u2019\u00e0 son \u00e2ge, il est trop tard pour apprendre. Alors je me suis fait une promesse\u00a0: moi son fils, je les lirai pour elle\u00a0\u00bb, a-t-il assur\u00e9, pr\u00e9cisant que son ouvrage serait aussi disponible \u00ab\u00a0en audio\u00a0\u00bb, \u00ab\u00a0pour que les personnes qui ne savent pas lire puissent l\u2019\u00e9couter et pour ma m\u00e8re, pour qu\u2019elle apprenne des choses sur moi que je ne lui ai jamais dite\u00a0\u00bb.<\/p>\n<p>Pourtant, l\u2019artiste de 29 ans a lui aussi \u00ab\u00a0connu le doute\u00a0\u00bb et souffert de \u00ab\u00a0lacunes\u00a0\u00bb \u00e0 l\u2019\u00e9cole, qu\u2019il a quitt\u00e9 jeune, en raison de ses difficult\u00e9s de r\u00e9daction. D\u00e9sormais pr\u00eat \u00e0 partager son histoire au monde, Kendji Girac s\u2019est appliqu\u00e9 \u00e0 tendre la main vers ceux qui continuent de lutter contre l\u2019illettrisme. \u00ab\u00a0Ce n\u2019est pas une honte d\u2019avoir des lacunes, le plus important, c\u2019est d\u2019en parler\u00a0\u00bb, a-t-il affirm\u00e9. \u00ab\u00a0Si je peux leur faire part de mon histoire pour qu\u2019ils se sentent bien, alors je suis l\u00e0, pour avancer avec eux\u00a0\u00bb.<\/p>\n","protected":false},"excerpt":{"rendered":"Kendji Girac s\u2019est lanc\u00e9 dans une nouvelle initiative proche de son c\u0153ur. Le chanteur a particip\u00e9 \u00e0 un&hellip;\n","protected":false},"author":2,"featured_media":368451,"comment_status":"","ping_status":"","sticky":false,"template":"","format":"standard","meta":{"footnotes":""},"categories":[1355],"tags":[5587,58,59,1011,27,2400,50298,7780,1361,873,973,252,133],"class_list":{"0":"post-368450","1":"post","2":"type-post","3":"status-publish","4":"format-standard","5":"has-post-thumbnail","7":"category-musique","8":"tag-autobiographie","9":"tag-divertissement","10":"tag-entertainment","11":"tag-fr","12":"tag-france","13":"tag-france-televisions","14":"tag-illettrisme","15":"tag-kendji-girac","16":"tag-music","17":"tag-musique","18":"tag-people","19":"tag-television","20":"tag-video"},"share_on_mastodon":{"url":"https:\/\/pubeurope.com\/@fr\/115152378064606266","error":""},"_links":{"self":[{"href":"https:\/\/www.europesays.com\/fr\/wp-json\/wp\/v2\/posts\/368450","targetHints":{"allow":["GET"]}}],"collection":[{"href":"https:\/\/www.europesays.com\/fr\/wp-json\/wp\/v2\/posts"}],"about":[{"href":"https:\/\/www.europesays.com\/fr\/wp-json\/wp\/v2\/types\/post"}],"author":[{"embeddable":true,"href":"https:\/\/www.europesays.com\/fr\/wp-json\/wp\/v2\/users\/2"}],"replies":[{"embeddable":true,"href":"https:\/\/www.europesays.com\/fr\/wp-json\/wp\/v2\/comments?post=368450"}],"version-history":[{"count":0,"href":"https:\/\/www.europesays.com\/fr\/wp-json\/wp\/v2\/posts\/368450\/revisions"}],"wp:featuredmedia":[{"embeddable":true,"href":"https:\/\/www.europesays.com\/fr\/wp-json\/wp\/v2\/media\/368451"}],"wp:attachment":[{"href":"https:\/\/www.europesays.com\/fr\/wp-json\/wp\/v2\/media?parent=368450"}],"wp:term":[{"taxonomy":"category","embeddable":true,"href":"https:\/\/www.europesays.com\/fr\/wp-json\/wp\/v2\/categories?post=368450"},{"taxonomy":"post_tag","embeddable":true,"href":"https:\/\/www.europesays.com\/fr\/wp-json\/wp\/v2\/tags?post=368450"}],"curies":[{"name":"wp","href":"https:\/\/api.w.org\/{rel}","templated":true}]}}