{"id":368452,"date":"2025-09-05T15:23:15","date_gmt":"2025-09-05T15:23:15","guid":{"rendered":"https:\/\/www.europesays.com\/fr\/368452\/"},"modified":"2025-09-05T15:23:15","modified_gmt":"2025-09-05T15:23:15","slug":"premiers-details-flippants-sur-la-suite-du-film-vertigineux-avec-un-super-nouveau-decor","status":"publish","type":"post","link":"https:\/\/www.europesays.com\/fr\/368452\/","title":{"rendered":"premiers d\u00e9tails flippants sur la suite du film vertigineux, avec un super nouveau d\u00e9cor"},"content":{"rendered":"<p><strong>Apr\u00e8s le succ\u00e8s du premier <a href=\"https:\/\/www.ecranlarge.com\/films\/1436066-fall\" data-type=\"films\" data-id=\"692520\" rel=\"nofollow noopener\" target=\"_blank\">Fall<\/a>, <a href=\"https:\/\/www.ecranlarge.com\/films\/fall-2\" data-type=\"films\" data-id=\"1335261\" rel=\"nofollow noopener\" target=\"_blank\">Fall 2<\/a> arrive pour raconter un autre cauchemar vertigineux, et voil\u00e0 les premiers d\u00e9tails<\/strong> <strong>(qui donnent d\u00e9j\u00e0 des sueurs froides).<\/strong><\/p>\n<p>Si vous avez ne serait-ce qu\u2019un tout petit peu <strong>le sens du vertige<\/strong>, vous avez s\u00fbrement une liste de films et de sc\u00e8nes \u00e0 \u00e9viter \u2013 ou \u00e0 revoir, pour les masos. Au hasard : l\u2019intro de <a href=\"https:\/\/www.youtube.com\/watch?v=PPvYfNg8XmY\" data-type=\"link\" data-id=\"https:\/\/www.youtube.com\/watch?v=PPvYfNg8XmY\" target=\"_blank\" rel=\"noopener nofollow\"><strong>Cliffhanger <\/strong>avec Stallone<\/a>, l\u2019intro de sa <a href=\"https:\/\/www.ecranlarge.com\/films\/dossier\/1425774-vertical-limit-y-a-t-il-quelque-chose-a-sauver-dans-ce-sous-cliffhanger\" data-type=\"link\" data-id=\"https:\/\/www.ecranlarge.com\/films\/dossier\/1425774-vertical-limit-y-a-t-il-quelque-chose-a-sauver-dans-ce-sous-cliffhanger\" rel=\"nofollow noopener\" target=\"_blank\">copie presque conforme <strong>Vertical Limit<\/strong><\/a>, quelques sc\u00e8nes terrifiantes de <strong>La Tour infernale<\/strong>, l\u2019incroyable <strong>Free Solo<\/strong>, ou encore la moiti\u00e9 des cascades de <a href=\"https:\/\/www.ecranlarge.com\/films\/dossier\/mission-impossible-meilleur-film-classement-saga-tom-cruise\" data-type=\"link\" data-id=\"https:\/\/www.ecranlarge.com\/films\/dossier\/mission-impossible-meilleur-film-classement-saga-tom-cruise\" rel=\"nofollow noopener\" target=\"_blank\">Tom Cruise dans la saga <strong>Mission : Impossible<\/strong><\/a> (l\u2019escalade au d\u00e9but du deuxi\u00e8me, les toits glissants de Shanghai dans le troisi\u00e8me, le Burj Kalifa du quatri\u00e8me\u2026).<\/p>\n<p>                    <img decoding=\"async\" alt=\"\" class=\"wp-image-518375\" style=\"object-fit:cover;width:25px;height:25px\" src=\"https:\/\/www.ecranlarge.com\/content\/uploads\/2023\/09\/arrow-right-circle.svg\"\/><\/p>\n<p>Depuis 2022, on peut rajouter <strong>Fall<\/strong>. R\u00e9alis\u00e9 et co-\u00e9crit par Scott Mann, <strong>ce survival perch\u00e9<\/strong> a connu un destin extraordinaire : un court-m\u00e9trage qui devient long-m\u00e9trage, une sortie vid\u00e9o qui devient une sortie cin\u00e9ma, et <strong>un petit film qui devient un \u00e9norme succ\u00e8s<\/strong>. Avec pr\u00e8s de 22 millions au box-office pour un budget de seulement 3 millions, c\u2019\u00e9tait un de ces petits miracles sortis de nulle part.<\/p>\n<p>Dans la foul\u00e9e, non pas une mais <strong>deux suites \u00e9taient annonc\u00e9es<\/strong>. Et la premi\u00e8re,<strong> Fall 2<\/strong>, d\u00e9voile de premiers d\u00e9tails.<\/p>\n<p><a href=\"https:\/\/www.ecranlarge.com\/content\/uploads\/2025\/09\/cof0int1qqvuenjqxjf7gtetl5l.jpg\" rel=\"nofollow noopener\" target=\"_blank\"><\/p>\n<p><img loading=\"lazy\" decoding=\"async\" alt=\"fall\" src=\"https:\/\/www.europesays.com\/fr\/wp-content\/uploads\/2025\/09\/cof0int1qqvuenjqxjf7gtetl5l-1260x709.jpg\" width=\"1260\" height=\"709\"  \/><\/p>\n<p><\/a>\u00ab\u00a0J\u2019ai une super id\u00e9e\u00a0\u00bbFALL GUYS<\/p>\n<p>Deadline a r\u00e9v\u00e9l\u00e9 en exclusivit\u00e9 plusieurs informations sur cette suite. Le tournage de <strong>Fall 2<\/strong>, qui a eu lieu en Tha\u00eflande, est termin\u00e9. Le casting est compos\u00e9 de <a href=\"https:\/\/www.ecranlarge.com\/personnalite\/1456672-harriet-slater\" data-type=\"people\" data-id=\"643406\" rel=\"nofollow noopener\" target=\"_blank\">Harriet Slater<\/a> (<strong>Outlander : Blood of my Blood<\/strong>, <strong>Les Cartes du Mal<\/strong>), <a href=\"https:\/\/www.ecranlarge.com\/personnalite\/1460720-arsema-thomas\" data-type=\"people\" data-id=\"644469\" rel=\"nofollow noopener\" target=\"_blank\">Arsema Thomas<\/a> (<strong>La Reine Charlotte : Un chapitre Bridgerton<\/strong>) et <a href=\"https:\/\/www.ecranlarge.com\/personnalite\/1048309-tom-brittney\" data-type=\"people\" data-id=\"487771\" rel=\"nofollow noopener\" target=\"_blank\">Tom Brittney<\/a> (<strong>Grantchester<\/strong>).<\/p>\n<p>Et surtout, on conna\u00eet maintenant<strong> le synopsis, hautement original<\/strong> :<\/p>\n<blockquote class=\"wp-block-quote is-layout-flow wp-block-quote-is-layout-flow\">\n<p><strong>\u00ab\u00a0Accabl\u00e9e par la mort de sa s\u0153ur Hunter, Jax (Harriet Slater) prend contact avec Luce (Arsema Thomas), l\u2019amie intr\u00e9pide de Hunter. Pour faire leur deuil, elles entreprennent la fameuse ascension du mont Kwan en Tha\u00eflande. <\/strong><\/p>\n<p><strong>Quand un \u00e9boulement soudain les laisse bloqu\u00e9es sur une planche fragile \u00e0 900 m\u00e8tres de hauteur, Jax doit affronter ses peurs les plus profondes et se battre pour survivre, et faire son deuil.\u00a0\u00bb<\/strong><\/p>\n<\/blockquote>\n<p>L\u2019ascension en question est une <strong>\u00ab\u00a0plank walk\u00a0\u00bb<\/strong>, c\u2019est-\u00e0-dire qu\u2019on marche sur des planches \u00e0 flanc de montagne. Une image parfaite pour vos pires cauchemars li\u00e9s au vertige donc.<\/p>\n<p><a href=\"https:\/\/www.ecranlarge.com\/content\/uploads\/2025\/09\/fotojet-2025-08-08t102439.184.webp\" rel=\"nofollow noopener\" target=\"_blank\"><img loading=\"lazy\" decoding=\"async\" alt=\"Harriet Slater\" class=\"wp-image-1335266\" style=\"width:1024px;height:auto\" src=\"https:\/\/www.europesays.com\/fr\/wp-content\/uploads\/2025\/09\/fotojet-2025-08-08t102439.184-1260x709.webp.webp\" width=\"1260\" height=\"709\"  \/><\/a>Harriet Slater dans Outlander : Blood of my Blood<\/p>\n<p>Autrement dit : <strong>on prend pas les m\u00eames et on recommence<\/strong>. Dans le premier <strong>Fall<\/strong>, il \u00e9tait d\u00e9j\u00e0 question de deuil puisque l\u2019h\u00e9ro\u00efne venait de perdre son mari, suite \u00e0 un accident d\u2019escalade. Son amie avait la brillante id\u00e9e de l\u2019emmener escalader une tour radio de 600 m\u00e8tres pour se changer les id\u00e9es, et elles se retrouvaient bloqu\u00e9e au sommet de la structure fragile. O\u00f9 un petit secret finissait par \u00eatre r\u00e9v\u00e9l\u00e9.<\/p>\n<p>A noter que cette amie peu fr\u00e9quentable du premier <strong>Fall<\/strong><strong> s\u2019appelait\u2026 Hunter. <\/strong><\/p>\n<p><a href=\"https:\/\/www.ecranlarge.com\/content\/uploads\/2025\/09\/4sppcrdbcqfg9aahfrcrg5flgik.jpg\" rel=\"nofollow noopener\" target=\"_blank\"><\/p>\n<p><img loading=\"lazy\" decoding=\"async\" alt=\"Virginia Gardner fall\" src=\"https:\/\/www.europesays.com\/fr\/wp-content\/uploads\/2025\/09\/4sppcrdbcqfg9aahfrcrg5flgik-1260x709.jpg\" width=\"1260\" height=\"709\"  \/><\/p>\n<p><\/a>Hunter dans le premier Fall<\/p>\n<p><strong>Fall 2<\/strong> est r\u00e9alis\u00e9 par Michael et Peter Spierig, <strong>le duo derri\u00e8re<\/strong> <strong>Jigsaw<\/strong>, <strong>Daybreakers<\/strong>, <strong>Predestination<\/strong> et <strong>La Mal\u00e9diction Winchester<\/strong>. Le sc\u00e9nario est \u00e9crit par Scott Mann et Jonathan Frank, comme le premier film. Et si tout va bien, Mann reviendra derri\u00e8re la cam\u00e9ra pour <strong>Fall 3<\/strong>.<\/p>\n<p>Pas encore de date de sortie pour <strong>Fall 2<\/strong>, qui devrait arriver <strong>aux Etats-Unis d\u00e9but 2026 chez Lionsgate<\/strong>.<\/p>\n","protected":false},"excerpt":{"rendered":"Apr\u00e8s le succ\u00e8s du premier Fall, Fall 2 arrive pour raconter un autre cauchemar vertigineux, et voil\u00e0 les&hellip;\n","protected":false},"author":2,"featured_media":368453,"comment_status":"","ping_status":"","sticky":false,"template":"","format":"standard","meta":{"footnotes":""},"categories":[1354],"tags":[58,59,1346,1011,27,1360],"class_list":{"0":"post-368452","1":"post","2":"type-post","3":"status-publish","4":"format-standard","5":"has-post-thumbnail","7":"category-films","8":"tag-divertissement","9":"tag-entertainment","10":"tag-films","11":"tag-fr","12":"tag-france","13":"tag-movies"},"share_on_mastodon":{"url":"https:\/\/pubeurope.com\/@fr\/115152382460403849","error":""},"_links":{"self":[{"href":"https:\/\/www.europesays.com\/fr\/wp-json\/wp\/v2\/posts\/368452","targetHints":{"allow":["GET"]}}],"collection":[{"href":"https:\/\/www.europesays.com\/fr\/wp-json\/wp\/v2\/posts"}],"about":[{"href":"https:\/\/www.europesays.com\/fr\/wp-json\/wp\/v2\/types\/post"}],"author":[{"embeddable":true,"href":"https:\/\/www.europesays.com\/fr\/wp-json\/wp\/v2\/users\/2"}],"replies":[{"embeddable":true,"href":"https:\/\/www.europesays.com\/fr\/wp-json\/wp\/v2\/comments?post=368452"}],"version-history":[{"count":0,"href":"https:\/\/www.europesays.com\/fr\/wp-json\/wp\/v2\/posts\/368452\/revisions"}],"wp:featuredmedia":[{"embeddable":true,"href":"https:\/\/www.europesays.com\/fr\/wp-json\/wp\/v2\/media\/368453"}],"wp:attachment":[{"href":"https:\/\/www.europesays.com\/fr\/wp-json\/wp\/v2\/media?parent=368452"}],"wp:term":[{"taxonomy":"category","embeddable":true,"href":"https:\/\/www.europesays.com\/fr\/wp-json\/wp\/v2\/categories?post=368452"},{"taxonomy":"post_tag","embeddable":true,"href":"https:\/\/www.europesays.com\/fr\/wp-json\/wp\/v2\/tags?post=368452"}],"curies":[{"name":"wp","href":"https:\/\/api.w.org\/{rel}","templated":true}]}}