{"id":368460,"date":"2025-09-05T15:27:11","date_gmt":"2025-09-05T15:27:11","guid":{"rendered":"https:\/\/www.europesays.com\/fr\/368460\/"},"modified":"2025-09-05T15:27:11","modified_gmt":"2025-09-05T15:27:11","slug":"le-z-event-marathon-caritatif-des-streameurs-au-modele-economique-difficile-a-reproduire","status":"publish","type":"post","link":"https:\/\/www.europesays.com\/fr\/368460\/","title":{"rendered":"Le Z Event, marathon caritatif des streameurs au mod\u00e8le \u00e9conomique difficile \u00e0 reproduire"},"content":{"rendered":"<p>                         <img loading=\"lazy\" decoding=\"async\" src=\"https:\/\/www.europesays.com\/fr\/wp-content\/uploads\/2025\/09\/e83224b_upload-1-wplaxypznm8o-000-36fn3bp.jpg\" alt=\"Lors de l\u2019\u00e9dition 2024\u00a0du Z Event, \u00e0 Montpellier, le 3\u00a0septembre\u00a02024.\"   width=\"664\" height=\"443\"\/>    Lors de l\u2019\u00e9dition 2024\u00a0du Z Event, \u00e0 Montpellier, le 3\u00a0septembre\u00a02024.  SYLVAIN THOMAS\/AFP                 <\/p>\n<p class=\"article__paragraph  \">En moins de dix ans, le Z Event est devenu un \u00e9v\u00e9nement phare de l\u2019Internet fran\u00e7ais et une r\u00e9f\u00e9rence dans le milieu caritatif. Chaque ann\u00e9e, plusieurs dizaines de streameurs divertissent leur audience en direct sur la plateforme Twitch et r\u00e9coltent un maximum de dons. Pour l\u2019\u00e9dition 2025, qui a lieu du vendredi 5\u00a0au dimanche 7\u00a0septembre, les fonds seront redistribu\u00e9s au profit de huit associations soutenant les soignants et les patients, dont la Ligue contre le cancer. Le cap des 10\u00a0millions d\u2019euros, <a href=\"https:\/\/www.lemonde.fr\/pixels\/article\/2024\/09\/09\/z-event-le-marathon-caritatif-des-streameurs-recolte-cette-annee-plus-de-10-millions-d-euros-pour-cinq-associations_6308690_4408996.html\" rel=\"nofollow noopener\" target=\"_blank\">atteint depuis 2021<\/a>, pourrait de nouveau \u00eatre franchi.<\/p>\n<p class=\"article__paragraph  \">Derri\u00e8re ce succ\u00e8s, pourtant, le Z Event a un co\u00fbt\u00a0: \u00ab\u00a0Entre 600\u00a0000 et 1\u00a0million d\u2019euros\u00a0\u00bb, selon les organisateurs. Ce qui demande beaucoup d\u2019efforts et, chose moins connue, une implication financi\u00e8re directe de la part des associations.<\/p>\n<p class=\"article__paragraph  \">La source de d\u00e9pense principale concerne les salles. Le concert, organis\u00e9 le premier soir au Z\u00e9nith de Montpellier, repr\u00e9sente \u00ab\u00a0entre 25\u00a0% et 30\u00a0%\u00a0\u00bb du budget, d\u2019apr\u00e8s Nicolas Di Martino, pr\u00e9sident de ZQSD Productions, la soci\u00e9t\u00e9 coorganisatrice du Z Event. Et ce, m\u00eame si des artistes, dont les cachets peuvent atteindre habituellement 200\u00a0000\u00a0euros, acceptent de venir pour 5\u00a0000\u00a0euros.<\/p>\n<p class=\"reading-mode-only \"><strong>Il vous reste 84.04% de cet article \u00e0 lire. La suite est r\u00e9serv\u00e9e aux abonn\u00e9s.<\/strong><\/p>\n","protected":false},"excerpt":{"rendered":"Lors de l\u2019\u00e9dition 2024\u00a0du Z Event, \u00e0 Montpellier, le 3\u00a0septembre\u00a02024. SYLVAIN THOMAS\/AFP En moins de dix ans, le&hellip;\n","protected":false},"author":2,"featured_media":368461,"comment_status":"","ping_status":"","sticky":false,"template":"","format":"standard","meta":{"footnotes":""},"categories":[7],"tags":[1011,27,43,40,41,39,42,44],"class_list":{"0":"post-368460","1":"post","2":"type-post","3":"status-publish","4":"format-standard","5":"has-post-thumbnail","7":"category-sciences-et-technologies","8":"tag-fr","9":"tag-france","10":"tag-science","11":"tag-science-and-technology","12":"tag-sciences","13":"tag-sciences-et-technologies","14":"tag-technologies","15":"tag-technology"},"share_on_mastodon":{"url":"https:\/\/pubeurope.com\/@fr\/115152397546300359","error":""},"_links":{"self":[{"href":"https:\/\/www.europesays.com\/fr\/wp-json\/wp\/v2\/posts\/368460","targetHints":{"allow":["GET"]}}],"collection":[{"href":"https:\/\/www.europesays.com\/fr\/wp-json\/wp\/v2\/posts"}],"about":[{"href":"https:\/\/www.europesays.com\/fr\/wp-json\/wp\/v2\/types\/post"}],"author":[{"embeddable":true,"href":"https:\/\/www.europesays.com\/fr\/wp-json\/wp\/v2\/users\/2"}],"replies":[{"embeddable":true,"href":"https:\/\/www.europesays.com\/fr\/wp-json\/wp\/v2\/comments?post=368460"}],"version-history":[{"count":0,"href":"https:\/\/www.europesays.com\/fr\/wp-json\/wp\/v2\/posts\/368460\/revisions"}],"wp:featuredmedia":[{"embeddable":true,"href":"https:\/\/www.europesays.com\/fr\/wp-json\/wp\/v2\/media\/368461"}],"wp:attachment":[{"href":"https:\/\/www.europesays.com\/fr\/wp-json\/wp\/v2\/media?parent=368460"}],"wp:term":[{"taxonomy":"category","embeddable":true,"href":"https:\/\/www.europesays.com\/fr\/wp-json\/wp\/v2\/categories?post=368460"},{"taxonomy":"post_tag","embeddable":true,"href":"https:\/\/www.europesays.com\/fr\/wp-json\/wp\/v2\/tags?post=368460"}],"curies":[{"name":"wp","href":"https:\/\/api.w.org\/{rel}","templated":true}]}}