{"id":368462,"date":"2025-09-05T15:28:12","date_gmt":"2025-09-05T15:28:12","guid":{"rendered":"https:\/\/www.europesays.com\/fr\/368462\/"},"modified":"2025-09-05T15:28:12","modified_gmt":"2025-09-05T15:28:12","slug":"leurope-lance-jupiter-son-supercalculateur-destine-a-rattraper-son-retard-dans-lia-actualites","status":"publish","type":"post","link":"https:\/\/www.europesays.com\/fr\/368462\/","title":{"rendered":"L&rsquo;Europe lance Jupiter, son supercalculateur destin\u00e9 \u00e0 rattraper son retard dans l&rsquo;IA : Actualit\u00e9s"},"content":{"rendered":"<p class=\"lead \">\u00ab\u00a0Priorit\u00e9 absolue\u00a0\u00bb: le chancelier allemand Friedrich Merz a lanc\u00e9 vendredi Jupiter, le premier ordinateur g\u00e9ant et ultra-rapide en Europe, destin\u00e9 \u00e0 combler le retard des Europ\u00e9ens sur la Etats-Unis et la Chine dans l&rsquo;intelligence artificielle (IA).<\/p>\n<p class=\"lead \">&#8211; Jupiter, c&rsquo;est quoi ? &#8211; <\/p>\n<p class=\"lead \">Bas\u00e9 dans la commune de J\u00fclich (Allemagne), \u00e0 l&rsquo;ouest de Cologne, Jupiter est le premier supercalculateur \u00ab\u00a0exascale\u00a0\u00bb du Vieux continent, capable d&rsquo;effectuer au moins un quintillion de calculs par seconde, soit un milliard de milliards.<\/p>\n<p class=\"lead \">\u00ab\u00a0C&rsquo;est comme si 10 millions d&rsquo;ordinateurs portables classiques \u00e9taient utilis\u00e9s en m\u00eame temps, empil\u00e9s jusqu&rsquo;\u00e0 une hauteur de 300 kilom\u00e8tres\u00a0\u00bb, a compar\u00e9 le chancelier allemand vendredi lors de l&rsquo;inauguration du supercalculateur.<\/p>\n<p class=\"lead \">Les \u00c9tats-Unis disposent d\u00e9j\u00e0 de trois machines de ce type, toutes exploit\u00e9es par le D\u00e9partement de l&rsquo;\u00e9nergie.<\/p>\n<p class=\"lead \">Jupiter occupe une surface de pr\u00e8s de 3.600 m\u00e8tres carr\u00e9s \u2013 soit environ la moiti\u00e9 d&rsquo;un terrain de football \u2013 avec des rang\u00e9es de processeurs et environ 24.000 puces du g\u00e9ant am\u00e9ricain Nvidia, pris\u00e9es par l&rsquo;industrie de l&rsquo;intelligence artificielle.<\/p>\n<p class=\"lead \">Le supercalculateur, \u00e9labor\u00e9 par le groupe fran\u00e7ais Atos pour un budget de 500 millions euros, financ\u00e9 \u00e0 parts \u00e9gales par l&rsquo;Union europ\u00e9enne et l&rsquo;Allemagne, est le premier ordinateur exascale d&rsquo;Europe, et le quatri\u00e8me dans le monde d&rsquo;apr\u00e8s les donn\u00e9es connues.<\/p>\n<p class=\"lead \">Sa puissance de calcul colossale repr\u00e9sente \u00ab\u00a0aujourd&rsquo;hui ce qui se fait de plus puissant au monde sur des ordinateurs qui permettent de faire des calculs\u00a0\u00bb , commente aupr\u00e8s de l&rsquo;AFP Emmanuel Le Roux, dirigeant de l&rsquo;activit\u00e9 Advanced computing d&rsquo;Atos.<\/p>\n<p class=\"lead \">&#8211; Course \u00e0 l&rsquo;IA &#8211;<\/p>\n<p class=\"lead \">Jupiter est le premier supercalculateur pouvant \u00eatre consid\u00e9r\u00e9 comme comp\u00e9titif \u00e0 l&rsquo;international, selon Thomas Lippert, directeur du centre de recherches de J\u00fclich.<\/p>\n<p class=\"lead \">\u00ab\u00a0Les \u00c9tats-Unis et la Chine se livrent une course au coude-\u00e0-coude dans une \u00e9conomie mondiale port\u00e9e par l&rsquo;intelligence artificielle\u00a0\u00bb, mais l&rsquo;Allemagne et l&rsquo;Europe ont \u00ab\u00a0toutes les chances de rattraper\u00a0\u00bb leur retard, selon le chancelier allemand, qui a salu\u00e9 un \u00ab\u00a0projet pionnier historique europ\u00e9en\u00a0\u00bb.<\/p>\n<p class=\"lead \">Selon un rapport de l&rsquo;Universit\u00e9 de Stanford (\u00c9tats-Unis) publi\u00e9 cette ann\u00e9e, les institutions am\u00e9ricaines ont produit en 2024 40 mod\u00e8les d&rsquo;IA \u00ab\u00a0notables\u00a0\u00bb, c&rsquo;est-\u00e0-dire particuli\u00e8rement influents, contre 15 pour la Chine et trois pour l&rsquo;Europe.<\/p>\n<p class=\"lead \">Aussi, le nouveau syst\u00e8me est \u00ab\u00a0tr\u00e8s significatif\u00a0\u00bb pour les efforts europ\u00e9ens dans l&rsquo;entra\u00eenement de mod\u00e8les d&rsquo;IA, assure Jose Maria Cela, chercheur au Supercomputing Center \u00e0 Barcelone (Espagne).<\/p>\n<p class=\"lead \">\u00ab\u00a0La performance d&rsquo;un mod\u00e8le d&rsquo;IA d\u00e9pend directement de la puissance de calcul de l&rsquo;ordinateur utilis\u00e9\u00a0\u00bb, d\u00e9clare-t-il \u00e0 l&rsquo;AFP, ajoutant que l&rsquo;Europe souffre d&rsquo;un \u00ab\u00a0d\u00e9ficit\u00a0\u00bb de syst\u00e8mes de cette taille.<\/p>\n<p class=\"lead \">Jupiter fournit ainsi la puissance de calcul n\u00e9cessaire pour entra\u00eener efficacement les mod\u00e8les de langage de grande taille (LLM) produisant d&rsquo;\u00e9normes volumes de textes et utilis\u00e9s dans des chatbots g\u00e9n\u00e9ratifs comme ChatGPT ou Gemini.<\/p>\n<p class=\"lead \">En Allemagne et en Europe, \u00ab\u00a0disposer de capacit\u00e9s de calcul souveraines, au niveau de nos concurrents internationaux, est une question de comp\u00e9titivit\u00e9 autant que de s\u00e9curit\u00e9 nationale\u00a0\u00bb, a martel\u00e9 M. Merz.<\/p>\n<p class=\"lead \">Cependant, du fait de ses nombreuses puces Nvidia, Jupiter reste fortement d\u00e9pendant de la technologie am\u00e9ricaine, et cela alors que les sujets de discordes entre les \u00c9tats-Unis et l&rsquo;Europe se sont multipli\u00e9s.<\/p>\n<p class=\"lead \">&#8211; Quels autres usages ? &#8211;<\/p>\n<p class=\"lead \">Les chercheurs souhaitent aussi employer Jupiter pour cr\u00e9er des pr\u00e9visions climatiques plus d\u00e9taill\u00e9es et sur le long terme, afin d&rsquo;anticiper avec plus de pr\u00e9cision des ph\u00e9nom\u00e8nes extr\u00eames comme les vagues de chaleur.<\/p>\n<p class=\"lead \">\u00ab\u00a0Avec les mod\u00e8les m\u00e9t\u00e9o d&rsquo;aujourd&rsquo;hui, on peut simuler les \u00e9volutions du climat dans 10 ans. Avec Jupiter, les scientifiques estiment qu&rsquo;ils vont pouvoir aller minimum \u00e0 30 ans, et sur certains mod\u00e8les, peut-\u00eatre m\u00eame jusqu&rsquo;\u00e0 100 ans \u00ab\u00a0, explique Emmanuel Le Roux.<\/p>\n<p class=\"lead \">La machine pourra \u00e9galement aider la recherche sur la transition \u00e9nerg\u00e9tique, par exemple en simulant les flux d&rsquo;air autour des \u00e9oliennes pour optimiser leur conception.<\/p>\n<p class=\"lead \">Dans la sant\u00e9, il pourrait servir \u00e0 simuler les processus c\u00e9r\u00e9braux de mani\u00e8re plus r\u00e9aliste, pour le d\u00e9veloppement de m\u00e9dicaments contre des maladies comme Alzheimer.<\/p>\n<p class=\"small font-weight-bold text-gray3 \"> publi\u00e9 le 5 septembre \u00e0 15h59, AFP<\/p>\n<p>                             Partager<\/p>\n","protected":false},"excerpt":{"rendered":"\u00ab\u00a0Priorit\u00e9 absolue\u00a0\u00bb: le chancelier allemand Friedrich Merz a lanc\u00e9 vendredi Jupiter, le premier ordinateur g\u00e9ant et ultra-rapide en&hellip;\n","protected":false},"author":2,"featured_media":368463,"comment_status":"","ping_status":"","sticky":false,"template":"","format":"standard","meta":{"footnotes":""},"categories":[6],"tags":[672,35,33,34,1011,27,311,316,959,41,42,1778],"class_list":{"0":"post-368462","1":"post","2":"type-post","3":"status-publish","4":"format-standard","5":"has-post-thumbnail","7":"category-economie","8":"tag-allemagne","9":"tag-business","10":"tag-economie","11":"tag-economy","12":"tag-fr","13":"tag-france","14":"tag-informatique","15":"tag-politique","16":"tag-recherche","17":"tag-sciences","18":"tag-technologies","19":"tag-ue"},"share_on_mastodon":{"url":"https:\/\/pubeurope.com\/@fr\/115152401424774520","error":""},"_links":{"self":[{"href":"https:\/\/www.europesays.com\/fr\/wp-json\/wp\/v2\/posts\/368462","targetHints":{"allow":["GET"]}}],"collection":[{"href":"https:\/\/www.europesays.com\/fr\/wp-json\/wp\/v2\/posts"}],"about":[{"href":"https:\/\/www.europesays.com\/fr\/wp-json\/wp\/v2\/types\/post"}],"author":[{"embeddable":true,"href":"https:\/\/www.europesays.com\/fr\/wp-json\/wp\/v2\/users\/2"}],"replies":[{"embeddable":true,"href":"https:\/\/www.europesays.com\/fr\/wp-json\/wp\/v2\/comments?post=368462"}],"version-history":[{"count":0,"href":"https:\/\/www.europesays.com\/fr\/wp-json\/wp\/v2\/posts\/368462\/revisions"}],"wp:featuredmedia":[{"embeddable":true,"href":"https:\/\/www.europesays.com\/fr\/wp-json\/wp\/v2\/media\/368463"}],"wp:attachment":[{"href":"https:\/\/www.europesays.com\/fr\/wp-json\/wp\/v2\/media?parent=368462"}],"wp:term":[{"taxonomy":"category","embeddable":true,"href":"https:\/\/www.europesays.com\/fr\/wp-json\/wp\/v2\/categories?post=368462"},{"taxonomy":"post_tag","embeddable":true,"href":"https:\/\/www.europesays.com\/fr\/wp-json\/wp\/v2\/tags?post=368462"}],"curies":[{"name":"wp","href":"https:\/\/api.w.org\/{rel}","templated":true}]}}