{"id":368464,"date":"2025-09-05T15:29:10","date_gmt":"2025-09-05T15:29:10","guid":{"rendered":"https:\/\/www.europesays.com\/fr\/368464\/"},"modified":"2025-09-05T15:29:10","modified_gmt":"2025-09-05T15:29:10","slug":"%f0%9f%94%b4-amende-de-lue-contre-google-sanction-chinoise-sur-le-porc-europeen-lessentiel-de-lactualite-ce-vendredi-5-septembre","status":"publish","type":"post","link":"https:\/\/www.europesays.com\/fr\/368464\/","title":{"rendered":"\ud83d\udd34 Amende de l&rsquo;UE contre Google, sanction chinoise sur le porc europ\u00e9en&#8230; L&rsquo;essentiel de l&rsquo;actualit\u00e9 ce vendredi 5 septembre"},"content":{"rendered":"<p>Bonjour \u00e0 tous, nous sommes le<strong>\u00a0vendredi 5\u00a0septembre 2025<\/strong>. \u00c0 la une cet apr\u00e8s-midi, l&rsquo;interprofession porcine fran\u00e7aise annonce \u00ab une tr\u00e8s mauvaise nouvelle \u00bb apr\u00e8s la d\u00e9cision de P\u00e9kin d&rsquo;imposer des\u00a0\u00ab droits antidumping \u00bb\u00a0provisoires sur les importations de porc en provenance de l&rsquo;Union europ\u00e9enne (UE). La sant\u00e9 du <strong>march\u00e9 du travail<\/strong>\u00a0continue de se d\u00e9grader aux <strong>\u00c9tats-Unis<\/strong>. Enfin, le nombre de <strong>d\u00e9faillances d&rsquo;entreprises<\/strong> en France est\u00a0rest\u00e9\u00a0stable sur un an fin juillet.<\/p>\n<p>Bonne journ\u00e9e et bonne lecture\u00a0\ud83d\udc4b<\/p>\n<p>\ud83d\udea8 L&rsquo;UE inflige \u00e0 Google une amende de 3 milliards d&rsquo;euros<\/p>\n<p>La Commission europ\u00e9enne a annonc\u00e9 vendredi infliger une amende de <strong>2,95 milliards d&rsquo;euros \u00e0 Google<\/strong>, malgr\u00e9 les menaces de Donald Trump. L&rsquo;ex\u00e9cutif europ\u00e9en a estim\u00e9 que le g\u00e9ant am\u00e9ricain de la tech avait <strong>abus\u00e9 de sa position dominante<\/strong> dans le secteur de la <strong>publicit\u00e9 en ligne<\/strong>. Cette sanction \u00e9tait tr\u00e8s attendue, d&rsquo;autant que la Commission avait menac\u00e9 en 2023 d&rsquo;exiger la scission d&rsquo;une partie des activit\u00e9s du groupe dans ce domaine de la publicit\u00e9 en ligne, ce qu&rsquo;elle n&rsquo;a pas d\u00e9cid\u00e9 \u00e0 ce stade.<\/p>\n<p>\ud83d\udccd Sanction chinoise sur le porc europ\u00e9en : la r\u00e9action fran\u00e7aise<\/p>\n<p><strong>La fili\u00e8re fran\u00e7aise fait grise mine.<\/strong> La d\u00e9cision de P\u00e9kin d&rsquo;imposer des \u00ab droits antidumping \u00bb provisoires sur les importations de porc en provenance de l&rsquo;Union europ\u00e9enne (UE) est<strong> \u00ab une tr\u00e8s mauvaise nouvelle \u00bb<\/strong>, a r\u00e9agi vendredi l&rsquo;interprofession porcine fran\u00e7aise. \u00ab Et pas seulement \u00e0 l&rsquo;export, car cela aura s\u00fbrement un impact baissier sur le prix \u00e0 la production en Europe. Malheureusement, tout le monde va payer \u00bb, a dit \u00e0 l&rsquo;AFP Thierry Meyer, vice-pr\u00e9sident d&rsquo;Inaporc, charg\u00e9 des questions d&rsquo;export.<\/p>\n<p>\ud83d\udccdLe taux de ch\u00f4mage progresse aux \u00c9tats-Unis<\/p>\n<p><strong>La sant\u00e9 du march\u00e9 du travail<\/strong> a continu\u00e9 de se d\u00e9grader en ao\u00fbt aux \u00c9tats-Unis. Le <strong>taux de ch\u00f4mage\u00a0progresse \u00e0 4,3 %<\/strong>, selon les donn\u00e9es officielles publi\u00e9es vendredi, montrant aussi des cr\u00e9ations d&#8217;emploi en berne. La premi\u00e8re \u00e9conomie mondiale a cr\u00e9\u00e9 <strong>22\u00a0000 emplois le mois dernier<\/strong>,\u00a0un niveau bien inf\u00e9rieur \u00e0 ce \u00e0 quoi les \u00c9tats-Unis \u00e9taient habitu\u00e9s, selon le rapport mensuel du minist\u00e8re du Travail.\u00a0Les analystes s&rsquo;attendaient \u00e0 75\u00a0000 cr\u00e9ations d&#8217;emploi, selon le consensus publi\u00e9 par MarketWatch.<\/p>\n<p>\ud83d\udcca Wall Street\u00a0anticipe la\u00a0baisse des taux de la Fed<\/p>\n<p>La <strong>Bourse de New York a ouvert dans le vert<\/strong> vendredi, affichant son optimisme quant \u00e0 la possibilit\u00e9 que la banque centrale am\u00e9ricaine (Fed) proc\u00e8de \u00e0 un <strong>net assouplissement mon\u00e9taire dans les prochains mois<\/strong> apr\u00e8s la publication d&rsquo;un emploi atone aux \u00c9tats-Unis. Dans les premiers \u00e9changes, le Dow Jones prenait 0,20 %, l&rsquo;indice Nasdaq gagnait 0,72 % et l&rsquo;indice \u00e9largi S&amp;P 500 avan\u00e7ait de 0,43 %.<\/p>\n<p>\ud83d\udccd Les d\u00e9faillances d&rsquo;entreprises stables en juillet<\/p>\n<p>Le nombre de d\u00e9faillances d&rsquo;entreprises est toujours stable fin juillet en cumul\u00e9 sur douze mois, confirmant une <strong>tendance \u00e0 la stabilisation apr\u00e8s mai et juin<\/strong>, a annonc\u00e9 la Banque de France vendredi. Les d\u00e9faillances d&rsquo;entreprises, qui comprennent les redressements et les liquidations judiciaires, ont atteint fin juillet le nombre de <strong>67\u00a0413 en cumul\u00e9 sur un an<\/strong>, soit un peu plus que les 67\u00a0340 d\u00e9faillances comptabilis\u00e9es fin juin, a indiqu\u00e9 la Banque de France dans un communiqu\u00e9.<\/p>\n<p>\ud83d\udccd Transformer\u00a0les bureaux vacants en logements \u00e9tudiants<\/p>\n<p><strong>La ministre du Logement joue son va-tout.<\/strong> \u00c0 trois jours de la quasi-certaine chute du gouvernement Bayrou, Val\u00e9rie L\u00e9tard d\u00e9clare que la transformation des <strong>9 millions de m2 de bureaux vacants<\/strong> \u00ab doit servir prioritairement \u00e0 <strong>produire du logement \u00e9tudiant<\/strong> \u00bb, pr\u00e9cisant avoir int\u00e9gr\u00e9 dans le projet de budget des mesures visant \u00e0 faciliter cette transformation. La ministre a r\u00e9affirm\u00e9 l&rsquo;objectif de production de <strong>45\u00a0000 logements \u00e9tudiants en trois ans<\/strong> annonc\u00e9 en d\u00e9but d&rsquo;ann\u00e9e, alors que les trois millions d&rsquo;\u00e9tudiants peinent \u00e0 se loger.<\/p>\n<p><strong>\ud83d\udcc5\u200b\u00a0L&rsquo;agenda \u00e9co<\/strong><\/p>\n<p><strong>Ce vendredi\u00a0<\/strong><strong>|<\/strong>\u00a0Le Premier ministre Fran\u00e7ois Bayrou re\u00e7oit les responsables de partis politiques \u00e0 Matignon avant le vote de confiance.<\/p>\n<p>(Veille r\u00e9alis\u00e9e avec AFP et Reuters)<\/p>\n","protected":false},"excerpt":{"rendered":"Bonjour \u00e0 tous, nous sommes le\u00a0vendredi 5\u00a0septembre 2025. \u00c0 la une cet apr\u00e8s-midi, l&rsquo;interprofession porcine fran\u00e7aise annonce \u00ab&hellip;\n","protected":false},"author":2,"featured_media":368465,"comment_status":"","ping_status":"","sticky":false,"template":"","format":"standard","meta":{"footnotes":""},"categories":[5],"tags":[17,11,7087,45451,1444,33,1011,27,323,14,1861,12,10378,3356,28],"class_list":{"0":"post-368464","1":"post","2":"type-post","3":"status-publish","4":"format-standard","5":"has-post-thumbnail","7":"category-international","8":"tag-17","9":"tag-actualites","10":"tag-amende","11":"tag-chinoise","12":"tag-contre","13":"tag-economie","14":"tag-fr","15":"tag-france","16":"tag-google","17":"tag-international","18":"tag-lue","19":"tag-news","20":"tag-sanction","21":"tag-sur","22":"tag-world"},"share_on_mastodon":{"url":"https:\/\/pubeurope.com\/@fr\/115152405516429085","error":""},"_links":{"self":[{"href":"https:\/\/www.europesays.com\/fr\/wp-json\/wp\/v2\/posts\/368464","targetHints":{"allow":["GET"]}}],"collection":[{"href":"https:\/\/www.europesays.com\/fr\/wp-json\/wp\/v2\/posts"}],"about":[{"href":"https:\/\/www.europesays.com\/fr\/wp-json\/wp\/v2\/types\/post"}],"author":[{"embeddable":true,"href":"https:\/\/www.europesays.com\/fr\/wp-json\/wp\/v2\/users\/2"}],"replies":[{"embeddable":true,"href":"https:\/\/www.europesays.com\/fr\/wp-json\/wp\/v2\/comments?post=368464"}],"version-history":[{"count":0,"href":"https:\/\/www.europesays.com\/fr\/wp-json\/wp\/v2\/posts\/368464\/revisions"}],"wp:featuredmedia":[{"embeddable":true,"href":"https:\/\/www.europesays.com\/fr\/wp-json\/wp\/v2\/media\/368465"}],"wp:attachment":[{"href":"https:\/\/www.europesays.com\/fr\/wp-json\/wp\/v2\/media?parent=368464"}],"wp:term":[{"taxonomy":"category","embeddable":true,"href":"https:\/\/www.europesays.com\/fr\/wp-json\/wp\/v2\/categories?post=368464"},{"taxonomy":"post_tag","embeddable":true,"href":"https:\/\/www.europesays.com\/fr\/wp-json\/wp\/v2\/tags?post=368464"}],"curies":[{"name":"wp","href":"https:\/\/api.w.org\/{rel}","templated":true}]}}