{"id":368466,"date":"2025-09-05T15:30:13","date_gmt":"2025-09-05T15:30:13","guid":{"rendered":"https:\/\/www.europesays.com\/fr\/368466\/"},"modified":"2025-09-05T15:30:13","modified_gmt":"2025-09-05T15:30:13","slug":"ce-que-lon-sait-de-leleve-qui-a-eu-son-diplome-a-9-ans-un-record-de-precocite","status":"publish","type":"post","link":"https:\/\/www.europesays.com\/fr\/368466\/","title":{"rendered":"ce que l\u2019on sait de l\u2019\u00e9l\u00e8ve qui a eu son dipl\u00f4me \u00e0 9\u00a0ans, un record de pr\u00e9cocit\u00e9"},"content":{"rendered":"<p>        <img decoding=\"async\" loading=\"lazy\" src=\"https:\/\/www.europesays.com\/fr\/wp-content\/uploads\/2025\/09\/95db032_1718358668946-gettyimages-977568468.jpg\"  width=\"728\" height=\"410\" alt=\"Photo d\u2019illustration d\u2019\u00e9tudiants en pleine \u00e9preuve du baccalaur\u00e9at.\"\/>  <\/p>\n<p>FREDERICK FLORIN \/ AFP via Getty Images<\/p>\n<p>Photo d\u2019illustration d\u2019\u00e9tudiants en pleine \u00e9preuve du baccalaur\u00e9at.<\/p>\n<p class=\"asset asset-text\">\u00c9DUCATION &#8211; Qui dit mieux\u00a0? A priori, personne. Vendredi\u00a04\u00a0juillet\u00a02025, plus de <a href=\"https:\/\/www.huffingtonpost.fr\/france\/article\/resultats-du-bac-2025-les-bacheliers-de-cette-annee-ont-fait-un-tout-petit-peu-mieux-que-ceux-de-l-an-dernier_252224.html\" target=\"_blank\" rel=\"noopener\">700\u00a0000\u00a0lyc\u00e9ens<\/a> ont d\u00e9couvert s\u2019ils avaient obtenu ou non le <a href=\"https:\/\/www.huffingtonpost.fr\/politique\/article\/elisabeth-borne-en-dit-plus-sur-les-evolutions-du-baccalaureat-2026-avant-la-rentree_254031.html\" target=\"_blank\" rel=\"noopener\">baccalaur\u00e9at<\/a>. Et parmi eux, se trouvait une \u00e9l\u00e8ve \u00e2g\u00e9e de seulement neuf ans qui est ainsi devenue la plus jeune \u00e0 obtenir ce dipl\u00f4me en France.<\/p>\n<p class=\"asset asset-text\">L\u2019information, d\u00e9voil\u00e9e par <a href=\"https:\/\/www.franceinfo.fr\/enquetes-franceinfo\/info-franceinfo-elle-obtient-son-bac-a-9-ans-grace-a-une-methode-de-formation-contestee_7474531.html\" target=\"_blank\" rel=\"noopener\" title=\"Nouvelle fen\u00eatre\">franceinfo<\/a>, a depuis \u00e9t\u00e9 confirm\u00e9e par le minist\u00e8re de l\u2019\u00c9ducation nationale \u00e0 l\u2019AFP, certifiant ainsi ce record de pr\u00e9cocit\u00e9 in\u00e9dit.<\/p>\n<p class=\"asset asset-text\">Mais qui est-elle\u00a0? Et comment est-il possible de <a href=\"https:\/\/www.huffingtonpost.fr\/france\/article\/bac-2025-ou-les-candidats-ont-ils-eu-les-meilleurs-resultats_252481.html\" target=\"_blank\" rel=\"noopener\">d\u00e9crocher le bac<\/a> aussi jeune\u00a0? Si peu d\u2019informations circulent au sujet de l\u2019\u00e9l\u00e8ve, plusieurs \u00e9l\u00e9ments permettent d\u2019y voir un peu plus clair sur la m\u00e9thode \u2212 contest\u00e9e \u2212 qui lui a permis d\u2019obtenir le bac.<\/p>\n<p>    \u00b7 Un profil singulier    <\/p>\n<p class=\"asset asset-text\">Comme l\u2019indique franceinfo, cette jeune fille est n\u00e9e en octobre\u00a02015. D\u2019un p\u00e8re v\u00e9t\u00e9rinaire et d\u2019une m\u00e8re chercheuse en nanomat\u00e9riaux, comme le r\u00e9v\u00e8le <a href=\"https:\/\/www.leparisien.fr\/societe\/une-fillette-a-eu-son-bac-a-9-ans-un-record-on-ne-la-sentait-pas-du-tout-stressee-05-09-2025-NLXYM4XT25HGZEVKDUR3K7CIDQ.php\" target=\"_blank\" rel=\"noopener\" title=\"Nouvelle fen\u00eatre\">Le Parisien<\/a>. \u00c0 ce stade, la famille de la jeune \u00e9tudiante ne souhaite pas s\u2019exprimer sur l\u2019obtention de son bac. Mais renvoie vers la marraine de la jeune fille, qui l\u2019a d\u00e9crit comme \u00ab\u00a0une petite fille tr\u00e8s normale\u00a0\u00bb, \u00ab\u00a0curieuse\u00a0\u00bb, qui \u00ab\u00a0aime beaucoup apprendre\u00a0\u00bb et \u00ab\u00a0qui allait \u00e0 l\u2019\u00e9cole avec les gens de son \u00e2ge\u00a0\u00bb. Elle affirme aussi que la bacheli\u00e8re n\u00e9e en France a un quotient intellectuel normal. Elle dispose par ailleurs de la nationalit\u00e9 grenadienne et a suivi un parcours scolaire \u00e0 Duba\u00ef.<\/p>\n<p class=\"asset asset-text\">Le minist\u00e8re de l\u2019\u00c9ducation nationale ajoute qu\u2019elle a pass\u00e9 l\u2019examen en candidate libre \u00e0 Paris. Avec pour sp\u00e9cialit\u00e9 math\u00e9matiques et physique-chimie. Mais malgr\u00e9 l\u2019obtention du dipl\u00f4me, le bac n\u2019a pas \u00e9t\u00e9 une partie de plaisir pour cette \u00e9l\u00e8ve puisqu\u2019elle a \u00e9t\u00e9 dipl\u00f4m\u00e9e au rattrapage. Et donc sans mention.<\/p>\n<p class=\"asset asset-text\">La marraine assure aupr\u00e8s du Parisien qu\u2019\u00ab\u00a0elle s\u2019exprime tr\u00e8s bien, et a eu d\u2019excellentes notes dans les \u00e9preuves orales. Notamment le grand oral o\u00f9 je me souviens qu\u2019elle \u00e9tait tr\u00e8s fi\u00e8re de me dire qu\u2019elle avait eu 20\/20\u00a0\u00bb.<\/p>\n<p>    \u00b7 Formation acc\u00e9l\u00e9r\u00e9e    <\/p>\n<p class=\"asset asset-text\">Pour r\u00e9aliser cet exploit, la jeune fille a \u00e9t\u00e9 accompagn\u00e9e par un organisme de formation, qui a d\u2019ailleurs r\u00e9v\u00e9l\u00e9 ce record pour faire la promotion de ses m\u00e9thodes d\u2019apprentissages. En assurant l\u2019avoir accompagn\u00e9 selon une m\u00e9thode d\u00e9velopp\u00e9e en collaboration avec un autre bachelier pr\u00e9coce, Hugo Sbai, dipl\u00f4m\u00e9 \u00e0 12\u00a0ans en 2012, selon le site de l\u2019organisme, nomm\u00e9 Isoset.<\/p>\n<p class=\"asset asset-text\">Il propose des formations destin\u00e9es \u00e0 tous les enfants, avec ou sans facilit\u00e9 \u00e0 l\u2019\u00e9cole. Avec pour objectif d\u2019accompagner la scolarit\u00e9 des \u00e9l\u00e8ves de mani\u00e8re personnalis\u00e9e. Ce qui, selon Isoset, permettrait \u00ab\u00a0de gagner des ann\u00e9es\u00a0\u00bb avec des \u00ab\u00a0\u00e9tudes acc\u00e9l\u00e9r\u00e9es\u00a0\u00bb Une m\u00e9thode miracle qui pr\u00e9sente cependant des limites. Car en France, la tr\u00e8s grande majorit\u00e9 des Fran\u00e7ais obtiennent le bac \u00e0 17 ou 18\u00a0ans, en fin de lyc\u00e9e. Dans un communiqu\u00e9, l\u2019organisme de formation assure pourtant que \u00ab\u00a0cette prouesse n\u2019est pas le r\u00e9sultat d\u2019un g\u00e9nie exceptionnel, mais d\u2019une approche p\u00e9dagogique novatrice\u00a0\u00bb.<\/p>\n<p>    \u00b7 M\u00e9thode contest\u00e9e    <\/p>\n<p class=\"asset asset-text\">Cette fameuse approche gratuite est \u00ab\u00a0exp\u00e9rimentale\u00a0\u00bb, selon celui qui apporte son expertise \u00e0 Isoset. \u00ab\u00a0C\u2019est juste qu\u2019il y a des notions qui sont abord\u00e9es plus vite et des choses qui sont r\u00e9p\u00e9t\u00e9es moins souvent\u00a0\u00bb, avance Hugo Sbai pour franceinfo. Il \u00e9voque par exemple les nombres n\u00e9gatifs, une notion math\u00e9matique habituellement abord\u00e9e au d\u00e9but du coll\u00e8ge mais qui peut-\u00eatre \u00e9tudi\u00e9e d\u00e8s l\u2019\u00e2ge de \u00ab\u00a07\u00a0ans\u00a0\u00bb selon lui.<\/p>\n<p class=\"asset asset-text\">Certains parlent pourtant d\u2019\u00ab\u00a0arnaque p\u00e9dagogique\u00a0\u00bb, \u00e0 l\u2019instar de S\u00e9bastien Ponnou, psychanalyste et professeur en sciences de l\u2019\u00e9ducation \u00e0 l\u2019universit\u00e9 Paris 8, interrog\u00e9 par franceinfo. \u00ab\u00a0Le but de l\u2019\u00e9ducation, le but de la p\u00e9dagogie, ce n\u2019est surtout pas d\u2019aller plus vite\u00a0\u00bb, juge-t-il, en analysant le site internet de l\u2019organisme.<\/p>\n<p class=\"asset asset-text\">En plus d\u2019\u00eatre une m\u00e9thode contest\u00e9e, Isoset est li\u00e9 au programme \u00ab\u00a0Le Village de l\u2019Emploi\u00a0\u00bb, vendu par la famille d\u2019Hugo Sbai comme un tremplin vers l\u2019informatique. Toutefois, des internautes remettent en cause le programme\u00a0: \u00ab\u00a0Le village de l\u2019emploi est un organisme qui exploite les \u00e9tudiants mal inform\u00e9s en leur proposant des formations de pi\u00e8tres qualit\u00e9s dans des conditions scandaleuses\u00a0\u00bb, peut-on par exemple lire sur <a href=\"https:\/\/www.reddit.com\/r\/france\/comments\/1d9defb\/village_de_lemploi_wtf\/\" target=\"_blank\" rel=\"noopener\" title=\"Nouvelle fen\u00eatre\">un forum Reddit<\/a>.<\/p>\n<p>    \u00b7 Nouveau record    <\/p>\n<p class=\"asset asset-text\">M\u00e9thode contest\u00e9e ou non, la jeune \u00e9tudiante a obtenu son bac. Effa\u00e7ant ainsi le record pr\u00e9c\u00e9demment d\u00e9tenu par Arthur Ramiandrisoa, qui l\u2019avait d\u00e9croch\u00e9 \u00e0 11\u00a0ans et 11 mois en 1989. Lui aussi disposait d\u2019un parcours scolaire singulier\u00a0: il n\u2019avait jamais mis les\u00a0pieds \u00e0 l\u2019\u00e9cole car ses parents avaient assur\u00e9 son \u00e9ducation \u00e0 domicile selon une m\u00e9thode que son p\u00e8re avait d\u00e9crite dans un livre comme \u00ab\u00a0La M\u00e9thode Arthur\u00a0\u00bb.<\/p>\n<p class=\"asset asset-text\">En 2025, le baccalaur\u00e9at aura donc connu une ann\u00e9e marqu\u00e9e par la pr\u00e9cocit\u00e9 puisqu\u2019un ou une candidate encore plus jeune s\u2019\u00e9tait inscrit \u00e0 l\u2019examen. <a href=\"https:\/\/www.huffingtonpost.fr\/france\/article\/bac-2025-les-resultats-sement-le-trouble-sur-l-histoire-du-plus-jeune-candidat-age-de-seulement-8-ans_252241.html\" target=\"_blank\" rel=\"noopener\">\u00c2g\u00e9 de 8\u00a0ans, cet autre \u00e9l\u00e8ve<\/a> ne s\u2019\u00e9tait finalement pas pr\u00e9sent\u00e9 aux \u00e9preuves.<\/p>\n","protected":false},"excerpt":{"rendered":"FREDERICK FLORIN \/ AFP via Getty Images Photo d\u2019illustration d\u2019\u00e9tudiants en pleine \u00e9preuve du baccalaur\u00e9at. \u00c9DUCATION &#8211; Qui&hellip;\n","protected":false},"author":2,"featured_media":368467,"comment_status":"","ping_status":"","sticky":false,"template":"","format":"standard","meta":{"footnotes":""},"categories":[4],"tags":[11,3867,1057,1121,1011,27,12,3241,25],"class_list":{"0":"post-368466","1":"post","2":"type-post","3":"status-publish","4":"format-standard","5":"has-post-thumbnail","7":"category-france","8":"tag-actualites","9":"tag-baccalaureat","10":"tag-education","11":"tag-eleves","12":"tag-fr","13":"tag-france","14":"tag-news","15":"tag-record","16":"tag-republique-francaise"},"share_on_mastodon":{"url":"https:\/\/pubeurope.com\/@fr\/115152409324358767","error":""},"_links":{"self":[{"href":"https:\/\/www.europesays.com\/fr\/wp-json\/wp\/v2\/posts\/368466","targetHints":{"allow":["GET"]}}],"collection":[{"href":"https:\/\/www.europesays.com\/fr\/wp-json\/wp\/v2\/posts"}],"about":[{"href":"https:\/\/www.europesays.com\/fr\/wp-json\/wp\/v2\/types\/post"}],"author":[{"embeddable":true,"href":"https:\/\/www.europesays.com\/fr\/wp-json\/wp\/v2\/users\/2"}],"replies":[{"embeddable":true,"href":"https:\/\/www.europesays.com\/fr\/wp-json\/wp\/v2\/comments?post=368466"}],"version-history":[{"count":0,"href":"https:\/\/www.europesays.com\/fr\/wp-json\/wp\/v2\/posts\/368466\/revisions"}],"wp:featuredmedia":[{"embeddable":true,"href":"https:\/\/www.europesays.com\/fr\/wp-json\/wp\/v2\/media\/368467"}],"wp:attachment":[{"href":"https:\/\/www.europesays.com\/fr\/wp-json\/wp\/v2\/media?parent=368466"}],"wp:term":[{"taxonomy":"category","embeddable":true,"href":"https:\/\/www.europesays.com\/fr\/wp-json\/wp\/v2\/categories?post=368466"},{"taxonomy":"post_tag","embeddable":true,"href":"https:\/\/www.europesays.com\/fr\/wp-json\/wp\/v2\/tags?post=368466"}],"curies":[{"name":"wp","href":"https:\/\/api.w.org\/{rel}","templated":true}]}}