{"id":368469,"date":"2025-09-05T15:32:16","date_gmt":"2025-09-05T15:32:16","guid":{"rendered":"https:\/\/www.europesays.com\/fr\/368469\/"},"modified":"2025-09-05T15:32:16","modified_gmt":"2025-09-05T15:32:16","slug":"saint-etienne-8-000-references-surface-de-vente-doublee-la-librairie-paris-tokyo-a-demenage","status":"publish","type":"post","link":"https:\/\/www.europesays.com\/fr\/368469\/","title":{"rendered":"Saint-\u00c9tienne. 8 000 r\u00e9f\u00e9rences, surface de vente doubl\u00e9e&#8230; la librairie Paris-Tokyo a d\u00e9m\u00e9nag\u00e9"},"content":{"rendered":"<p>\u00ab\u00a0Avec l\u2019achat des locaux, on a investi ici plusieurs centaines de milliers d\u2019euros. C\u2019est la preuve que, malgr\u00e9 le contexte actuel plut\u00f4t morose, on croit plus que jamais au commerce de proximit\u00e9, de centre-ville. On aime Saint-\u00c9tienne et on reste persuad\u00e9s qu\u2019il y a des choses \u00e0 y faire\u00a0\u00bb, confient Alexandra Charroin-Spangenberg et R\u00e9mi Boute.<\/p>\n<p><a href=\"https:\/\/www.leprogres.fr\/economie\/2021\/09\/05\/la-librairie-de-paris-dans-le-top-20-des-librairies-francaises\" target=\"_blank\" rel=\"nofollow noopener\">\u00c0 la t\u00eate depuis 2016 de l\u2019historique Librairie de Paris<\/a> , rue Michel-Rondet (fond\u00e9e en 1961), les deux associ\u00e9s avaient ouvert, en avril\u00a02022, <a href=\"https:\/\/www.leprogres.fr\/culture-loisirs\/2022\/04\/13\/la-librairie-de-paris-a-ouvert-son-nouvel-espace-dedie-aux-mangas\" target=\"_blank\" rel=\"nofollow noopener\">un nouvel espace enti\u00e8rement consacr\u00e9 aux mangas<\/a> \u00a0: Paris-Tokyo, au 26 rue de la R\u00e9sistance. \u00ab\u00a0Le genre du manga explosait \u00e0 l\u2019\u00e9poque, et on n\u2019avait pas la place de d\u00e9velopper le rayon au sein de notre librairie principale. Ce deuxi\u00e8me magasin, c\u2019\u00e9tait un test pour nous.\u00a0\u00bb<\/p>\n<p>  \u00ab\u00a0On a apport\u00e9 une offre nouvelle \u00e0 Saint-\u00c9tienne\u00a0\u00bb<\/p>\n<p>Un test qui s\u2019est av\u00e9r\u00e9 plus que concluant\u00a0: Paris-Tokyo r\u00e9alise un chiffre d\u2019affaires annuel d\u2019environ 400\u00a0000\u00a0euros, soit 10\u00a0% du chiffre d\u2019affaires global de la Librairie de Paris.<\/p>\n<p>\u00ab\u00a0On a tout de suite trouv\u00e9 notre public\u00a0: ici, les amateurs de mangas sont dans leur univers. Beaucoup de clients nous ont remerci\u00e9s d\u2019avoir apport\u00e9 \u00e0 Saint-\u00c9tienne une offre qu\u2019auparavant, ils trouvaient seulement \u00e0 Lyon ou sur Amazon. Et prendre des clients \u00e0 Amazon, c\u2019est toujours plaisant\u00a0\u00bb, souligne Alexandra Charroin-Spangenberg dans un sourire.<\/p>\n<p>  Dans un local abandonn\u00e9 depuis plusieurs ann\u00e9es<\/p>\n<p>Forts de ce succ\u00e8s, les deux commer\u00e7ants st\u00e9phanois ont d\u00e9cid\u00e9 de voir plus grand\u00a0: ce lundi 1\u1d49\u02b3 septembre, Paris-Tokyo a d\u00e9m\u00e9nag\u00e9 de quelques m\u00e8tres et a fait sa rentr\u00e9e dans des locaux flambant neufs, \u00e0 l\u2019angle de la rue de la R\u00e9sistance et de la rue Michel-Rondet, juste en face de la Librairie de Paris, dans l\u2019ancienne boulangerie-salon de th\u00e9 qui \u00e9tait ferm\u00e9e depuis 2018 ou 2019.<\/p>\n<p>\u00ab\u00a0\u00c7a nous d\u00e9solait un peu de voir ces locaux abandonn\u00e9s depuis tant d\u2019ann\u00e9es. Alors quand on a eu l\u2019opportunit\u00e9 de les racheter il y a environ deux ans, on n\u2019a pas h\u00e9sit\u00e9. C\u2019est en partie ce qui nous a motiv\u00e9s \u00e0 s\u2019installer ici\u00a0: r\u00e9habiliter un local vide et moche. Les travaux ont \u00e9t\u00e9 longs et complexes, mais aujourd\u2019hui, on est chez nous et on va beaucoup gagner en visibilit\u00e9\u00a0\u00bb, se r\u00e9jouit R\u00e9mi Boute.<\/p>\n<p>  Des genres tr\u00e8s divers<\/p>\n<p>Paris-Tokyo, qui\u00a0emploie trois salari\u00e9s, se d\u00e9ploie d\u00e9sormais sur une surface deux fois plus grande (200 m\u00b2), o\u00f9 il est beaucoup plus agr\u00e9able de d\u00e9ambuler entre les rayons pour faire son choix.<\/p>\n<p>Pr\u00e8s de 8\u00a0000 r\u00e9f\u00e9rences sont propos\u00e9es (sans compter les produits d\u00e9riv\u00e9s), et il y en a pour tous les \u00e2ges &#8211; \u00ab\u00a0On a aussi bien des enfants que des quinquas parmi nos clients\u00a0\u00bb &#8211; et pour tous les go\u00fbts.<\/p>\n<p>Car contrairement \u00e0 ce que certains pourraient penser, les mangas ne se limitent pas aux r\u00e9cits de combats ou de romances\u00a0: \u00ab\u00a0En fait, il y a pratiquement autant de genres que dans la litt\u00e9rature classique\u00a0: polar, aventure, documentaire, histoire, sujets de soci\u00e9t\u00e9,\u00a0etc.\u00a0De m\u00eame que des genres bien sp\u00e9cifiques, \u00e0 l\u2019image des yuri et yaoi, qui explorent les relations sentimentales entre personnes LGBT.\u00a0\u00bb<\/p>\n","protected":false},"excerpt":{"rendered":"\u00ab\u00a0Avec l\u2019achat des locaux, on a investi ici plusieurs centaines de milliers d\u2019euros. C\u2019est la preuve que, malgr\u00e9&hellip;\n","protected":false},"author":2,"featured_media":368470,"comment_status":"","ping_status":"","sticky":false,"template":"","format":"standard","meta":{"footnotes":""},"categories":[9653],"tags":[1111,11,2430,4406,33,7539,1777,674,1011,27,12,25,4001,7538],"class_list":{"0":"post-368469","1":"post","2":"type-post","3":"status-publish","4":"format-standard","5":"has-post-thumbnail","7":"category-saint-etienne","8":"tag-actu","9":"tag-actualites","10":"tag-auvergne-rhone-alpes","11":"tag-commerce-et-services","12":"tag-economie","13":"tag-edition-loire-sud","14":"tag-eu","15":"tag-europe","16":"tag-fr","17":"tag-france","18":"tag-news","19":"tag-republique-francaise","20":"tag-saint-etienne","21":"tag-saint-etienne-ville"},"share_on_mastodon":{"url":"https:\/\/pubeurope.com\/@fr\/115152417174443555","error":""},"_links":{"self":[{"href":"https:\/\/www.europesays.com\/fr\/wp-json\/wp\/v2\/posts\/368469","targetHints":{"allow":["GET"]}}],"collection":[{"href":"https:\/\/www.europesays.com\/fr\/wp-json\/wp\/v2\/posts"}],"about":[{"href":"https:\/\/www.europesays.com\/fr\/wp-json\/wp\/v2\/types\/post"}],"author":[{"embeddable":true,"href":"https:\/\/www.europesays.com\/fr\/wp-json\/wp\/v2\/users\/2"}],"replies":[{"embeddable":true,"href":"https:\/\/www.europesays.com\/fr\/wp-json\/wp\/v2\/comments?post=368469"}],"version-history":[{"count":0,"href":"https:\/\/www.europesays.com\/fr\/wp-json\/wp\/v2\/posts\/368469\/revisions"}],"wp:featuredmedia":[{"embeddable":true,"href":"https:\/\/www.europesays.com\/fr\/wp-json\/wp\/v2\/media\/368470"}],"wp:attachment":[{"href":"https:\/\/www.europesays.com\/fr\/wp-json\/wp\/v2\/media?parent=368469"}],"wp:term":[{"taxonomy":"category","embeddable":true,"href":"https:\/\/www.europesays.com\/fr\/wp-json\/wp\/v2\/categories?post=368469"},{"taxonomy":"post_tag","embeddable":true,"href":"https:\/\/www.europesays.com\/fr\/wp-json\/wp\/v2\/tags?post=368469"}],"curies":[{"name":"wp","href":"https:\/\/api.w.org\/{rel}","templated":true}]}}