{"id":368473,"date":"2025-09-05T15:34:11","date_gmt":"2025-09-05T15:34:11","guid":{"rendered":"https:\/\/www.europesays.com\/fr\/368473\/"},"modified":"2025-09-05T15:34:11","modified_gmt":"2025-09-05T15:34:11","slug":"lorraine-polemique-autour-de-la-venue-de-raphael-enthoven-au-livre-sur-la-place-de-nancy","status":"publish","type":"post","link":"https:\/\/www.europesays.com\/fr\/368473\/","title":{"rendered":"Lorraine. Pol\u00e9mique autour de la venue de Rapha\u00ebl Enthoven au Livre sur la Place de Nancy"},"content":{"rendered":"<p>Coup politique en vue d\u2019une crise gouvernementale ou volont\u00e9 de censure d\u2019un \u00e9crivain ? \u00c0 Nancy, La France Insoumise, via son porte-parole local Hadrien Fournet, demande ce vendredi 5 septembre l\u2019annulation de la participation du philosophe Rapha\u00ebl Enthoven au <a href=\"https:\/\/www.estrepublicain.fr\/culture-loisirs\/2023\/09\/01\/auteurs-programme-dedicaces-l-indispensable-guide-pratique-du-livre-sur-la-place-de-nancy\" target=\"_blank\" rel=\"noopener\">Livre sur la Place<\/a> , premier salon litt\u00e9raire de la rentr\u00e9e en France pr\u00e9vu du 12 au 14 septembre, en raison de propos de l\u2019auteur sur la situation \u00e0 Gaza.<\/p>\n<p>Mi-ao\u00fbt, l\u2019\u00e9crivain avait \u00e9crit sur X, le r\u00e9seau social d\u2019<a href=\"https:\/\/www.estrepublicain.fr\/p\/elon-musk\" target=\"_blank\" rel=\"noopener\">Elon Musk<\/a> : \u00ab Il n\u2019y a aucun journaliste \u00e0 Gaza. Uniquement des tueurs, des combattants ou des preneurs d\u2019otages avec une carte de presse. \u00bb Depuis, l\u2019auteur a essuy\u00e9 de nombreuses insultes et menaces.<\/p>\n<p>La demande de la France Insoumise fait <a href=\"https:\/\/www.estrepublicain.fr\/culture-loisirs\/2025\/09\/05\/livres-dans-la-boucle-le-crif-demande-la-reprogrammation-de-raphael-enthoven-le-philosophe-sort-du-silence\" target=\"_blank\" rel=\"noopener\"> suite \u00e0 l\u2019annulation, par la mairie de gauche de Besan\u00e7on<\/a> , de la venue de Rapha\u00ebl Enthoven au Festival \u00ab Livres dans la Boucle \u00bb, organis\u00e9 du 19 au 21 septembre. Rapha\u00ebl Enthoven avait pr\u00e9vu, comme <a href=\"https:\/\/www.estrepublicain.fr\/culture-loisirs\/2025\/08\/27\/livre-sur-la-place-2025-a-nancy-ces-personnalites-attendues-pour-cette-47e-edition\" target=\"_blank\" rel=\"noopener\">\u00e0 Nancy<\/a> , de pr\u00e9senter son ouvrage \u00ab L\u2019Albatros \u00bb dans lequel il parle, non de Gaza, mais de\u2026 sa m\u00e8re.<\/p>\n<p>  \u00ab Comportement sectaire \u00bb<\/p>\n<p>\u00ab Rapha\u00ebl Enthoven n\u2019est pas le bienvenu au Livre sur la Place, le 14 septembre. Notre ville humaniste ne peut pas laisser s\u2019exprimer ce propagandiste d\u2019extr\u00eame droite. Comme \u00e0 Besan\u00e7on, la ville de Nancy doit d\u00e9programmer sa venue \u00bb, affirme Hadrien Fournet, de La France Insoumise sur sa page Facebook.<\/p>\n<p>Des propos qui font bondir une autre partie de la classe politique \u00e0 Nancy.<\/p>\n<p>\u00ab LFI est un parti populiste, un parti dont les \u00e9lus malm\u00e8nent les institutions, un parti au comportement sectaire, un parti qui n\u2019appr\u00e9cie pas la libert\u00e9 de la presse, un parti qui veut mettre des pr\u00e9fets en prison, un parti qui flirte avec l\u2019antis\u00e9mitisme, un parti qui d\u00e9roule le discours de Poutine, un parti qui estime que la Chine n\u2019est pas une dictature, et maintenant\u2026. un parti dont un repr\u00e9sentant local veut interdire la venue d\u2019un auteur au Livre sur la place \u00bb, d\u00e9nonce <a href=\"https:\/\/www.estrepublicain.fr\/elections\/2025\/05\/06\/asnl-municipales-2026-les-indiscretions-politiques-de-la-semaine\" target=\"_blank\" rel=\"noopener\">Rapha\u00ebl Vuitton<\/a> , ex-\u00e9lu nanc\u00e9ien, qui vient d\u2019\u00eatre d\u00e9sign\u00e9 comme chef de file Horizons pour Nancy dans le cadre des \u00e9lections municipales de 2026.<\/p>\n<p>  \u00ab Place au d\u00e9bat \u00bb<\/p>\n<p>Contact\u00e9e, la municipalit\u00e9 de Nancy tape du poing sur la table. Adjoint \u00e0 la culture, le socialiste Bertrand Masson r\u00e9agit : \u00ab Sur le fond, nous sommes, avec le maire <a href=\"https:\/\/www.estrepublicain.fr\/p\/mathieu-klein\" target=\"_blank\" rel=\"noopener\">Mathieu Klein<\/a>, en d\u00e9saccord avec les propos de Rapha\u00ebl Enthoven sur les journalistes \u00e0 Gaza. Mais le Livre sur la Place est une manifestation qui d\u00e9fend la libert\u00e9, qui pr\u00e9serve la libert\u00e9, et qui fait place au d\u00e9bat. C\u2019est une ligne importante \u00e0 tenir, car nous ne sommes pas censeurs. La limite, c\u2019est le respect de la Loi. \u00c0 cette heure, les propos d\u2019Enthoven n\u2019ont pas \u00e9t\u00e9 condamn\u00e9s par la Justice. Une opinion reste une opinion. Et emp\u00eacher les auteurs d\u2019exprimer les leurs, cela s\u2019appelle de la censure. Je souhaite que nous nous gardions de reproduire \u2013 m\u00eame involontairement, ce que nous d\u00e9non\u00e7ons partout o\u00f9 la d\u00e9mocratie recule dans le monde. Donc non, la Ville de Nancy n\u2019annulera pas la venue de Rapha\u00ebl Enthoven et je vois qu\u2019on va beaucoup parler de ces questions-l\u00e0. \u00bb<\/p>\n","protected":false},"excerpt":{"rendered":"Coup politique en vue d\u2019une crise gouvernementale ou volont\u00e9 de censure d\u2019un \u00e9crivain ? \u00c0 Nancy, La France&hellip;\n","protected":false},"author":2,"featured_media":368474,"comment_status":"","ping_status":"","sticky":false,"template":"","format":"standard","meta":{"footnotes":""},"categories":[9635],"tags":[1111,11,1984,1687,1704,4188,1777,674,1685,1011,27,775,3540,2338,3539,6319,2410,2759,1702,1703,12,8387,3541,316,1078,3456,3370,25,104],"class_list":{"0":"post-368473","1":"post","2":"type-post","3":"status-publish","4":"format-standard","5":"has-post-thumbnail","7":"category-nancy","8":"tag-actu","9":"tag-actualites","10":"tag-conseil-municipal","11":"tag-culture-loisirs","12":"tag-edition-nancy-et-agglomeration","13":"tag-elections-municipales","14":"tag-eu","15":"tag-europe","16":"tag-foire-et-salon","17":"tag-fr","18":"tag-france","19":"tag-grand-est","20":"tag-horizons","21":"tag-la-france-insoumise","22":"tag-les-ecologistes","23":"tag-les-republicains","24":"tag-livres-bd","25":"tag-modem","26":"tag-nancy","27":"tag-nancy-ville-54b","28":"tag-news","29":"tag-parti-communiste","30":"tag-parti-socialiste","31":"tag-politique","32":"tag-rassemblement-national","33":"tag-region-lorraine","34":"tag-renaissance","35":"tag-republique-francaise","36":"tag-societe"},"share_on_mastodon":{"url":"https:\/\/pubeurope.com\/@fr\/115152425070248180","error":""},"_links":{"self":[{"href":"https:\/\/www.europesays.com\/fr\/wp-json\/wp\/v2\/posts\/368473","targetHints":{"allow":["GET"]}}],"collection":[{"href":"https:\/\/www.europesays.com\/fr\/wp-json\/wp\/v2\/posts"}],"about":[{"href":"https:\/\/www.europesays.com\/fr\/wp-json\/wp\/v2\/types\/post"}],"author":[{"embeddable":true,"href":"https:\/\/www.europesays.com\/fr\/wp-json\/wp\/v2\/users\/2"}],"replies":[{"embeddable":true,"href":"https:\/\/www.europesays.com\/fr\/wp-json\/wp\/v2\/comments?post=368473"}],"version-history":[{"count":0,"href":"https:\/\/www.europesays.com\/fr\/wp-json\/wp\/v2\/posts\/368473\/revisions"}],"wp:featuredmedia":[{"embeddable":true,"href":"https:\/\/www.europesays.com\/fr\/wp-json\/wp\/v2\/media\/368474"}],"wp:attachment":[{"href":"https:\/\/www.europesays.com\/fr\/wp-json\/wp\/v2\/media?parent=368473"}],"wp:term":[{"taxonomy":"category","embeddable":true,"href":"https:\/\/www.europesays.com\/fr\/wp-json\/wp\/v2\/categories?post=368473"},{"taxonomy":"post_tag","embeddable":true,"href":"https:\/\/www.europesays.com\/fr\/wp-json\/wp\/v2\/tags?post=368473"}],"curies":[{"name":"wp","href":"https:\/\/api.w.org\/{rel}","templated":true}]}}