{"id":368475,"date":"2025-09-05T15:35:14","date_gmt":"2025-09-05T15:35:14","guid":{"rendered":"https:\/\/www.europesays.com\/fr\/368475\/"},"modified":"2025-09-05T15:35:14","modified_gmt":"2025-09-05T15:35:14","slug":"lassociation-du-grand-nancy-si-toit-lien-vient-repondre-aux-questions-des-habitants-du-pre-latour","status":"publish","type":"post","link":"https:\/\/www.europesays.com\/fr\/368475\/","title":{"rendered":"l\u2019association du Grand Nancy \u00ab\u00a0Si Toit Lien\u00a0\u00bb vient r\u00e9pondre aux questions des habitants du Pr\u00e9 Latour"},"content":{"rendered":"<p>\u00ab\u00a0Nous sommes des facilitateurs sur des probl\u00e9matiques concernant le logement en g\u00e9n\u00e9ral. Nous r\u00e9pondons aussi bien aux questions des locataires que des propri\u00e9taires\u00a0\u00bb, d\u00e9crit Nicolas Ch\u00e2teau, directeur de <a href=\"https:\/\/www.estrepublicain.fr\/economie\/2024\/12\/16\/en-2024-si-toit-lien-a-continue-sa-lutte-contre-le-mal-logement\" target=\"_blank\" rel=\"noopener\">l\u2019association Si Toit Lien, bas\u00e9e \u00e0 Vand\u0153uvre-l\u00e8s-Nancy<\/a>.<\/p>\n<p>Quatre de ses permanents seront pr\u00e9sents, ce mardi 9\u00a0septembre prochain, dans le quartier du Pr\u00e9 Latour. \u00ab\u00a0On effectue une permanence mobile afin de rencontrer, notamment, les usagers du parc MMH qui vient de reprendre ce patrimoine et doit engager des travaux d\u2019am\u00e9lioration de l\u2019habitat\u00a0\u00bb, poursuit-il. L\u2019association travaille aussi en lien \u00e9troit avec la ville de Pont-\u00e0-Mousson et son CCAS (centre communal d\u2019action sociale), notamment sur les questions de l\u2019 <a href=\"https:\/\/www.estrepublicain.fr\/societe\/2023\/06\/27\/lutte-contre-l-habitat-indigne-un-permis-de-louer-bientot-en-place-a-pont-a-mousson-blenod-pagny-dieulouard\" target=\"_blank\" rel=\"noopener\">habitat indigne<\/a> et du mal-logement.<\/p>\n<p>  Des outils de pr\u00e9vention sous forme de jeux<\/p>\n<p>Ainsi, les locataires vont pouvoir venir exposer leurs probl\u00e9matiques et l\u2019association ira voir sur place puis fera le lien, si besoin, avec le bailleur social. \u00ab\u00a0S\u2019il y a un probl\u00e8me, on explique les droits et les devoirs de chacun. On fait de la p\u00e9dagogie pour que tout se finisse bien\u00a0\u00bb, ajoute le directeur.<\/p>\n<p>Si le temps le permet, l\u2019association installera ses bancs et ses tables sous des tonnelles afin d\u2019\u00eatre visible. Elle proposera <a href=\"https:\/\/www.estrepublicain.fr\/societe\/2024\/02\/11\/si-toit-lien-propose-des-ateliers-pour-accompagner-la-recherche-de-logements\" target=\"_blank\" rel=\"noopener\">des outils de pr\u00e9vention<\/a> sous forme de jeux pour parler de probl\u00e9matiques r\u00e9currentes comme, par exemple, les nuisibles ou les moisissures.<\/p>\n<p>\u00ab\u00a0Cette permanence d\u2019information est gratuite et ouverte \u00e0 tous\u00a0\u00bb, termine Nicolas Ch\u00e2teau.<\/p>\n<p class=\"note\">Op\u00e9ration Mobilogement\u00a0: mardi 9\u00a0septembre de 14\u00a0h \u00e0 17\u00a0h, quartier du Pr\u00e9 Latour. Gratuit.<\/p>\n","protected":false},"excerpt":{"rendered":"\u00ab\u00a0Nous sommes des facilitateurs sur des probl\u00e9matiques concernant le logement en g\u00e9n\u00e9ral. Nous r\u00e9pondons aussi bien aux questions&hellip;\n","protected":false},"author":2,"featured_media":368476,"comment_status":"","ping_status":"","sticky":false,"template":"","format":"standard","meta":{"footnotes":""},"categories":[9635],"tags":[1111,11,1706,1777,674,1011,27,775,1908,1702,12,10422,10423,25,104],"class_list":{"0":"post-368475","1":"post","2":"type-post","3":"status-publish","4":"format-standard","5":"has-post-thumbnail","7":"category-nancy","8":"tag-actu","9":"tag-actualites","10":"tag-edition-pont-a-mousson","11":"tag-eu","12":"tag-europe","13":"tag-fr","14":"tag-france","15":"tag-grand-est","16":"tag-logement","17":"tag-nancy","18":"tag-news","19":"tag-pont-a-mousson","20":"tag-pont-a-mousson-ville-54c","21":"tag-republique-francaise","22":"tag-societe"},"share_on_mastodon":{"url":"https:\/\/pubeurope.com\/@fr\/115152428958131915","error":""},"_links":{"self":[{"href":"https:\/\/www.europesays.com\/fr\/wp-json\/wp\/v2\/posts\/368475","targetHints":{"allow":["GET"]}}],"collection":[{"href":"https:\/\/www.europesays.com\/fr\/wp-json\/wp\/v2\/posts"}],"about":[{"href":"https:\/\/www.europesays.com\/fr\/wp-json\/wp\/v2\/types\/post"}],"author":[{"embeddable":true,"href":"https:\/\/www.europesays.com\/fr\/wp-json\/wp\/v2\/users\/2"}],"replies":[{"embeddable":true,"href":"https:\/\/www.europesays.com\/fr\/wp-json\/wp\/v2\/comments?post=368475"}],"version-history":[{"count":0,"href":"https:\/\/www.europesays.com\/fr\/wp-json\/wp\/v2\/posts\/368475\/revisions"}],"wp:featuredmedia":[{"embeddable":true,"href":"https:\/\/www.europesays.com\/fr\/wp-json\/wp\/v2\/media\/368476"}],"wp:attachment":[{"href":"https:\/\/www.europesays.com\/fr\/wp-json\/wp\/v2\/media?parent=368475"}],"wp:term":[{"taxonomy":"category","embeddable":true,"href":"https:\/\/www.europesays.com\/fr\/wp-json\/wp\/v2\/categories?post=368475"},{"taxonomy":"post_tag","embeddable":true,"href":"https:\/\/www.europesays.com\/fr\/wp-json\/wp\/v2\/tags?post=368475"}],"curies":[{"name":"wp","href":"https:\/\/api.w.org\/{rel}","templated":true}]}}