{"id":368477,"date":"2025-09-05T15:36:14","date_gmt":"2025-09-05T15:36:14","guid":{"rendered":"https:\/\/www.europesays.com\/fr\/368477\/"},"modified":"2025-09-05T15:36:14","modified_gmt":"2025-09-05T15:36:14","slug":"psychologie-face-a-la-normalisation-quelles-perspectives-un-colloque-organise-a-toulon-le-12-septembre","status":"publish","type":"post","link":"https:\/\/www.europesays.com\/fr\/368477\/","title":{"rendered":"Psychologie: face \u00e0 la normalisation, quelles perspectives? Un colloque organis\u00e9 \u00e0 Toulon le 12 septembre"},"content":{"rendered":"<p>L\u2019association \u00ab\u00a0Convergences des psychologues en lutte\u00a0\u00bb organise un <strong>colloque \u00e0 Toulon<\/strong>, vendredi 12 septembre au Palais Neptune: \u00ab\u00a0Les <strong>psychologues<\/strong> dans la cit\u00e9: quelles perspectives?\u00a0\u00bb.<\/p>\n<p>\u00ab\u00a0Nous nous opposons aux nouvelles normes gouvernementales. La psychologie et la psychiatrie sont soumises de plus en plus \u00e0 des normes et des \u00e9valuations qui gomment l\u2019attention pour le sujet dans sa singularit\u00e9, explique Fabienne Raybaud, psychologue clinicienne et membre du comit\u00e9 d\u2019organisation. Face \u00e0 cette nouvelle emprise, nous avons besoin de <strong>r\u00e9inventer les conditions sociales et culturelles qui nous permettent de travailler<\/strong>. Car la rencontre se fait dans l\u2019\u00e9coute, tout simplement. Pas dans la cat\u00e9gorisation ou dans l\u2019\u00e9valuation&#8230;\u00a0\u00bb<\/p>\n<p>Ouvert \u00e0 tous, le colloque invite \u00ab\u00a0au partage d\u2019exp\u00e9riences, aux narrations de ce qui fait l\u2019enthousiasme \u00e0 travailler, aux r\u00e9cits de cliniques de l\u2019impossible, aux univers singuliers o\u00f9 le m\u00e9tier de psychologue s\u2019exerce\u00a0\u00bb.<\/p>\n<p>Il s\u2019ach\u00e8vera avec un <strong>spectacle<\/strong> afin de \u00ab\u00a0faire une place aux artistes, \u00e0 des voix singuli\u00e8res qui disent l\u2019universel, aux meilleurs ambassadeurs pour exprimer ce qui, de notre humanit\u00e9, \u00e9chappe \u00e0 la normalisation\u00a0\u00bb.<\/p>\n<p>Inscriptions: <a href=\"https:\/\/sites.google.com\/view\/colloque-cpl-2025\/inscription\" target=\"_blank\" rel=\"noopener nofollow\">https:\/\/sites.google.com\/view\/colloque-cpl-2025\/inscription<\/a><\/p>\n","protected":false},"excerpt":{"rendered":"L\u2019association \u00ab\u00a0Convergences des psychologues en lutte\u00a0\u00bb organise un colloque \u00e0 Toulon, vendredi 12 septembre au Palais Neptune: \u00ab\u00a0Les&hellip;\n","protected":false},"author":2,"featured_media":368478,"comment_status":"","ping_status":"","sticky":false,"template":"","format":"standard","meta":{"footnotes":""},"categories":[9619],"tags":[1111,11,1777,674,1011,27,12,882,25,71,2310],"class_list":{"0":"post-368477","1":"post","2":"type-post","3":"status-publish","4":"format-standard","5":"has-post-thumbnail","7":"category-toulon","8":"tag-actu","9":"tag-actualites","10":"tag-eu","11":"tag-europe","12":"tag-fr","13":"tag-france","14":"tag-news","15":"tag-provence-alpes-cote-dazur","16":"tag-republique-francaise","17":"tag-sante","18":"tag-toulon"},"share_on_mastodon":{"url":"https:\/\/pubeurope.com\/@fr\/115152432875244823","error":""},"_links":{"self":[{"href":"https:\/\/www.europesays.com\/fr\/wp-json\/wp\/v2\/posts\/368477","targetHints":{"allow":["GET"]}}],"collection":[{"href":"https:\/\/www.europesays.com\/fr\/wp-json\/wp\/v2\/posts"}],"about":[{"href":"https:\/\/www.europesays.com\/fr\/wp-json\/wp\/v2\/types\/post"}],"author":[{"embeddable":true,"href":"https:\/\/www.europesays.com\/fr\/wp-json\/wp\/v2\/users\/2"}],"replies":[{"embeddable":true,"href":"https:\/\/www.europesays.com\/fr\/wp-json\/wp\/v2\/comments?post=368477"}],"version-history":[{"count":0,"href":"https:\/\/www.europesays.com\/fr\/wp-json\/wp\/v2\/posts\/368477\/revisions"}],"wp:featuredmedia":[{"embeddable":true,"href":"https:\/\/www.europesays.com\/fr\/wp-json\/wp\/v2\/media\/368478"}],"wp:attachment":[{"href":"https:\/\/www.europesays.com\/fr\/wp-json\/wp\/v2\/media?parent=368477"}],"wp:term":[{"taxonomy":"category","embeddable":true,"href":"https:\/\/www.europesays.com\/fr\/wp-json\/wp\/v2\/categories?post=368477"},{"taxonomy":"post_tag","embeddable":true,"href":"https:\/\/www.europesays.com\/fr\/wp-json\/wp\/v2\/tags?post=368477"}],"curies":[{"name":"wp","href":"https:\/\/api.w.org\/{rel}","templated":true}]}}