{"id":368479,"date":"2025-09-05T15:37:11","date_gmt":"2025-09-05T15:37:11","guid":{"rendered":"https:\/\/www.europesays.com\/fr\/368479\/"},"modified":"2025-09-05T15:37:11","modified_gmt":"2025-09-05T15:37:11","slug":"le-rc-toulon-veut-reussir-sa-premiere-face-a-montpellier","status":"publish","type":"post","link":"https:\/\/www.europesays.com\/fr\/368479\/","title":{"rendered":"Le RC Toulon veut r\u00e9ussir sa premi\u00e8re face \u00e0 Montpellier"},"content":{"rendered":"\n<p>Le jour-J est venu pour le RCT et les treize autres \u00e9quipes du Top 14. Ce samedi marque le coup d\u2019envoi de la saison, apr\u00e8s pr\u00e8s de trois mois d\u2019interruption. Une pause qui a permis aux Toulonnais de se pr\u00e9parer aux \u00e9ch\u00e9ances \u00e0 venir, en d\u00e9pit des deux d\u00e9faites &#8211; anecdotiques &#8211; face \u00e0 Perpignan (50-19) et Clermont (31-24). \u00ab\u00a0Je suis excit\u00e9 de retrouver la comp\u00e9tition. Je trouve les gar\u00e7ons plut\u00f4t bien sur cette fin de pr\u00e9pa\u00a0\u00bb, avance Pierre Mignoni. Le manager est conscient d\u2019\u00eatre attendu apr\u00e8s la 3e\u00a0place obtenue la saison derni\u00e8re, dans un championnat qui s\u2019annonce serr\u00e9\u00a0: \u00ab\u00a0On sait qu\u2019on est tr\u00e8s attendu contre cette \u00e9quipe de Montpellier. On avait un plan sur la pr\u00e9paration, sur l\u2019attaque, la d\u00e9fense, la strat\u00e9gie. On essaie d\u2019\u00eatre pr\u00eat, on sait que ce ne sera pas parfait pour les deux \u00e9quipes.\u00a0\u00bb<\/p>\n<p> Cowie et Brex au centre\n              <\/p>\n<p>Avec sept arriv\u00e9es et dix d\u00e9parts, l\u2019effectif a subi un certain lifting, mais conserve une ossature semblable \u00e0 celle de l\u2019ann\u00e9e derni\u00e8re, malgr\u00e9 une troisi\u00e8me ligne amput\u00e9e de joueurs importants, tels qu\u2019Isa et Le Corvec\u00a0: \u00ab\u00a0C\u2019est mieux que si on avait chang\u00e9 quinze joueurs. On a vite trouv\u00e9 des rep\u00e8res. On a vu de bonnes choses face \u00e0 Clermont. L\u00e0, je veux voir notre lien en attaque et en d\u00e9fense, et l\u2019intensit\u00e9 sur les touches, les mauls, les plaquages, en m\u00eal\u00e9e&#8230;\u00a0\u00bb, pr\u00e9vient l\u2019entra\u00eeneur du RCT, qui veut s\u2019appuyer sur \u00ab\u00a0un des plus gros paquets du Top\u00a014\u00a0\u00bb.<\/p>\n<p>Mais aussi sur ses autres forces, malgr\u00e9 des absents de marque (Villi\u00e8re, Ollivon, Abadie, Jaminet, pour ne citer qu\u2019eux)\u00a0: \u00ab\u00a0On est oblig\u00e9 de s\u2019adapter \u00e0 notre jeu, sans tout bouleverser. \u00e0 nous d\u2019\u00eatre audacieux avec les joueurs qu\u2019on a. On a beaucoup de qualit\u00e9s, de vitesse, mais pour l\u2019utiliser, il faut combattre\u00a0\u00bb, annonce Mignoni. Il faudra aussi recomposer un centre orphelin de Fainga\u2019anuku. Pour ce faire, le technicien varois compte sur la jeunesse d\u2019Oliver Cowie (20 ans), appel\u00e9 \u00e0 prendre de l\u2019\u00e9paisseur apr\u00e8s une saison min\u00e9e par les blessures\u00a0: \u00ab\u00a0Je le sens tr\u00e8s bien. C\u2019est un gar\u00e7on tr\u00e8s intelligent, il s\u2019est d\u00e9velopp\u00e9 physiquement et techniquement, il a beaucoup travaill\u00e9.\u00a0\u00bb \u00ab (La blessure) m\u2019a permis de travailler des choses que je n\u2019aurais peut \u00eatre pas travaill\u00e9, affirme l\u2019int\u00e9ress\u00e9. Je pense que \u00e7a m\u2019a fait du bien pour \u00eatre pr\u00eat cette saison. \u00bb<\/p>\n<p>Cowie sera align\u00e9 d\u2019entr\u00e9e avec l\u2019une des recrues, l\u2019exp\u00e9riment\u00e9 Italo-Argentin Ignacio Brex (33 ans), arriv\u00e9 de Tr\u00e9vise et avec qui la compl\u00e9mentarit\u00e9 semble prometteuse\u00a0: \u00ab\u00a0On va attendre le premier match quand m\u00eame, temp\u00e8re leur entra\u00eeneur. Ils ont du d\u00e9chet, car on leur demande d\u2019\u00eatre audacieux, de tenter des choses. Je veux les voir dans l\u2019adaptation.\u00a0\u00bb<\/p>\n<p>\u00ab\u00a0On s\u2019est bien trouv\u00e9 face \u00e0 Clermont, \u2018\u2019Nacho\u2019\u2019 a beaucoup d\u2019exp\u00e9rience, il est tr\u00e8s bon sur la communication avant d\u2019avoir le ballon. On sait ce qu\u2019il va faire, donc c\u2019est plus facile de se trouver. J\u2019esp\u00e8re qu\u2019on d\u00e9veloppera encore plus ce duo\u00a0\u00bb, se r\u00e9jouit Oliver Cowie. C\u2019est tout le mal qu\u2019on souhaite au RCT.<\/p>\n","protected":false},"excerpt":{"rendered":"Le jour-J est venu pour le RCT et les treize autres \u00e9quipes du Top 14. Ce samedi marque&hellip;\n","protected":false},"author":2,"featured_media":368480,"comment_status":"","ping_status":"","sticky":false,"template":"","format":"standard","meta":{"footnotes":""},"categories":[9619],"tags":[1111,11,12125,1777,674,1011,27,12,882,25,2310],"class_list":{"0":"post-368479","1":"post","2":"type-post","3":"status-publish","4":"format-standard","5":"has-post-thumbnail","7":"category-toulon","8":"tag-actu","9":"tag-actualites","10":"tag-adam-benhammouda","11":"tag-eu","12":"tag-europe","13":"tag-fr","14":"tag-france","15":"tag-news","16":"tag-provence-alpes-cote-dazur","17":"tag-republique-francaise","18":"tag-toulon"},"share_on_mastodon":{"url":"https:\/\/pubeurope.com\/@fr\/115152436824567590","error":""},"_links":{"self":[{"href":"https:\/\/www.europesays.com\/fr\/wp-json\/wp\/v2\/posts\/368479","targetHints":{"allow":["GET"]}}],"collection":[{"href":"https:\/\/www.europesays.com\/fr\/wp-json\/wp\/v2\/posts"}],"about":[{"href":"https:\/\/www.europesays.com\/fr\/wp-json\/wp\/v2\/types\/post"}],"author":[{"embeddable":true,"href":"https:\/\/www.europesays.com\/fr\/wp-json\/wp\/v2\/users\/2"}],"replies":[{"embeddable":true,"href":"https:\/\/www.europesays.com\/fr\/wp-json\/wp\/v2\/comments?post=368479"}],"version-history":[{"count":0,"href":"https:\/\/www.europesays.com\/fr\/wp-json\/wp\/v2\/posts\/368479\/revisions"}],"wp:featuredmedia":[{"embeddable":true,"href":"https:\/\/www.europesays.com\/fr\/wp-json\/wp\/v2\/media\/368480"}],"wp:attachment":[{"href":"https:\/\/www.europesays.com\/fr\/wp-json\/wp\/v2\/media?parent=368479"}],"wp:term":[{"taxonomy":"category","embeddable":true,"href":"https:\/\/www.europesays.com\/fr\/wp-json\/wp\/v2\/categories?post=368479"},{"taxonomy":"post_tag","embeddable":true,"href":"https:\/\/www.europesays.com\/fr\/wp-json\/wp\/v2\/tags?post=368479"}],"curies":[{"name":"wp","href":"https:\/\/api.w.org\/{rel}","templated":true}]}}