{"id":368483,"date":"2025-09-05T15:39:10","date_gmt":"2025-09-05T15:39:10","guid":{"rendered":"https:\/\/www.europesays.com\/fr\/368483\/"},"modified":"2025-09-05T15:39:10","modified_gmt":"2025-09-05T15:39:10","slug":"ya-qua-montpellier-que-tu-vois-ca-devant-un-arret-de-tram","status":"publish","type":"post","link":"https:\/\/www.europesays.com\/fr\/368483\/","title":{"rendered":"Y&rsquo;a qu&rsquo;\u00e0 Montpellier que tu vois \u00e7a devant un arr\u00eat de tram"},"content":{"rendered":"<p>            Par<br \/>\n        <strong><br \/>\n            <a href=\"https:\/\/actu.fr\/auteur\/metropoop\" title=\"Consulter tous les articles de R\u00e9daction M\u00e9tropolitain\" rel=\"nofollow noopener\" target=\"_blank\">R\u00e9daction M\u00e9tropolitain<\/a><br \/>\n        <\/strong><\/p>\n<p>        Publi\u00e9 le<\/p>\n<p>            5 sept. 2025 \u00e0 17h31        <\/p>\n<p>La sc\u00e8ne pourrait sembler banale, si elle s\u2019\u00e9tait d\u00e9roul\u00e9e lors d\u2019une f\u00eate de village. Mais en plein c\u0153ur de <strong>Montpellier<\/strong>, elle a pris une tout autre dimension. Depuis \u00a0ce mercredi 3 septembre 2025 au soir, une vid\u00e9o post\u00e9e sur <strong>TikTok<\/strong> fait r\u00e9agir : on y voit une trentaine de jeunes chanter et danser ensemble sur le c\u00e9l\u00e8bre \u00ab Dans les yeux d\u2019\u00c9milie \u00bb de <strong>Joe Dassin<\/strong>, un classique ind\u00e9modable des ambiances f\u00e9ria.<\/p>\n<blockquote class=\"tiktok-embed\" cite=\"https:\/\/www.tiktok.com\/@harttsensei\/video\/7545943759700135190\" data-video-id=\"7545943759700135190\" data-embed-from=\"oembed\" style=\"max-width:605px; min-width:325px;\"><p>\n<a target=\"_blank\" title=\"@harttsensei\" href=\"https:\/\/www.tiktok.com\/@harttsensei?refer=embed\" rel=\"nofollow noopener\">@harttsensei<\/a> <\/p>\n<p><a title=\"montpellier\" target=\"_blank\" href=\"https:\/\/www.tiktok.com\/tag\/montpellier?refer=embed\" rel=\"nofollow noopener\">#montpellier<\/a> <a title=\"pourtoi\" target=\"_blank\" href=\"https:\/\/www.tiktok.com\/tag\/pourtoi?refer=embed\" rel=\"nofollow noopener\">#pourtoi<\/a> <\/p>\n<p> <a target=\"_blank\" title=\"\u266c son original - Hartt\" href=\"https:\/\/www.tiktok.com\/music\/son-original-7545943769618074390?refer=embed\" rel=\"nofollow noopener\">\u266c son original \u2013 Hartt<\/a> <\/p>\n<\/blockquote>\n<p>Vid\u00e9o feel good, \u00e7a change !<\/p>\n<p class=\" wall-content\">La sc\u00e8ne se d\u00e9roule \u00e0 l\u2019arr\u00eat de tramway <strong>Saint-\u00c9loi<\/strong>, au c\u0153ur du quartier universitaire de Montpellier. Cette parenth\u00e8se musicale, on la doit \u00e0 un \u00ab ambianceur ambulant \u00bb qui a visiblement fait mouche ce soir-l\u00e0. En un instant, l\u2019attente du tram s\u2019est transform\u00e9e en dancefloor improvis\u00e9, offrant \u00e0 la ville une image inattendue et joyeuse. Car, si les r\u00e9seaux sociaux relaient parfois des vid\u00e9os de violences ou de tensions \u00e0 Montpellier, voir circuler des images o\u00f9 r\u00e8gnent la f\u00eate et la convivialit\u00e9, \u00e7a fait du bien.<\/p>\n<p>    <a href=\"https:\/\/www.google.com\/maps\/embed?pb=!1m18!1m12!1m3!1d3339.267957472031!2d3.8616400212049466!3d43.627035692515854!2m3!1f0!2f0!3f0!3m2!1i1024!2i768!4f13.1!3m3!1m2!1s0x12b6af1e28e1b883%3A0xd24bac188b79203a!2sSaint-%C3%89loi!5e1!3m2!1sfr!2sfr!4v1757061856295!5m2!1sfr!2sfr\" title=\"Ouvrie le lien\" rel=\"nofollow noopener\" target=\"_blank\">Cliquez ici pour visualiser le contenu<\/a><\/p>\n<p class=\" wall-content\">Une parenth\u00e8se qui rappelle que la ville, au-del\u00e0 du bruit incessant des voitures, peut aussi devenir un terrain de convivialit\u00e9, surgissant \u00e0 l\u2019improviste \u00e0 chaque coin de rue. Dans les commentaires, beaucoup se r\u00e9jouissent de voir cette ambiance : \u00ab \u00c7a fait chaud au c\u0153ur de voir tous ces jeunes joyeux, avec tout ce qu\u2019il se passe \u00bb, \u00e9crit l\u2019un. \u00ab Les \u00e9tudiants ont repris la fac, Montpellier a une autre ambiance depuis quelques jours. C\u2019est g\u00e9nial de voir \u00e7a \u00bb, ajoute un autre. Et c\u2019est vrai : la rentr\u00e9e universitaire marque chaque ann\u00e9e le retour d\u2019une \u00e9nergie particuli\u00e8re, qui redonne \u00e0 Montpellier ce suppl\u00e9ment d\u2019\u00e2me si reconnaissable.<\/p>\n<p>Vid\u00e9os : en ce moment sur Actu<\/p>\n<p class=\" wall-content\">Ville \u00e9tudiante par excellence, Montpellier retrouve en septembre son effervescence : plus de monde dans les rues, les bars, sur les terrasses\u2026 et m\u00eame aux arr\u00eats de tram. La f\u00eate reprend ses droits, entre \u00e9v\u00e9nements programm\u00e9s et moments totalement improvis\u00e9s. Alors, ne soyez pas surpris si, au d\u00e9tour d\u2019une rue, quelqu\u2019un sort une grosse enceinte pour faire r\u00e9sonner les plus grands classiques. C\u2019est \u00e7a, Montpellier !<\/p>\n<p class=\" wall-content\">Personnalisez votre actualit\u00e9 en ajoutant vos villes et m\u00e9dias en favori avec <a href=\"https:\/\/moncompte.actu.fr\" title=\"D\u00e9couvez Mon Actu\" rel=\"nofollow noopener\" data-trk=\"{&quot;cta&quot;:{&quot;action&quot;:&quot;https:\\\/\\\/moncompte.actu.fr&quot;,&quot;category&quot;:&quot;mon compte&quot;,&quot;from&quot;:&quot;article footer&quot;,&quot;name&quot;:&quot;Mon actu&quot;,&quot;type&quot;:&quot;cta&quot;}}\" target=\"_blank\">Mon Actu<\/a>.<\/p>\n<p>                    <script async src=\"\/\/www.tiktok.com\/embed.js\"><\/script><\/p>\n","protected":false},"excerpt":{"rendered":"Par R\u00e9daction M\u00e9tropolitain Publi\u00e9 le 5 sept. 2025 \u00e0 17h31 La sc\u00e8ne pourrait sembler banale, si elle s\u2019\u00e9tait&hellip;\n","protected":false},"author":2,"featured_media":368484,"comment_status":"","ping_status":"","sticky":false,"template":"","format":"standard","meta":{"footnotes":""},"categories":[9599],"tags":[1111,11,1777,674,1011,27,1757,2208,12,2680,25],"class_list":{"0":"post-368483","1":"post","2":"type-post","3":"status-publish","4":"format-standard","5":"has-post-thumbnail","7":"category-montpellier","8":"tag-actu","9":"tag-actualites","10":"tag-eu","11":"tag-europe","12":"tag-fr","13":"tag-france","14":"tag-insolite","15":"tag-montpellier","16":"tag-news","17":"tag-occitanie","18":"tag-republique-francaise"},"share_on_mastodon":{"url":"https:\/\/pubeurope.com\/@fr\/115152444889979977","error":""},"_links":{"self":[{"href":"https:\/\/www.europesays.com\/fr\/wp-json\/wp\/v2\/posts\/368483","targetHints":{"allow":["GET"]}}],"collection":[{"href":"https:\/\/www.europesays.com\/fr\/wp-json\/wp\/v2\/posts"}],"about":[{"href":"https:\/\/www.europesays.com\/fr\/wp-json\/wp\/v2\/types\/post"}],"author":[{"embeddable":true,"href":"https:\/\/www.europesays.com\/fr\/wp-json\/wp\/v2\/users\/2"}],"replies":[{"embeddable":true,"href":"https:\/\/www.europesays.com\/fr\/wp-json\/wp\/v2\/comments?post=368483"}],"version-history":[{"count":0,"href":"https:\/\/www.europesays.com\/fr\/wp-json\/wp\/v2\/posts\/368483\/revisions"}],"wp:featuredmedia":[{"embeddable":true,"href":"https:\/\/www.europesays.com\/fr\/wp-json\/wp\/v2\/media\/368484"}],"wp:attachment":[{"href":"https:\/\/www.europesays.com\/fr\/wp-json\/wp\/v2\/media?parent=368483"}],"wp:term":[{"taxonomy":"category","embeddable":true,"href":"https:\/\/www.europesays.com\/fr\/wp-json\/wp\/v2\/categories?post=368483"},{"taxonomy":"post_tag","embeddable":true,"href":"https:\/\/www.europesays.com\/fr\/wp-json\/wp\/v2\/tags?post=368483"}],"curies":[{"name":"wp","href":"https:\/\/api.w.org\/{rel}","templated":true}]}}