{"id":368487,"date":"2025-09-05T15:41:17","date_gmt":"2025-09-05T15:41:17","guid":{"rendered":"https:\/\/www.europesays.com\/fr\/368487\/"},"modified":"2025-09-05T15:41:17","modified_gmt":"2025-09-05T15:41:17","slug":"fc-rouen-mustapha-benzia-la-piece-maitresse-maitre-canonnier-du-debut-de-saison","status":"publish","type":"post","link":"https:\/\/www.europesays.com\/fr\/368487\/","title":{"rendered":"FC Rouen\u00a0: Mustapha Benzia, la \u00ab\u00a0pi\u00e8ce maitresse\u00a0\u00bb, ma\u00eetre canonnier du d\u00e9but de saison"},"content":{"rendered":"<p>Le FC Rouen, invaincu en quatre matches de National, retrouve son public du stade Diochon ce samedi 6 septembre, contre Ch\u00e2teauroux. Les supporters auront notamment les yeux sur Mustapha Benzia, l&rsquo;un des enfants du club, s&rsquo;il arme une frappe \u00e0 l&rsquo;entr\u00e9e de la surface.<\/p>\n<p>Le temps \u00e9tait long, tr\u00e8s long pour les supporters du FC Rouen. Cela fait depuis le mois d&rsquo;avril qu&rsquo;ils n&rsquo;ont pas pu voir leur \u00e9quipe \u00e9voluer \u00e0 domicile en championnat. Cela \u00e0 cause de l&rsquo;intersaison, oui, mais aussi de la sanction de trois matches \u00e0 huis clos \u00e9cop\u00e9e par le club rouennais suite aux incidents lors du derby contre Quevilly, en fin de saison derni\u00e8re. Cette sanction purg\u00e9e, contre le Paris 13 Atletico, le FC Fleury puis Sochaux, le stade Diochon va pouvoir \u00e0 nouveau se remplir pour voir les Diables Rouges y \u00e9voluer.<\/p>\n<p>Environ 7.000 supporters le garniront ce samedi 6 septembre, pour la r\u00e9ception de Ch\u00e2teauroux. Les Rouennais auront \u00e0 cette occasion les yeux riv\u00e9s, entre autres, sur le milieu Mustapha Benzia. \u00c0 35 ans, il est <strong>sans doute le meilleur joueur du FCR depuis le d\u00e9but de la saison<\/strong>. C&rsquo;est en tout cas lui qui a \u00e9t\u00e9 \u00e9lu <strong>\u00ab\u00a0Diable du mois\u00a0\u00bb d&rsquo;ao\u00fbt<\/strong>. Une petite renaissance pour ce joueur, si pr\u00e9cieux dans l&rsquo;\u00e9quipe, mais moins impactant l&rsquo;an dernier.<\/p>\n<p>Un retour aux affaires qu&rsquo;il a \u00e9t\u00e9 possible de voir, et de mani\u00e8re spectaculaire, lors des deux derniers matches. <strong>Deux coups de canon splendides<\/strong>, pour deux buts inscrits de 25 m\u00e8tres, d&rsquo;abord contre Sochaux, puis \u00e0 Valenciennes. Deux buts, <strong>les premiers depuis six ans<\/strong> pour le natif de Rouen, ancien joueur de <strong>Caudebec &#8211; Saint Pierre, Sotteville et Oissel<\/strong>, Diable Rouge depuis huit ans d\u00e9sormais. \u00ab\u00a0C&rsquo;\u00e9tait long, sourit le milieu de terrain. Je n&rsquo;\u00e9tais pas focalis\u00e9 l\u00e0-dessus, mais c&rsquo;est vrai qu&rsquo;avant, je jouais devant et j&rsquo;aimais bien marquer. L\u00e0 j&rsquo;\u00e9tais content, et puis l&rsquo;app\u00e9tit vient en mangeant, alors j&rsquo;esp\u00e8re que d&rsquo;autres vont arriver\u00a0\u00bb. Il n&rsquo;est donc pas impossible de voir Benzia armer encore de lourdes frappes \u00e0 l&rsquo;entr\u00e9e de la surface. \u00ab\u00a0C&rsquo;est quand il ne joue pas qu&rsquo;on voit qu&rsquo;il est absent\u00a0\u00bb, souffle-t-on au club, au moment d&rsquo;\u00e9voquer l&rsquo;importance de \u00ab\u00a0Muss\u00a0\u00bb. Juste apr\u00e8s le match \u00e0 Sochaux, son entra\u00eeneur, R\u00e9gis Brouard, \u00e9tait d\u00e9j\u00e0 dithyrambique\u00a0: \u00ab\u00a0Il a \u00e9t\u00e9 <strong>exceptionnel<\/strong>, il a fait un match incroyable, avouait-il, il a \u00e9t\u00e9 la pierre angulaire de l&rsquo;\u00e9quipe.\u00a0\u00bb\u00a0 Et il n&rsquo;a pas dit autre chose apr\u00e8s Valenciennes. \u00ab\u00a0M\u00eame moi, je suis surpris, parce que, quand on fait un travail devant le but, on ne le prend jamais\u00a0\u00bb, plaisante Brouard.<\/p>\n<p>Du changement cet \u00e9t\u00e9<\/p>\n<p>Alors, que s&rsquo;est-il pass\u00e9\u00a0? Y a-t-il eu un d\u00e9clic\u00a0? Joueur et entra\u00eeneur \u00e9voquent une discussion, en fin de saison pass\u00e9e, importante. \u00ab\u00a0J&rsquo;ai fait quelques <strong>modifications dans ma pr\u00e9paration<\/strong> personnelle, la pr\u00e9paration invisible, comme on dit\u00a0\u00bb indique le joueur, \u00e9galement plus lib\u00e9r\u00e9 dans la t\u00eate en ce d\u00e9but de saison. \u00ab\u00a0Il a \u00e9cout\u00e9, il a tenu parole, il a r\u00e9ussi \u00e0 se remettre en question, indique Brouard. Il a maigri, il est <strong>affut\u00e9<\/strong>, il a <strong>travaill\u00e9<\/strong> pendant les vacances, il a fait un d\u00e9but de pr\u00e9paration incroyable.\u00a0\u00bb<\/p>\n<p>Aujourd&rsquo;hui, Benzia appr\u00e9cie faire mentir ceux qui pensaient qu&rsquo;il \u00e9tait sur le d\u00e9clin, physiquement, \u00e0 35 ans. Il dit \u00ab\u00a0avoir faim\u00a0\u00bb du terrain, \u00ab\u00a0ne pas avoir de fatigue mentale\u00a0\u00bb apr\u00e8s \u00eatre arriv\u00e9 sur le tard au haut niveau. En huit ans au club, Benzia a donc tout connu\u00a0: le National, mais aussi la lutte pour le maintien en National 3 : \u00ab\u00a0Pour \u00eatre honn\u00eate, <strong>je pensais que ce n&rsquo;\u00e9tait pas accessible<\/strong>. Je partais de trop loin\u00a0\u00bb, avoue celui qui \u00e9volue d\u00e9sormais plut\u00f4t dans une position de milieu relayeur, avec Genton, plut\u00f4t que sentinelle devant la d\u00e9fense. Mais \u00e0 force de travail et de grimper \u00e9tapes par \u00e9tapes, je me suis dit que pourquoi pas.\u00a0\u00bb Avant de formuler un v\u0153u\u00a0: \u00ab\u00a0J&rsquo;aimerais acc\u00e9der \u00e0 la Ligue 2 avant de raccrocher les crampons. Ce serait parfait pour moi, pour boucler la boucle.\u00a0\u00bb<\/p>\n<p>Et si le FC Rouen encha\u00eene contre Ch\u00e2teauroux, il restera dans le bon wagon, de ce train vers le haut du classement.<\/p>\n<p> <a href=\"https:\/\/www.youtube.com\/watch?v=J-t_qFe4xIY\" target=\"_blank\" rel=\"noopener noreferrer nofollow\" class=\"Youtube svelte-15adm43\" style=\"background-image: url(https:\/\/i.ytimg.com\/vi\/J-t_qFe4xIY\/sddefault.jpg);\"><\/p>\n<p>J4 I Valenciennes FC \u2013 FC Rouen 1899 (2-3) I National FFF 2025-2026<\/p>\n<p> <\/a> \u00c0 lire aussi   <img decoding=\"async\" src=\"https:\/\/www.europesays.com\/fr\/wp-content\/uploads\/2025\/08\/1755792854_253_560x315\" alt=\"R\u00e9gis Brouard, l'entra\u00eeneur du FC Rouen\" style=\"--_image-preview:url('data:image\/jpeg;base64,\/9j\/2wBDACgcHiMeGSgjISMtKygwPGRBPDc3PHtYXUlkkYCZlo+AjIqgtObDoKrarYqMyP\/L2u71\/\/\/\/m8H\/\/\/\/6\/+b9\/\/j\/2wBDASstLTw1PHZBQXb4pYyl+Pj4+Pj4+Pj4+Pj4+Pj4+Pj4+Pj4+Pj4+Pj4+Pj4+Pj4+Pj4+Pj4+Pj4+Pj4+Pj4+Pj\/wAARCAAXACoDASIAAhEBAxEB\/8QAGAABAAMBAAAAAAAAAAAAAAAAAAECAwT\/xAAXEAEBAQEAAAAAAAAAAAAAAAAAAQIR\/8QAFwEBAQEBAAAAAAAAAAAAAAAAAgADAf\/EABYRAQEBAAAAAAAAAAAAAAAAAAABEf\/aAAwDAQACEQMRAD8A7bWeqnWmWtNNDDVZ6prTO0LXTVV6Wq9BOu6Z3QNUpapaA1K2o6AJ\/9k=');\" loading=\"lazy\" fetchpriority=\"low\" aria-hidden=\"true\" class=\"svelte-1pnmlwx rounded\" onload=\"this.__e=event\" onerror=\"this.__e=event\"\/> (function(w, d) {     if (w.FB &#038;&#038; w.FB.XFBML &#038;&#038; w.FB.XFBML.parse) {         if (&lsquo;undefined&rsquo; == typeof w.__fbTimeout) {             w.__fbTimeout = setTimeout(function() {                 w.FB.XFBML.parse();                 w.__fbTimeout = undefined;             }, 1000);         }     } else if (&lsquo;undefined&rsquo; == typeof w.__fbTimeout) {         if (d.querySelectorAll(&lsquo;#fb-root&rsquo;).length === 0) {             var fbRoot = d.createElement(&lsquo;div&rsquo;);             fbRoot.id = &lsquo;fb-root&rsquo;;             d.querySelector(&lsquo;body&rsquo;).append(fbRoot);         }         if (d.querySelectorAll(&lsquo;#facebook-jssdk&rsquo;).length === 0) {             var fbScript = d.createElement(&lsquo;script&rsquo;);             fbScript.id = &lsquo;facebook-jssdk&rsquo;;             fbScript.src=\u00a0\u00bb\/\/connect.facebook.net\/fr_FR\/sdk.js#xfbml=1&#038;version=v2.8&#038;appId=593991304071705&Prime;;             fbScript.async = 1;             d.querySelector(&lsquo;head&rsquo;).append(fbScript);         }     } })(window, window.document); \\u003C\/script>\\\u00a0\u00bb,\\\u00a0\u00bbprovider\\\u00a0\u00bb:\\\u00a0\u00bbfacebook\\\u00a0\u00bb,\\\u00a0\u00bbdidomiPurposes\\\u00a0\u00bb:\\\u00a0\u00bbPour afficher ce contenu Facebook, vous devez accepter les cookies \\u003Cb>R\u00e9seaux Sociaux\\u003C\/b>.\\u003Cbr>\\u003Cbr>Ces cookies permettent de partager ou r\u00e9agir directement sur les r\u00e9seaux sociaux auxquels vous \u00eates connect\u00e9s ou d&rsquo;int\u00e9grer du contenu initialement post\u00e9 sur ces r\u00e9seaux sociaux. Ils permettent aussi aux r\u00e9seaux sociaux d&rsquo;utiliser vos visites sur nos sites et applications \u00e0 des fins de personnalisation et de ciblage publicitaire.\\\u00a0\u00bb,\\\u00a0\u00bbdidomiVendorId\\\u00a0\u00bb:\\\u00a0\u00bbc:facebookc-rgacRMQm\\\u00a0\u00bb}},{\\\u00a0\u00bbtype\\\u00a0\u00bb:\\\u00a0\u00bbembed\\\u00a0\u00bb,\\\u00a0\u00bbdata\\\u00a0\u00bb:{\\\u00a0\u00bbhtml\\\u00a0\u00bb:\\\u00a0\u00bb\\u003Ciframe loading=\\\\\\\u00a0\u00bblazy\\\\\\\u00a0\u00bb class=\\\\\\\u00a0\u00bbyoutube\\\\\\\u00a0\u00bb width=\\\\\\\u00a0\u00bb560\\\\\\\u00a0\u00bb height=\\\\\\\u00a0\u00bb315\\\\\\\u00a0\u00bb src=\\\\\\\u00a0\u00bbhttps:\/\/www.youtube.com\/embed\/J-t_qFe4xIY?feature=oembed\\\\\\\u00a0\u00bb frameborder=\\\\\\\u00a0\u00bb0\\\\\\\u00a0\u00bb allow=\\\\\\\u00a0\u00bbaccelerometer; autoplay; clipboard-write; encrypted-media; gyroscope; picture-in-picture; web-share\\\\\\\u00a0\u00bb referrerpolicy=\\\\\\\u00a0\u00bbstrict-origin-when-cross-origin\\\\\\\u00a0\u00bb allowfullscreen title=\\\\\\\u00a0\u00bbJ4 I Valenciennes FC \u2013 FC Rouen 1899 (2-3) I National FFF 2025-2026\\\\\\\u00a0\u00bb>\\u003C\/iframe>\\\u00a0\u00bb,\\\u00a0\u00bbprovider\\\u00a0\u00bb:\\\u00a0\u00bbyoutube\\\u00a0\u00bb,\\\u00a0\u00bbdidomiPurposes\\\u00a0\u00bb:\\\u00a0\u00bbPour afficher ce contenu Youtube, vous devez accepter les cookies \\u003Cb>Publicit\u00e9\\u003C\/b>.\\u003Cbr>\\u003Cbr>Ces cookies permettent \u00e0 nos partenaires de vous proposer des publicit\u00e9s et des contenus personnalis\u00e9s en fonction de votre navigation, de votre profil et de vos centres d&rsquo;int\u00e9r\u00eat. \\\u00a0\u00bb,\\\u00a0\u00bbdidomiVendorId\\\u00a0\u00bb:\\\u00a0\u00bbc:youtube\\\u00a0\u00bb}},{\\\u00a0\u00bbtype\\\u00a0\u00bb:\\\u00a0\u00bbbounce\\\u00a0\u00bb,\\\u00a0\u00bbdata\\\u00a0\u00bb:{\\\u00a0\u00bbuuid\\\u00a0\u00bb:\\\u00a0\u00bb23d00868-3805-4ae2-bef5-1aaacc89cdec\\\u00a0\u00bb,\\\u00a0\u00bbpath\\\u00a0\u00bb:\\\u00a0\u00bbsports\/football\/fc-rouen-une-reprise-sous-le-signe-de-l-apaisement-sans-effets-d-annonce-7139745\\\u00a0\u00bb,\\\u00a0\u00bbtitle\\\u00a0\u00bb:\\\u00a0\u00bbFC Rouen\u00a0: une reprise sous le signe du travail, de l&rsquo;apaisement\u00a0: \\\\\\\u00a0\u00bbsans effets d&rsquo;annonce\\\\\\\u00a0\u00bb\\\u00a0\u00bb,\\\u00a0\u00bbconceptTitle\\\u00a0\u00bb:null,\\\u00a0\u00bbconceptUuid\\\u00a0\u00bb:null,\\\u00a0\u00bbtype\\\u00a0\u00bb:\\\u00a0\u00bbarticle\\\u00a0\u00bb,\\\u00a0\u00bbmodel\\\u00a0\u00bb:\\\u00a0\u00bbarticle\\\u00a0\u00bb,\\\u00a0\u00bblabel\\\u00a0\u00bb:\\\u00a0\u00bb\u00c0 lire aussi\\\u00a0\u00bb,\\\u00a0\u00bbmigrated\\\u00a0\u00bb:true,\\\u00a0\u00bbstationId\\\u00a0\u00bb:38,\\\u00a0\u00bbvisual\\\u00a0\u00bb:\\\u00a0\u00bb6c25c790-181b-4790-9f15-e68e452a37e1\\\u00a0\u00bb,\\\u00a0\u00bbvisualEmbed\\\u00a0\u00bb:{\\\u00a0\u00bbtype\\\u00a0\u00bb:\\\u00a0\u00bbimage\\\u00a0\u00bb,\\\u00a0\u00bbversion\\\u00a0\u00bb:\\\u00a0\u00bb1.0\\\u00a0\u00bb,\\\u00a0\u00bbauthor\\\u00a0\u00bb:\\\u00a0\u00bbTh\u00e9ophile Pedrola\\\u00a0\u00bb,\\\u00a0\u00bblegend\\\u00a0\u00bb:\\\u00a0\u00bbR\u00e9gis Brouard, l&rsquo;entra\u00eeneur du FC Rouen\\\u00a0\u00bb,\\\u00a0\u00bbcopyright\\\u00a0\u00bb:\\\u00a0\u00bbRadio France\\\u00a0\u00bb,\\\u00a0\u00bbcreated\\\u00a0\u00bb:1751281967,\\\u00a0\u00bbdominant\\\u00a0\u00bb:\\\u00a0\u00bb#88b8f8\\\u00a0\u00bb,\\\u00a0\u00bboriginal_width\\\u00a0\u00bb:4032,\\\u00a0\u00bboriginal_height\\\u00a0\u00bb:3024,\\\u00a0\u00bburl\\\u00a0\u00bb:\\\u00a0\u00bbhttps:\/\/www.francebleu.fr\/s3\/cruiser-production-eu3\/2025\/06\/6c25c790-181b-4790-9f15-e68e452a37e1\/560x315_sc_img-6251.jpg\\\u00a0\u00bb,\\\u00a0\u00bburl_webp\\\u00a0\u00bb:\\\u00a0\u00bbhttps:\/\/www.francebleu.fr\/s3\/cruiser-production-eu3\/2025\/06\/6c25c790-181b-4790-9f15-e68e452a37e1\/560x315_sc_img-6251.webp\\\u00a0\u00bb,\\\u00a0\u00bbwidth\\\u00a0\u00bb:560,\\\u00a0\u00bbheight\\\u00a0\u00bb:315,\\\u00a0\u00bbpreview\\\u00a0\u00bb:\\\u00a0\u00bb\/9j\/2wBDACgcHiMeGSgjISMtKygwPGRBPDc3PHtYXUlkkYCZlo+AjIqgtObDoKrarYqMyP\/L2u71\/\/\/\/m8H\/\/\/\/6\/+b9\/\/j\/2wBDASstLTw1PHZBQXb4pYyl+Pj4+Pj4+Pj4+Pj4+Pj4+Pj4+Pj4+Pj4+Pj4+Pj4+Pj4+Pj4+Pj4+Pj4+Pj4+Pj4+Pj\/wAARCAAXACoDASIAAhEBAxEB\/8QAGAABAAMBAAAAAAAAAAAAAAAAAAECAwT\/xAAXEAEBAQEAAAAAAAAAAAAAAAAAAQIR\/8QAFwEBAQEBAAAAAAAAAAAAAAAAAgADAf\/EABYRAQEBAAAAAAAAAAAAAAAAAAABEf\/aAAwDAQACEQMRAD8A7bWeqnWmWtNNDDVZ6prTO0LXTVV6Wq9BOu6Z3QNUpapaA1K2o6AJ\/9k=\\\u00a0\u00bb,\\\u00a0\u00bbquery\\\u00a0\u00bb:{\\\u00a0\u00bbuuid\\\u00a0\u00bb:\\\u00a0\u00bb6c25c790-181b-4790-9f15-e68e452a37e1\\\u00a0\u00bb,\\\u00a0\u00bbtype\\\u00a0\u00bb:\\\u00a0\u00bbimages\\\u00a0\u00bb,\\\u00a0\u00bbpreset\\\u00a0\u00bb:\\\u00a0\u00bb560&#215;315\\\u00a0\u00bb}},\\\u00a0\u00bbconceptVisual\\\u00a0\u00bb:\\\u00a0\u00bb\\\u00a0\u00bb,\\\u00a0\u00bbconceptVisualEmbed\\\u00a0\u00bb:null,\\\u00a0\u00bbmanifestationUrl\\\u00a0\u00bb:null,\\\u00a0\u00bbpublishedDate\\\u00a0\u00bb:1751293575,\\\u00a0\u00bbupdatedDate\\\u00a0\u00bb:1751294344,\\\u00a0\u00bbstartDate\\\u00a0\u00bb:null,\\\u00a0\u00bbduration\\\u00a0\u00bb:null,\\\u00a0\u00bbgeopoints\\\u00a0\u00bb:[{\\\u00a0\u00bbcity\\\u00a0\u00bb:\\\u00a0\u00bbRouen\\\u00a0\u00bb,\\\u00a0\u00bbtype\\\u00a0\u00bb:\\\u00a0\u00bbeverything\\\u00a0\u00bb,\\\u00a0\u00bbregion\\\u00a0\u00bb:\\\u00a0\u00bbNormandie\\\u00a0\u00bb,\\\u00a0\u00bbaddress\\\u00a0\u00bb:\\\u00a0\u00bbRouen, France\\\u00a0\u00bb,\\\u00a0\u00bbgeometry\\\u00a0\u00bb:{\\\u00a0\u00bbtype\\\u00a0\u00bb:\\\u00a0\u00bbPoint\\\u00a0\u00bb,\\\u00a0\u00bbcoordinates\\\u00a0\u00bb:[\\\u00a0\u00bb49.4435261\\\u00a0\u00bb,\\\u00a0\u00bb1.0984309\\\u00a0\u00bb]},\\\u00a0\u00bbdepartment\\\u00a0\u00bb:\\\u00a0\u00bbSeine-Maritime\\\u00a0\u00bb}]}}],\\\u00a0\u00bbauthors\\\u00a0\u00bb:[{\\\u00a0\u00bbname\\\u00a0\u00bb:\\\u00a0\u00bbTh\u00e9ophile Pedrola\\\u00a0\u00bb,\\\u00a0\u00bbpath\\\u00a0\u00bb:\\\u00a0\u00bbles-equipes\/theophile-pedrola\\\u00a0\u00bb,\\\u00a0\u00bbvisualsq1x\\\u00a0\u00bb:{\\\u00a0\u00bburl\\\u00a0\u00bb:\\\u00a0\u00bbhttps:\/\/www.francebleu.fr\/s3\/cruiser-production\/2023\/03\/36fcd6d2-b57c-4da0-a083-db49efb830cc\/120x120_sc_pedrola.jpg\\\u00a0\u00bb,\\\u00a0\u00bburlWebp\\\u00a0\u00bb:\\\u00a0\u00bbhttps:\/\/www.francebleu.fr\/s3\/cruiser-production\/2023\/03\/36fcd6d2-b57c-4da0-a083-db49efb830cc\/120x120_sc_pedrola.webp\\\u00a0\u00bb,\\\u00a0\u00bbwidth\\\u00a0\u00bb:120},\\\u00a0\u00bbvisualsq2x\\\u00a0\u00bb:{\\\u00a0\u00bburl\\\u00a0\u00bb:\\\u00a0\u00bbhttps:\/\/www.francebleu.fr\/s3\/cruiser-production\/2023\/03\/36fcd6d2-b57c-4da0-a083-db49efb830cc\/200x200_sc_pedrola.jpg\\\u00a0\u00bb,\\\u00a0\u00bburlWebp\\\u00a0\u00bb:\\\u00a0\u00bbhttps:\/\/www.francebleu.fr\/s3\/cruiser-production\/2023\/03\/36fcd6d2-b57c-4da0-a083-db49efb830cc\/200x200_sc_pedrola.webp\\\u00a0\u00bb,\\\u00a0\u00bbwidth\\\u00a0\u00bb:200},\\\u00a0\u00bbvisualsq3x\\\u00a0\u00bb:{\\\u00a0\u00bburl\\\u00a0\u00bb:\\\u00a0\u00bbhttps:\/\/www.francebleu.fr\/s3\/cruiser-production-eu3\/2023\/03\/36fcd6d2-b57c-4da0-a083-db49efb830cc\/400x400_sc_pedrola.jpg\\\u00a0\u00bb,\\\u00a0\u00bburlWebp\\\u00a0\u00bb:\\\u00a0\u00bbhttps:\/\/www.francebleu.fr\/s3\/cruiser-production-eu3\/2023\/03\/36fcd6d2-b57c-4da0-a083-db49efb830cc\/400x400_sc_pedrola.webp\\\u00a0\u00bb,\\\u00a0\u00bbwidth\\\u00a0\u00bb:400,\\\u00a0\u00bbpreview\\\u00a0\u00bb:\\\u00a0\u00bb\/9j\/2wBDACgcHiMeGSgjISMtKygwPGRBPDc3PHtYXUlkkYCZlo+AjIqgtObDoKrarYqMyP\/L2u71\/\/\/\/m8H\/\/\/\/6\/+b9\/\/j\/2wBDASstLTw1PHZBQXb4pYyl+Pj4+Pj4+Pj4+Pj4+Pj4+Pj4+Pj4+Pj4+Pj4+Pj4+Pj4+Pj4+Pj4+Pj4+Pj4+Pj4+Pj\/wAARCAAqACoDASIAAhEBAxEB\/8QAGAABAQEBAQAAAAAAAAAAAAAAAQMCAAT\/xAAYEAEBAQEBAAAAAAAAAAAAAAAAARICEf\/EABcBAQEBAQAAAAAAAAAAAAAAAAMAAgH\/xAAXEQEBAQEAAAAAAAAAAAAAAAAAAREC\/9oADAMBAAIRAxEAPwCnNUnSMp9btY5it6Y6rOh6pVY6jwuJo8Z9HrGhoVNypp3qenTpyKrSlKdNaIOvNoaYA6SKaM6TMUVVnR0lC0zj\/9k=\\\u00a0\u00bb,\\\u00a0\u00bblegend\\\u00a0\u00bb:\\\u00a0\u00bbTh\u00e9ophile Pedrola\\\u00a0\u00bb}}],\\\u00a0\u00bbgeopoints\\\u00a0\u00bb:[{\\\u00a0\u00bbcity\\\u00a0\u00bb:\\\u00a0\u00bbRouen\\\u00a0\u00bb,\\\u00a0\u00bbregion\\\u00a0\u00bb:\\\u00a0\u00bbNormandie\\\u00a0\u00bb,\\\u00a0\u00bbdepartment\\\u00a0\u00bb:\\\u00a0\u00bbSeine-Maritime\\\u00a0\u00bb}],\\\u00a0\u00bbbody\\\u00a0\u00bb:[{\\\u00a0\u00bbtype\\\u00a0\u00bb:\\\u00a0\u00bbtext\\\u00a0\u00bb,\\\u00a0\u00bbchildren\\\u00a0\u00bb:[{\\\u00a0\u00bbtype\\\u00a0\u00bb:\\\u00a0\u00bbtext\\\u00a0\u00bb,\\\u00a0\u00bbvalue\\\u00a0\u00bb:\\\u00a0\u00bbLe temps \u00e9tait long, tr\u00e8s long pour les supporters du FC Rouen. Cela fait depuis le mois d&rsquo;avril qu&rsquo;ils n&rsquo;ont pas pu voir leur \u00e9quipe \u00e9voluer \u00e0 domicile en championnat. Cela \u00e0 cause de l&rsquo;intersaison, oui, mais aussi de la sanction de trois matches \u00e0 huis clos \u00e9cop\u00e9e par le club rouennais suite aux incidents lors du derby contre Quevilly, en fin de saison derni\u00e8re. Cette sanction purg\u00e9e, contre le Paris 13 Atletico, le FC Fleury puis Sochaux, le stade Diochon va pouvoir \u00e0 nouveau se remplir pour voir les Diables Rouges y \u00e9voluer.\\\u00a0\u00bb}]},{\\\u00a0\u00bbtype\\\u00a0\u00bb:\\\u00a0\u00bbembed\\\u00a0\u00bb,\\\u00a0\u00bbdata\\\u00a0\u00bb:{\\\u00a0\u00bbhtml\\\u00a0\u00bb:\\\u00a0\u00bb\\\u00a0\u00bb,\\\u00a0\u00bbprovider\\\u00a0\u00bb:\\\u00a0\u00bbinread\\\u00a0\u00bb,\\\u00a0\u00bbforceDisplay\\\u00a0\u00bb:true}},{\\\u00a0\u00bbtype\\\u00a0\u00bb:\\\u00a0\u00bbtext\\\u00a0\u00bb,\\\u00a0\u00bbchildren\\\u00a0\u00bb:[{\\\u00a0\u00bbtype\\\u00a0\u00bb:\\\u00a0\u00bbtext\\\u00a0\u00bb,\\\u00a0\u00bbvalue\\\u00a0\u00bb:\\\u00a0\u00bbEnviron 7.000 supporters le garniront ce samedi 6 septembre, pour la r\u00e9ception de Ch\u00e2teauroux. Les Rouennais auront \u00e0 cette occasion les yeux riv\u00e9s, entre autres, sur le milieu Mustapha Benzia. \u00c0 35 ans, il est \\u003Cstrong>sans doute le meilleur joueur du FCR depuis le d\u00e9but de la saison\\u003C\/strong>. C&rsquo;est en tout cas lui qui a \u00e9t\u00e9 \u00e9lu \\u003Cstrong>\\\\\\\u00a0\u00bbDiable du mois\\\\\\\u00a0\u00bb d&rsquo;ao\u00fbt\\u003C\/strong>. Une petite renaissance pour ce joueur, si pr\u00e9cieux dans l&rsquo;\u00e9quipe, mais moins impactant l&rsquo;an dernier.\\\u00a0\u00bb}]},{\\\u00a0\u00bbtype\\\u00a0\u00bb:\\\u00a0\u00bbtext\\\u00a0\u00bb,\\\u00a0\u00bbchildren\\\u00a0\u00bb:[{\\\u00a0\u00bbtype\\\u00a0\u00bb:\\\u00a0\u00bbtext\\\u00a0\u00bb,\\\u00a0\u00bbvalue\\\u00a0\u00bb:\\\u00a0\u00bbUn retour aux affaires qu&rsquo;il a \u00e9t\u00e9 possible de voir, et de mani\u00e8re spectaculaire, lors des deux derniers matches. \\u003Cstrong>Deux coups de canon splendides\\u003C\/strong>, pour deux buts inscrits de 25 m\u00e8tres, d&rsquo;abord contre Sochaux, puis \u00e0 Valenciennes. Deux buts, \\u003Cstrong>les premiers depuis six ans\\u003C\/strong> pour le natif de Rouen, ancien joueur de \\u003Cstrong>Caudebec &#8211; Saint Pierre, Sotteville et Oissel\\u003C\/strong>, Diable Rouge depuis huit ans d\u00e9sormais. \\\\\\\u00a0\u00bb\\u003Cem>C&rsquo;\u00e9tait long,\\u003C\/em> sourit le milieu de terrain. J\\u003Cem>e n&rsquo;\u00e9tais pas focalis\u00e9 l\u00e0-dessus, mais c&rsquo;est vrai qu&rsquo;avant, je jouais devant et j&rsquo;aimais bien marquer. L\u00e0 j&rsquo;\u00e9tais content, et puis l&rsquo;app\u00e9tit vient en mangeant, alors j&rsquo;esp\u00e8re que d&rsquo;autres vont arriver\\\\\\\u00a0\u00bb.\\u003C\/em> Il n&rsquo;est donc pas impossible de voir Benzia armer encore de lourdes frappes \u00e0 l&rsquo;entr\u00e9e de la surface. \\u003Cem>\\\\\\\u00a0\u00bbC&rsquo;est quand il ne joue pas qu&rsquo;on voit qu&rsquo;il est absent\\\\\\\u00a0\u00bb\\u003C\/em>, souffle-t-on au club, au moment d&rsquo;\u00e9voquer l&rsquo;importance de \\\\\\\u00a0\u00bbMuss\\\\\\\u00a0\u00bb. Juste apr\u00e8s le match \u00e0 Sochaux, son entra\u00eeneur, R\u00e9gis Brouard, \u00e9tait d\u00e9j\u00e0 dithyrambique\u00a0: \\u003Cem>\\\\\\\u00a0\u00bbIl a \u00e9t\u00e9 \\u003Cstrong>exceptionnel\\u003C\/strong>, il a fait un match incroyable\\u003C\/em>, avouait-il, \\u003Cem>il a \u00e9t\u00e9 la pierre angulaire de l&rsquo;\u00e9quipe.\\\\\\\u00a0\u00bb\\u003C\/em>\u00a0 Et il n&rsquo;a pas dit autre chose apr\u00e8s Valenciennes. \\u003Cem>\\\\\\\u00a0\u00bbM\u00eame moi, je suis surpris, parce que, quand on fait un travail devant le but, on ne le prend jamais\\\\\\\u00a0\u00bb\\u003C\/em>, plaisante Brouard.\\\u00a0\u00bb}]},{\\\u00a0\u00bbtype\\\u00a0\u00bb:\\\u00a0\u00bbheading\\\u00a0\u00bb,\\\u00a0\u00bblevel\\\u00a0\u00bb:2,\\\u00a0\u00bbvalue\\\u00a0\u00bb:\\\u00a0\u00bbDu changement cet \u00e9t\u00e9\\\u00a0\u00bb},{\\\u00a0\u00bbtype\\\u00a0\u00bb:\\\u00a0\u00bbtext\\\u00a0\u00bb,\\\u00a0\u00bbchildren\\\u00a0\u00bb:[{\\\u00a0\u00bbtype\\\u00a0\u00bb:\\\u00a0\u00bbtext\\\u00a0\u00bb,\\\u00a0\u00bbvalue\\\u00a0\u00bb:\\\u00a0\u00bbAlors, que s&rsquo;est-il pass\u00e9\u00a0? Y a-t-il eu un d\u00e9clic\u00a0? Joueur et entra\u00eeneur \u00e9voquent une discussion, en fin de saison pass\u00e9e, importante. \\u003Cem>\\\\\\\u00a0\u00bbJ&rsquo;ai fait quelques \\u003Cstrong>modifications dans ma pr\u00e9paration\\u003C\/strong> personnelle, la pr\u00e9paration invisible, comme on dit\\\\\\\u00a0\u00bb\\u003C\/em> indique le joueur, \u00e9galement plus lib\u00e9r\u00e9 dans la t\u00eate en ce d\u00e9but de saison. \\u003Cem>\\\\\\\u00a0\u00bbIl a \u00e9cout\u00e9, il a tenu parole, il a r\u00e9ussi \u00e0 se remettre en question\\u003C\/em>, indique Brouard. \\u003Cem>Il a maigri, il est \\u003Cstrong>affut\u00e9\\u003C\/strong>, il a \\u003Cstrong>travaill\u00e9\\u003C\/strong> pendant les vacances, il a fait un d\u00e9but de pr\u00e9paration incroyable.\\\\\\\u00a0\u00bb\\u003C\/em>\\\u00a0\u00bb}]},{\\\u00a0\u00bbtype\\\u00a0\u00bb:\\\u00a0\u00bbtext\\\u00a0\u00bb,\\\u00a0\u00bbchildren\\\u00a0\u00bb:[{\\\u00a0\u00bbtype\\\u00a0\u00bb:\\\u00a0\u00bbtext\\\u00a0\u00bb,\\\u00a0\u00bbvalue\\\u00a0\u00bb:\\\u00a0\u00bbAujourd&rsquo;hui, Benzia appr\u00e9cie faire mentir ceux qui pensaient qu&rsquo;il \u00e9tait sur le d\u00e9clin, physiquement, \u00e0 35 ans. Il dit \\u003Cem>\\\\\\\u00a0\u00bbavoir faim\\u003C\/em>\\\\\\\u00a0\u00bb du terrain, \\u003Cem>\\\\\\\u00a0\u00bbne pas avoir de fatigue mentale\\\\\\\u00a0\u00bb\\u003C\/em> apr\u00e8s \u00eatre arriv\u00e9 sur le tard au haut niveau. En huit ans au club, Benzia a donc tout connu\u00a0: le National, mais aussi la lutte pour le maintien en National 3 : \\u003Cem>\\\\\\\u00a0\u00bbPour \u00eatre honn\u00eate, \\u003Cstrong>je pensais que ce n&rsquo;\u00e9tait pas accessible\\u003C\/strong>. Je partais de trop loin\\\\\\\u00a0\u00bb\\u003C\/em>, avoue celui qui \u00e9volue d\u00e9sormais plut\u00f4t dans une position de milieu relayeur, avec Genton, plut\u00f4t que sentinelle devant la d\u00e9fense. \\u003Cem>Mais \u00e0 force de travail et de grimper \u00e9tapes par \u00e9tapes, je me suis dit que pourquoi pas.\\\\\\\u00a0\u00bb\\u003C\/em> Avant de formuler un v\u0153u\u00a0: \\u003Cem>\\\\\\\u00a0\u00bbJ&rsquo;aimerais acc\u00e9der \u00e0 la Ligue 2 avant de raccrocher les crampons. Ce serait parfait pour moi, pour boucler la boucle.\\\\\\\u00a0\u00bb\\u003C\/em>\\\u00a0\u00bb}]},{\\\u00a0\u00bbtype\\\u00a0\u00bb:\\\u00a0\u00bbtext\\\u00a0\u00bb,\\\u00a0\u00bbchildren\\\u00a0\u00bb:[{\\\u00a0\u00bbtype\\\u00a0\u00bb:\\\u00a0\u00bbtext\\\u00a0\u00bb,\\\u00a0\u00bbvalue\\\u00a0\u00bb:\\\u00a0\u00bbEt si le FC Rouen encha\u00eene contre Ch\u00e2teauroux, il restera dans le bon wagon, de ce train vers le haut du classement.\\\u00a0\u00bb}]},{\\\u00a0\u00bbtype\\\u00a0\u00bb:\\\u00a0\u00bbembed\\\u00a0\u00bb,\\\u00a0\u00bbdata\\\u00a0\u00bb:{\\\u00a0\u00bbhtml\\\u00a0\u00bb:\\\u00a0\u00bb\\u003Cdiv class=\\\\\\\u00a0\u00bbfb-post\\\\\\\u00a0\u00bb data-href=\\\\\\\u00a0\u00bbhttps:\/\/www.facebook.com\/watch\/?v=794395159699221\\\\\\\u00a0\u00bb data-width=\\\\\\\u00a0\u00bb560\\\\\\\u00a0\u00bb data-show-text=\\\\\\\u00a0\u00bbtrue\\\\\\\u00a0\u00bb >\\u003C\/div> \\u003Cscript> (function(w, d) {     if (w.FB &#038;&#038; w.FB.XFBML &#038;&#038; w.FB.XFBML.parse) {         if (&lsquo;undefined&rsquo; == typeof w.__fbTimeout) {             w.__fbTimeout = setTimeout(function() {                 w.FB.XFBML.parse();                 w.__fbTimeout = undefined;             }, 1000);         }     } else if (&lsquo;undefined&rsquo; == typeof w.__fbTimeout) {         if (d.querySelectorAll(&lsquo;#fb-root&rsquo;).length === 0) {             var fbRoot = d.createElement(&lsquo;div&rsquo;);             fbRoot.id = &lsquo;fb-root&rsquo;;             d.querySelector(&lsquo;body&rsquo;).append(fbRoot);         }         if (d.querySelectorAll(&lsquo;#facebook-jssdk&rsquo;).length === 0) {             var fbScript = d.createElement(&lsquo;script&rsquo;);             fbScript.id = &lsquo;facebook-jssdk&rsquo;;             fbScript.src=\u00a0\u00bb\/\/connect.facebook.net\/fr_FR\/sdk.js#xfbml=1&#038;version=v2.8&#038;appId=593991304071705&Prime;;             fbScript.async = 1;             d.querySelector(&lsquo;head&rsquo;).append(fbScript);         }     } })(window, window.document); \\u003C\/script>\\\u00a0\u00bb,\\\u00a0\u00bbprovider\\\u00a0\u00bb:\\\u00a0\u00bbfacebook\\\u00a0\u00bb,\\\u00a0\u00bbdidomiPurposes\\\u00a0\u00bb:\\\u00a0\u00bbPour afficher ce contenu Facebook, vous devez accepter les cookies \\u003Cb>R\u00e9seaux Sociaux\\u003C\/b>.\\u003Cbr>\\u003Cbr>Ces cookies permettent de partager ou r\u00e9agir directement sur les r\u00e9seaux sociaux auxquels vous \u00eates connect\u00e9s ou d&rsquo;int\u00e9grer du contenu initialement post\u00e9 sur ces r\u00e9seaux sociaux. Ils permettent aussi aux r\u00e9seaux sociaux d&rsquo;utiliser vos visites sur nos sites et applications \u00e0 des fins de personnalisation et de ciblage publicitaire.\\\u00a0\u00bb,\\\u00a0\u00bbdidomiVendorId\\\u00a0\u00bb:\\\u00a0\u00bbc:facebookc-rgacRMQm\\\u00a0\u00bb}},{\\\u00a0\u00bbtype\\\u00a0\u00bb:\\\u00a0\u00bbembed\\\u00a0\u00bb,\\\u00a0\u00bbdata\\\u00a0\u00bb:{\\\u00a0\u00bbprovider\\\u00a0\u00bb:\\\u00a0\u00bbyoutube\\\u00a0\u00bb,\\\u00a0\u00bbid\\\u00a0\u00bb:\\\u00a0\u00bbJ-t_qFe4xIY\\\u00a0\u00bb,\\\u00a0\u00bbtitle\\\u00a0\u00bb:\\\u00a0\u00bbJ4 I Valenciennes FC \u2013 FC Rouen 1899 (2-3) I National FFF 2025-2026\\\u00a0\u00bb}},{\\\u00a0\u00bbtype\\\u00a0\u00bb:\\\u00a0\u00bbbounce\\\u00a0\u00bb,\\\u00a0\u00bbdata\\\u00a0\u00bb:{\\\u00a0\u00bbuuid\\\u00a0\u00bb:\\\u00a0\u00bb23d00868-3805-4ae2-bef5-1aaacc89cdec\\\u00a0\u00bb,\\\u00a0\u00bbpath\\\u00a0\u00bb:\\\u00a0\u00bbsports\/football\/fc-rouen-une-reprise-sous-le-signe-de-l-apaisement-sans-effets-d-annonce-7139745\\\u00a0\u00bb,\\\u00a0\u00bbtitle\\\u00a0\u00bb:\\\u00a0\u00bbFC Rouen\u00a0: une reprise sous le signe du travail, de l&rsquo;apaisement\u00a0: \\\\\\\u00a0\u00bbsans effets d&rsquo;annonce\\\\\\\u00a0\u00bb\\\u00a0\u00bb,\\\u00a0\u00bbconceptTitle\\\u00a0\u00bb:null,\\\u00a0\u00bbconceptUuid\\\u00a0\u00bb:null,\\\u00a0\u00bbtype\\\u00a0\u00bb:\\\u00a0\u00bbarticle\\\u00a0\u00bb,\\\u00a0\u00bbmodel\\\u00a0\u00bb:\\\u00a0\u00bbarticle\\\u00a0\u00bb,\\\u00a0\u00bblabel\\\u00a0\u00bb:\\\u00a0\u00bb\u00c0 lire aussi\\\u00a0\u00bb,\\\u00a0\u00bbmigrated\\\u00a0\u00bb:true,\\\u00a0\u00bbstationId\\\u00a0\u00bb:38,\\\u00a0\u00bbvisual\\\u00a0\u00bb:{\\\u00a0\u00bbsquare\\\u00a0\u00bb:{\\\u00a0\u00bbjpg\\\u00a0\u00bb:[{\\\u00a0\u00bbw\\\u00a0\u00bb:560,\\\u00a0\u00bburl\\\u00a0\u00bb:\\\u00a0\u00bbhttps:\/\/www.francebleu.fr\/s3\/cruiser-production-eu3\/2025\/06\/6c25c790-181b-4790-9f15-e68e452a37e1\/560x315_sc_img-6251.jpg\\\u00a0\u00bb}],\\\u00a0\u00bbwebp\\\u00a0\u00bb:[{\\\u00a0\u00bbw\\\u00a0\u00bb:560,\\\u00a0\u00bburl\\\u00a0\u00bb:\\\u00a0\u00bbhttps:\/\/www.francebleu.fr\/s3\/cruiser-production-eu3\/2025\/06\/6c25c790-181b-4790-9f15-e68e452a37e1\/560x315_sc_img-6251.webp\\\u00a0\u00bb}]},\\\u00a0\u00bbnormal\\\u00a0\u00bb:{\\\u00a0\u00bbjpg\\\u00a0\u00bb:[],\\\u00a0\u00bbwebp\\\u00a0\u00bb:[]},\\\u00a0\u00bbpreview\\\u00a0\u00bb:\\\u00a0\u00bbdata:image\/jpeg;base64,\/9j\/2wBDACgcHiMeGSgjISMtKygwPGRBPDc3PHtYXUlkkYCZlo+AjIqgtObDoKrarYqMyP\/L2u71\/\/\/\/m8H\/\/\/\/6\/+b9\/\/j\/2wBDASstLTw1PHZBQXb4pYyl+Pj4+Pj4+Pj4+Pj4+Pj4+Pj4+Pj4+Pj4+Pj4+Pj4+Pj4+Pj4+Pj4+Pj4+Pj4+Pj4+Pj\/wAARCAAXACoDASIAAhEBAxEB\/8QAGAABAAMBAAAAAAAAAAAAAAAAAAECAwT\/xAAXEAEBAQEAAAAAAAAAAAAAAAAAAQIR\/8QAFwEBAQEBAAAAAAAAAAAAAAAAAgADAf\/EABYRAQEBAAAAAAAAAAAAAAAAAAABEf\/aAAwDAQACEQMRAD8A7bWeqnWmWtNNDDVZ6prTO0LXTVV6Wq9BOu6Z3QNUpapaA1K2o6AJ\/9k=\\\u00a0\u00bb,\\\u00a0\u00bblegend\\\u00a0\u00bb:\\\u00a0\u00bbR\u00e9gis Brouard, l&rsquo;entra\u00eeneur du FC Rouen\\\u00a0\u00bb},\\\u00a0\u00bbvisualEmbed\\\u00a0\u00bb:{\\\u00a0\u00bbtype\\\u00a0\u00bb:\\\u00a0\u00bbimage\\\u00a0\u00bb,\\\u00a0\u00bbversion\\\u00a0\u00bb:\\\u00a0\u00bb1.0\\\u00a0\u00bb,\\\u00a0\u00bbauthor\\\u00a0\u00bb:\\\u00a0\u00bbTh\u00e9ophile Pedrola\\\u00a0\u00bb,\\\u00a0\u00bblegend\\\u00a0\u00bb:\\\u00a0\u00bbR\u00e9gis Brouard, l&rsquo;entra\u00eeneur du FC Rouen\\\u00a0\u00bb,\\\u00a0\u00bbcopyright\\\u00a0\u00bb:\\\u00a0\u00bbRadio France\\\u00a0\u00bb,\\\u00a0\u00bbcreated\\\u00a0\u00bb:1751281967,\\\u00a0\u00bbdominant\\\u00a0\u00bb:\\\u00a0\u00bb#88b8f8\\\u00a0\u00bb,\\\u00a0\u00bboriginal_width\\\u00a0\u00bb:4032,\\\u00a0\u00bboriginal_height\\\u00a0\u00bb:3024,\\\u00a0\u00bburl\\\u00a0\u00bb:\\\u00a0\u00bbhttps:\/\/www.francebleu.fr\/s3\/cruiser-production-eu3\/2025\/06\/6c25c790-181b-4790-9f15-e68e452a37e1\/560x315_sc_img-6251.jpg\\\u00a0\u00bb,\\\u00a0\u00bburl_webp\\\u00a0\u00bb:\\\u00a0\u00bbhttps:\/\/www.francebleu.fr\/s3\/cruiser-production-eu3\/2025\/06\/6c25c790-181b-4790-9f15-e68e452a37e1\/560x315_sc_img-6251.webp\\\u00a0\u00bb,\\\u00a0\u00bbwidth\\\u00a0\u00bb:560,\\\u00a0\u00bbheight\\\u00a0\u00bb:315,\\\u00a0\u00bbpreview\\\u00a0\u00bb:\\\u00a0\u00bb\/9j\/2wBDACgcHiMeGSgjISMtKygwPGRBPDc3PHtYXUlkkYCZlo+AjIqgtObDoKrarYqMyP\/L2u71\/\/\/\/m8H\/\/\/\/6\/+b9\/\/j\/2wBDASstLTw1PHZBQXb4pYyl+Pj4+Pj4+Pj4+Pj4+Pj4+Pj4+Pj4+Pj4+Pj4+Pj4+Pj4+Pj4+Pj4+Pj4+Pj4+Pj4+Pj\/wAARCAAXACoDASIAAhEBAxEB\/8QAGAABAAMBAAAAAAAAAAAAAAAAAAECAwT\/xAAXEAEBAQEAAAAAAAAAAAAAAAAAAQIR\/8QAFwEBAQEBAAAAAAAAAAAAAAAAAgADAf\/EABYRAQEBAAAAAAAAAAAAAAAAAAABEf\/aAAwDAQACEQMRAD8A7bWeqnWmWtNNDDVZ6prTO0LXTVV6Wq9BOu6Z3QNUpapaA1K2o6AJ\/9k=\\\u00a0\u00bb,\\\u00a0\u00bbquery\\\u00a0\u00bb:{\\\u00a0\u00bbuuid\\\u00a0\u00bb:\\\u00a0\u00bb6c25c790-181b-4790-9f15-e68e452a37e1\\\u00a0\u00bb,\\\u00a0\u00bbtype\\\u00a0\u00bb:\\\u00a0\u00bbimages\\\u00a0\u00bb,\\\u00a0\u00bbpreset\\\u00a0\u00bb:\\\u00a0\u00bb560&#215;315\\\u00a0\u00bb}},\\\u00a0\u00bbconceptVisual\\\u00a0\u00bb:\\\u00a0\u00bb\\\u00a0\u00bb,\\\u00a0\u00bbconceptVisualEmbed\\\u00a0\u00bb:null,\\\u00a0\u00bbmanifestationUrl\\\u00a0\u00bb:null,\\\u00a0\u00bbpublishedDate\\\u00a0\u00bb:\\\u00a0\u00bb30\/06\/2025\\\u00a0\u00bb,\\\u00a0\u00bbupdatedDate\\\u00a0\u00bb:\\\u00a0\u00bbLe 30\/06\/2025 \u00e0 16:39\\\u00a0\u00bb,\\\u00a0\u00bbstartDate\\\u00a0\u00bb:null,\\\u00a0\u00bbduration\\\u00a0\u00bb:null,\\\u00a0\u00bbgeopoints\\\u00a0\u00bb:[{\\\u00a0\u00bbcity\\\u00a0\u00bb:\\\u00a0\u00bbRouen\\\u00a0\u00bb,\\\u00a0\u00bbtype\\\u00a0\u00bb:\\\u00a0\u00bbeverything\\\u00a0\u00bb,\\\u00a0\u00bbregion\\\u00a0\u00bb:\\\u00a0\u00bbNormandie\\\u00a0\u00bb,\\\u00a0\u00bbaddress\\\u00a0\u00bb:\\\u00a0\u00bbRouen, France\\\u00a0\u00bb,\\\u00a0\u00bbgeometry\\\u00a0\u00bb:{\\\u00a0\u00bbtype\\\u00a0\u00bb:\\\u00a0\u00bbPoint\\\u00a0\u00bb,\\\u00a0\u00bbcoordinates\\\u00a0\u00bb:[\\\u00a0\u00bb49.4435261\\\u00a0\u00bb,\\\u00a0\u00bb1.0984309\\\u00a0\u00bb]},\\\u00a0\u00bbdepartment\\\u00a0\u00bb:\\\u00a0\u00bbSeine-Maritime\\\u00a0\u00bb}],\\\u00a0\u00bbmedia\\\u00a0\u00bb:null,\\\u00a0\u00bblocation\\\u00a0\u00bb:\\\u00a0\u00bbRouen\\\u00a0\u00bb}}],\\\u00a0\u00bbgeoInfos\\\u00a0\u00bb:[{\\\u00a0\u00bbregion\\\u00a0\u00bb:{\\\u00a0\u00bbtitle\\\u00a0\u00bb:\\\u00a0\u00bbNormandie\\\u00a0\u00bb,\\\u00a0\u00bbslug\\\u00a0\u00bb:\\\u00a0\u00bbnormandie\\\u00a0\u00bb,\\\u00a0\u00bbcities\\\u00a0\u00bb:[{\\\u00a0\u00bbtitle\\\u00a0\u00bb:\\\u00a0\u00bbAlen\u00e7on\\\u00a0\u00bb,\\\u00a0\u00bbpath\\\u00a0\u00bb:\\\u00a0\u00bb\/normandie\/orne-61\/alencon\\\u00a0\u00bb},{\\\u00a0\u00bbtitle\\\u00a0\u00bb:\\\u00a0\u00bbCaen\\\u00a0\u00bb,\\\u00a0\u00bbpath\\\u00a0\u00bb:\\\u00a0\u00bb\/normandie\/calvados-14\/caen\\\u00a0\u00bb},{\\\u00a0\u00bbtitle\\\u00a0\u00bb:\\\u00a0\u00bbCherbourg-en-Cotentin\\\u00a0\u00bb,\\\u00a0\u00bbpath\\\u00a0\u00bb:\\\u00a0\u00bb\/normandie\/manche-50\/cherbourg-en-cotentin\\\u00a0\u00bb},{\\\u00a0\u00bbtitle\\\u00a0\u00bb:\\\u00a0\u00bbDieppe\\\u00a0\u00bb,\\\u00a0\u00bbpath\\\u00a0\u00bb:\\\u00a0\u00bb\/normandie\/seine-maritime-76\/dieppe\\\u00a0\u00bb},{\\\u00a0\u00bbtitle\\\u00a0\u00bb:\\\u00a0\u00bb\u00c9vreux\\\u00a0\u00bb,\\\u00a0\u00bbpath\\\u00a0\u00bb:\\\u00a0\u00bb\/normandie\/eure-27\/evreux\\\u00a0\u00bb},{\\\u00a0\u00bbtitle\\\u00a0\u00bb:\\\u00a0\u00bbLe Grand-Quevilly\\\u00a0\u00bb,\\\u00a0\u00bbpath\\\u00a0\u00bb:\\\u00a0\u00bb\/normandie\/seine-maritime-76\/grand-quevilly\\\u00a0\u00bb},{\\\u00a0\u00bbtitle\\\u00a0\u00bb:\\\u00a0\u00bbLe Havre\\\u00a0\u00bb,\\\u00a0\u00bbpath\\\u00a0\u00bb:\\\u00a0\u00bb\/normandie\/seine-maritime-76\/havre\\\u00a0\u00bb},{\\\u00a0\u00bbtitle\\\u00a0\u00bb:\\\u00a0\u00bbRouen\\\u00a0\u00bb,\\\u00a0\u00bbpath\\\u00a0\u00bb:\\\u00a0\u00bb\/normandie\/seine-maritime-76\/rouen\\\u00a0\u00bb},{\\\u00a0\u00bbtitle\\\u00a0\u00bb:\\\u00a0\u00bbSaint-\u00c9tienne-du-Rouvray\\\u00a0\u00bb,\\\u00a0\u00bbpath\\\u00a0\u00bb:\\\u00a0\u00bb\/normandie\/seine-maritime-76\/saint-etienne-du-rouvray\\\u00a0\u00bb},{\\\u00a0\u00bbtitle\\\u00a0\u00bb:\\\u00a0\u00bbSotteville-l\u00e8s-Rouen\\\u00a0\u00bb,\\\u00a0\u00bbpath\\\u00a0\u00bb:\\\u00a0\u00bb\/normandie\/seine-maritime-76\/sotteville-les-rouen\\\u00a0\u00bb}],\\\u00a0\u00bbdepartments\\\u00a0\u00bb:[{\\\u00a0\u00bbslug\\\u00a0\u00bb:\\\u00a0\u00bbcalvados-14\\\u00a0\u00bb,\\\u00a0\u00bbtitle\\\u00a0\u00bb:\\\u00a0\u00bbCalvados\\\u00a0\u00bb,\\\u00a0\u00bbtitleArticle\\\u00a0\u00bb:\\\u00a0\u00bbdu \\\u00a0\u00bb,\\\u00a0\u00bblocale\\\u00a0\u00bb:{\\\u00a0\u00bbmain\\\u00a0\u00bb:\\\u00a0\u00bbnormandie-caen\\\u00a0\u00bb,\\\u00a0\u00bbnearest\\\u00a0\u00bb:[]},\\\u00a0\u00bbnearestDepartment\\\u00a0\u00bb:[\\\u00a0\u00bbseine-maritime-76\\\u00a0\u00bb,\\\u00a0\u00bbeure-27\\\u00a0\u00bb,\\\u00a0\u00bborne-61\\\u00a0\u00bb,\\\u00a0\u00bbmanche-50\\\u00a0\u00bb],\\\u00a0\u00bbcities\\\u00a0\u00bb:[{\\\u00a0\u00bbpath\\\u00a0\u00bb:\\\u00a0\u00bb\/normandie\/calvados-14\/bayeux\\\u00a0\u00bb,\\\u00a0\u00bbtitle\\\u00a0\u00bb:\\\u00a0\u00bbBayeux\\\u00a0\u00bb},{\\\u00a0\u00bbpath\\\u00a0\u00bb:\\\u00a0\u00bb\/normandie\/calvados-14\/caen\\\u00a0\u00bb,\\\u00a0\u00bbtitle\\\u00a0\u00bb:\\\u00a0\u00bbCaen\\\u00a0\u00bb},{\\\u00a0\u00bbpath\\\u00a0\u00bb:\\\u00a0\u00bb\/normandie\/calvados-14\/herouville-saint-clair\\\u00a0\u00bb,\\\u00a0\u00bbtitle\\\u00a0\u00bb:\\\u00a0\u00bbH\u00e9rouville-Saint-Clair\\\u00a0\u00bb},{\\\u00a0\u00bbpath\\\u00a0\u00bb:\\\u00a0\u00bb\/normandie\/calvados-14\/ifs\\\u00a0\u00bb,\\\u00a0\u00bbtitle\\\u00a0\u00bb:\\\u00a0\u00bbIfs\\\u00a0\u00bb},{\\\u00a0\u00bbpath\\\u00a0\u00bb:\\\u00a0\u00bb\/normandie\/calvados-14\/lisieux\\\u00a0\u00bb,\\\u00a0\u00bbtitle\\\u00a0\u00bb:\\\u00a0\u00bbLisieux\\\u00a0\u00bb},{\\\u00a0\u00bbpath\\\u00a0\u00bb:\\\u00a0\u00bb\/normandie\/calvados-14\/mondeville\\\u00a0\u00bb,\\\u00a0\u00bbtitle\\\u00a0\u00bb:\\\u00a0\u00bbMondeville\\\u00a0\u00bb},{\\\u00a0\u00bbpath\\\u00a0\u00bb:\\\u00a0\u00bb\/normandie\/calvados-14\/ouistreham\\\u00a0\u00bb,\\\u00a0\u00bbtitle\\\u00a0\u00bb:\\\u00a0\u00bbOuistreham\\\u00a0\u00bb},{\\\u00a0\u00bbpath\\\u00a0\u00bb:\\\u00a0\u00bb\/normandie\/calvados-14\/vire-normandie\\\u00a0\u00bb,\\\u00a0\u00bbtitle\\\u00a0\u00bb:\\\u00a0\u00bbVire Normandie\\\u00a0\u00bb},{\\\u00a0\u00bbpath\\\u00a0\u00bb:\\\u00a0\u00bb\/normandie\/calvados-14\/souleuvre-en-bocage\\\u00a0\u00bb,\\\u00a0\u00bbtitle\\\u00a0\u00bb:\\\u00a0\u00bbSouleuvre en Bocage\\\u00a0\u00bb},{\\\u00a0\u00bbpath\\\u00a0\u00bb:\\\u00a0\u00bb\/normandie\/calvados-14\/mezidon-vallee-d-auge\\\u00a0\u00bb,\\\u00a0\u00bbtitle\\\u00a0\u00bb:\\\u00a0\u00bbM\u00e9zidon Vall\u00e9e d&rsquo;Auge\\\u00a0\u00bb}]},{\\\u00a0\u00bbslug\\\u00a0\u00bb:\\\u00a0\u00bbeure-27\\\u00a0\u00bb,\\\u00a0\u00bbtitle\\\u00a0\u00bb:\\\u00a0\u00bbEure\\\u00a0\u00bb,\\\u00a0\u00bbtitleArticle\\\u00a0\u00bb:\\\u00a0\u00bbde l&rsquo;\\\u00a0\u00bb,\\\u00a0\u00bblocale\\\u00a0\u00bb:{\\\u00a0\u00bbnearest\\\u00a0\u00bb:[\\\u00a0\u00bbnormandie-rouen\\\u00a0\u00bb]},\\\u00a0\u00bbnearestDepartment\\\u00a0\u00bb:[\\\u00a0\u00bbseine-maritime-76\\\u00a0\u00bb,\\\u00a0\u00bboise-60\\\u00a0\u00bb,\\\u00a0\u00bbval-doise-95\\\u00a0\u00bb,\\\u00a0\u00bbyvelines-78\\\u00a0\u00bb,\\\u00a0\u00bbeure-et-loir-28\\\u00a0\u00bb,\\\u00a0\u00bborne-61\\\u00a0\u00bb,\\\u00a0\u00bbcalvados-14\\\u00a0\u00bb],\\\u00a0\u00bbcities\\\u00a0\u00bb:[{\\\u00a0\u00bbpath\\\u00a0\u00bb:\\\u00a0\u00bb\/normandie\/eure-27\/bernay\\\u00a0\u00bb,\\\u00a0\u00bbtitle\\\u00a0\u00bb:\\\u00a0\u00bbBernay\\\u00a0\u00bb},{\\\u00a0\u00bbpath\\\u00a0\u00bb:\\\u00a0\u00bb\/normandie\/eure-27\/gisors\\\u00a0\u00bb,\\\u00a0\u00bbtitle\\\u00a0\u00bb:\\\u00a0\u00bbGisors\\\u00a0\u00bb},{\\\u00a0\u00bbpath\\\u00a0\u00bb:\\\u00a0\u00bb\/normandie\/eure-27\/louviers\\\u00a0\u00bb,\\\u00a0\u00bbtitle\\\u00a0\u00bb:\\\u00a0\u00bbLouviers\\\u00a0\u00bb},{\\\u00a0\u00bbpath\\\u00a0\u00bb:\\\u00a0\u00bb\/normandie\/eure-27\/pont-audemer\\\u00a0\u00bb,\\\u00a0\u00bbtitle\\\u00a0\u00bb:\\\u00a0\u00bbPont-Audemer\\\u00a0\u00bb},{\\\u00a0\u00bbpath\\\u00a0\u00bb:\\\u00a0\u00bb\/normandie\/eure-27\/val-de-reuil\\\u00a0\u00bb,\\\u00a0\u00bbtitle\\\u00a0\u00bb:\\\u00a0\u00bbVal-de-Reuil\\\u00a0\u00bb},{\\\u00a0\u00bbpath\\\u00a0\u00bb:\\\u00a0\u00bb\/normandie\/eure-27\/verneuil-d-avre-et-d-iton\\\u00a0\u00bb,\\\u00a0\u00bbtitle\\\u00a0\u00bb:\\\u00a0\u00bbVerneuil d&rsquo;Avre et d&rsquo;Iton\\\u00a0\u00bb},{\\\u00a0\u00bbpath\\\u00a0\u00bb:\\\u00a0\u00bb\/normandie\/eure-27\/vernon\\\u00a0\u00bb,\\\u00a0\u00bbtitle\\\u00a0\u00bb:\\\u00a0\u00bbVernon\\\u00a0\u00bb},{\\\u00a0\u00bbpath\\\u00a0\u00bb:\\\u00a0\u00bb\/normandie\/eure-27\/evreux\\\u00a0\u00bb,\\\u00a0\u00bbtitle\\\u00a0\u00bb:\\\u00a0\u00bb\u00c9vreux\\\u00a0\u00bb},{\\\u00a0\u00bbpath\\\u00a0\u00bb:\\\u00a0\u00bb\/normandie\/eure-27\/gaillon\\\u00a0\u00bb,\\\u00a0\u00bbtitle\\\u00a0\u00bb:\\\u00a0\u00bbGaillon\\\u00a0\u00bb},{\\\u00a0\u00bbpath\\\u00a0\u00bb:\\\u00a0\u00bb\/normandie\/eure-27\/andelys\\\u00a0\u00bb,\\\u00a0\u00bbtitle\\\u00a0\u00bb:\\\u00a0\u00bbLes Andelys\\\u00a0\u00bb}]},{\\\u00a0\u00bbslug\\\u00a0\u00bb:\\\u00a0\u00bbmanche-50\\\u00a0\u00bb,\\\u00a0\u00bbtitle\\\u00a0\u00bb:\\\u00a0\u00bbManche\\\u00a0\u00bb,\\\u00a0\u00bbtitleArticle\\\u00a0\u00bb:\\\u00a0\u00bbde \\\u00a0\u00bb,\\\u00a0\u00bblocale\\\u00a0\u00bb:{\\\u00a0\u00bbmain\\\u00a0\u00bb:\\\u00a0\u00bbcotentin\\\u00a0\u00bb,\\\u00a0\u00bbnearest\\\u00a0\u00bb:[\\\u00a0\u00bbnormandie-caen\\\u00a0\u00bb]},\\\u00a0\u00bbnearestDepartment\\\u00a0\u00bb:[\\\u00a0\u00bbcalvados-14\\\u00a0\u00bb,\\\u00a0\u00bborne-61\\\u00a0\u00bb,\\\u00a0\u00bbmayenne-53\\\u00a0\u00bb,\\\u00a0\u00bbille-et-vilaine-35\\\u00a0\u00bb],\\\u00a0\u00bbcities\\\u00a0\u00bb:[{\\\u00a0\u00bbpath\\\u00a0\u00bb:\\\u00a0\u00bb\/normandie\/manche-50\/avranches\\\u00a0\u00bb,\\\u00a0\u00bbtitle\\\u00a0\u00bb:\\\u00a0\u00bbAvranches\\\u00a0\u00bb},{\\\u00a0\u00bbpath\\\u00a0\u00bb:\\\u00a0\u00bb\/normandie\/manche-50\/carentan-les-marais\\\u00a0\u00bb,\\\u00a0\u00bbtitle\\\u00a0\u00bb:\\\u00a0\u00bbCarentan-les-Marais\\\u00a0\u00bb},{\\\u00a0\u00bbpath\\\u00a0\u00bb:\\\u00a0\u00bb\/normandie\/manche-50\/cherbourg-en-cotentin\\\u00a0\u00bb,\\\u00a0\u00bbtitle\\\u00a0\u00bb:\\\u00a0\u00bbCherbourg-en-Cotentin\\\u00a0\u00bb},{\\\u00a0\u00bbpath\\\u00a0\u00bb:\\\u00a0\u00bb\/normandie\/manche-50\/coutances\\\u00a0\u00bb,\\\u00a0\u00bbtitle\\\u00a0\u00bb:\\\u00a0\u00bbCoutances\\\u00a0\u00bb},{\\\u00a0\u00bbpath\\\u00a0\u00bb:\\\u00a0\u00bb\/normandie\/manche-50\/granville\\\u00a0\u00bb,\\\u00a0\u00bbtitle\\\u00a0\u00bb:\\\u00a0\u00bbGranville\\\u00a0\u00bb},{\\\u00a0\u00bbpath\\\u00a0\u00bb:\\\u00a0\u00bb\/normandie\/manche-50\/saint-hilaire-du-harcouet\\\u00a0\u00bb,\\\u00a0\u00bbtitle\\\u00a0\u00bb:\\\u00a0\u00bbSaint-Hilaire-du-Harcou\u00ebt\\\u00a0\u00bb},{\\\u00a0\u00bbpath\\\u00a0\u00bb:\\\u00a0\u00bb\/normandie\/manche-50\/saint-lo\\\u00a0\u00bb,\\\u00a0\u00bbtitle\\\u00a0\u00bb:\\\u00a0\u00bbSaint-L\u00f4\\\u00a0\u00bb},{\\\u00a0\u00bbpath\\\u00a0\u00bb:\\\u00a0\u00bb\/normandie\/manche-50\/valognes\\\u00a0\u00bb,\\\u00a0\u00bbtitle\\\u00a0\u00bb:\\\u00a0\u00bbValognes\\\u00a0\u00bb},{\\\u00a0\u00bbpath\\\u00a0\u00bb:\\\u00a0\u00bb\/normandie\/manche-50\/bricquebec-en-cotentin\\\u00a0\u00bb,\\\u00a0\u00bbtitle\\\u00a0\u00bb:\\\u00a0\u00bbBricquebec-en-Cotentin\\\u00a0\u00bb},{\\\u00a0\u00bbpath\\\u00a0\u00bb:\\\u00a0\u00bb\/normandie\/manche-50\/hague\\\u00a0\u00bb,\\\u00a0\u00bbtitle\\\u00a0\u00bb:\\\u00a0\u00bbLa Hague\\\u00a0\u00bb}]},{\\\u00a0\u00bbslug\\\u00a0\u00bb:\\\u00a0\u00bborne-61\\\u00a0\u00bb,\\\u00a0\u00bbtitle\\\u00a0\u00bb:\\\u00a0\u00bbOrne\\\u00a0\u00bb,\\\u00a0\u00bbtitleArticle\\\u00a0\u00bb:\\\u00a0\u00bbde l&rsquo;\\\u00a0\u00bb,\\\u00a0\u00bblocale\\\u00a0\u00bb:{\\\u00a0\u00bbnearest\\\u00a0\u00bb:[\\\u00a0\u00bbmaine\\\u00a0\u00bb,\\\u00a0\u00bbnormandie-caen\\\u00a0\u00bb]},\\\u00a0\u00bbnearestDepartment\\\u00a0\u00bb:[\\\u00a0\u00bbeure-27\\\u00a0\u00bb,\\\u00a0\u00bbeure-et-loir-28\\\u00a0\u00bb,\\\u00a0\u00bbloir-et-cher-41\\\u00a0\u00bb,\\\u00a0\u00bbsarthe-72\\\u00a0\u00bb,\\\u00a0\u00bbmayenne-53\\\u00a0\u00bb,\\\u00a0\u00bbmanche-50\\\u00a0\u00bb,\\\u00a0\u00bbcalvados-14\\\u00a0\u00bb],\\\u00a0\u00bbcities\\\u00a0\u00bb:[{\\\u00a0\u00bbpath\\\u00a0\u00bb:\\\u00a0\u00bb\/normandie\/orne-61\/alencon\\\u00a0\u00bb,\\\u00a0\u00bbtitle\\\u00a0\u00bb:\\\u00a0\u00bbAlen\u00e7on\\\u00a0\u00bb},{\\\u00a0\u00bbpath\\\u00a0\u00bb:\\\u00a0\u00bb\/normandie\/orne-61\/argentan\\\u00a0\u00bb,\\\u00a0\u00bbtitle\\\u00a0\u00bb:\\\u00a0\u00bbArgentan\\\u00a0\u00bb},{\\\u00a0\u00bbpath\\\u00a0\u00bb:\\\u00a0\u00bb\/normandie\/orne-61\/athis-val-de-rouvre\\\u00a0\u00bb,\\\u00a0\u00bbtitle\\\u00a0\u00bb:\\\u00a0\u00bbAthis-Val de Rouvre\\\u00a0\u00bb},{\\\u00a0\u00bbpath\\\u00a0\u00bb:\\\u00a0\u00bb\/normandie\/orne-61\/domfront-en-poiraie\\\u00a0\u00bb,\\\u00a0\u00bbtitle\\\u00a0\u00bb:\\\u00a0\u00bbDomfront en Poiraie\\\u00a0\u00bb},{\\\u00a0\u00bbpath\\\u00a0\u00bb:\\\u00a0\u00bb\/normandie\/orne-61\/flers\\\u00a0\u00bb,\\\u00a0\u00bbtitle\\\u00a0\u00bb:\\\u00a0\u00bbFlers\\\u00a0\u00bb},{\\\u00a0\u00bbpath\\\u00a0\u00bb:\\\u00a0\u00bb\/normandie\/orne-61\/aigle\\\u00a0\u00bb,\\\u00a0\u00bbtitle\\\u00a0\u00bb:\\\u00a0\u00bbL&rsquo;Aigle\\\u00a0\u00bb},{\\\u00a0\u00bbpath\\\u00a0\u00bb:\\\u00a0\u00bb\/normandie\/orne-61\/sees\\\u00a0\u00bb,\\\u00a0\u00bbtitle\\\u00a0\u00bb:\\\u00a0\u00bbS\u00e9es\\\u00a0\u00bb},{\\\u00a0\u00bbpath\\\u00a0\u00bb:\\\u00a0\u00bb\/normandie\/orne-61\/tinchebray-bocage\\\u00a0\u00bb,\\\u00a0\u00bbtitle\\\u00a0\u00bb:\\\u00a0\u00bbTinchebray-Bocage\\\u00a0\u00bb},{\\\u00a0\u00bbpath\\\u00a0\u00bb:\\\u00a0\u00bb\/normandie\/orne-61\/mortagne-au-perche\\\u00a0\u00bb,\\\u00a0\u00bbtitle\\\u00a0\u00bb:\\\u00a0\u00bbMortagne-au-Perche\\\u00a0\u00bb},{\\\u00a0\u00bbpath\\\u00a0\u00bb:\\\u00a0\u00bb\/normandie\/orne-61\/ferte-mace\\\u00a0\u00bb,\\\u00a0\u00bbtitle\\\u00a0\u00bb:\\\u00a0\u00bbLa Fert\u00e9 Mac\u00e9\\\u00a0\u00bb}]},{\\\u00a0\u00bbslug\\\u00a0\u00bb:\\\u00a0\u00bbseine-maritime-76\\\u00a0\u00bb,\\\u00a0\u00bbtitle\\\u00a0\u00bb:\\\u00a0\u00bbSeine-Maritime\\\u00a0\u00bb,\\\u00a0\u00bbtitleArticle\\\u00a0\u00bb:\\\u00a0\u00bbde \\\u00a0\u00bb,\\\u00a0\u00bblocale\\\u00a0\u00bb:{\\\u00a0\u00bbmain\\\u00a0\u00bb:\\\u00a0\u00bbnormandie-rouen\\\u00a0\u00bb,\\\u00a0\u00bbnearest\\\u00a0\u00bb:[]},\\\u00a0\u00bbnearestDepartment\\\u00a0\u00bb:[\\\u00a0\u00bbsomme-80\\\u00a0\u00bb,\\\u00a0\u00bboise-60\\\u00a0\u00bb,\\\u00a0\u00bbeure-27\\\u00a0\u00bb,\\\u00a0\u00bbcalvados-14\\\u00a0\u00bb],\\\u00a0\u00bbcities\\\u00a0\u00bb:[{\\\u00a0\u00bbpath\\\u00a0\u00bb:\\\u00a0\u00bb\/normandie\/seine-maritime-76\/dieppe\\\u00a0\u00bb,\\\u00a0\u00bbtitle\\\u00a0\u00bb:\\\u00a0\u00bbDieppe\\\u00a0\u00bb},{\\\u00a0\u00bbpath\\\u00a0\u00bb:\\\u00a0\u00bb\/normandie\/seine-maritime-76\/fecamp\\\u00a0\u00bb,\\\u00a0\u00bbtitle\\\u00a0\u00bb:\\\u00a0\u00bbF\u00e9camp\\\u00a0\u00bb},{\\\u00a0\u00bbpath\\\u00a0\u00bb:\\\u00a0\u00bb\/normandie\/seine-maritime-76\/mont-saint-aignan\\\u00a0\u00bb,\\\u00a0\u00bbtitle\\\u00a0\u00bb:\\\u00a0\u00bbMont-Saint-Aignan\\\u00a0\u00bb},{\\\u00a0\u00bbpath\\\u00a0\u00bb:\\\u00a0\u00bb\/normandie\/seine-maritime-76\/rouen\\\u00a0\u00bb,\\\u00a0\u00bbtitle\\\u00a0\u00bb:\\\u00a0\u00bbRouen\\\u00a0\u00bb},{\\\u00a0\u00bbpath\\\u00a0\u00bb:\\\u00a0\u00bb\/normandie\/seine-maritime-76\/saint-etienne-du-rouvray\\\u00a0\u00bb,\\\u00a0\u00bbtitle\\\u00a0\u00bb:\\\u00a0\u00bbSaint-\u00c9tienne-du-Rouvray\\\u00a0\u00bb},{\\\u00a0\u00bbpath\\\u00a0\u00bb:\\\u00a0\u00bb\/normandie\/seine-maritime-76\/sotteville-les-rouen\\\u00a0\u00bb,\\\u00a0\u00bbtitle\\\u00a0\u00bb:\\\u00a0\u00bbSotteville-l\u00e8s-Rouen\\\u00a0\u00bb},{\\\u00a0\u00bbpath\\\u00a0\u00bb:\\\u00a0\u00bb\/normandie\/seine-maritime-76\/elbeuf\\\u00a0\u00bb,\\\u00a0\u00bbtitle\\\u00a0\u00bb:\\\u00a0\u00bbElbeuf\\\u00a0\u00bb},{\\\u00a0\u00bbpath\\\u00a0\u00bb:\\\u00a0\u00bb\/normandie\/seine-maritime-76\/grand-quevilly\\\u00a0\u00bb,\\\u00a0\u00bbtitle\\\u00a0\u00bb:\\\u00a0\u00bbLe Grand-Quevilly\\\u00a0\u00bb},{\\\u00a0\u00bbpath\\\u00a0\u00bb:\\\u00a0\u00bb\/normandie\/seine-maritime-76\/havre\\\u00a0\u00bb,\\\u00a0\u00bbtitle\\\u00a0\u00bb:\\\u00a0\u00bbLe Havre\\\u00a0\u00bb},{\\\u00a0\u00bbpath\\\u00a0\u00bb:\\\u00a0\u00bb\/normandie\/seine-maritime-76\/petit-quevilly\\\u00a0\u00bb,\\\u00a0\u00bbtitle\\\u00a0\u00bb:\\\u00a0\u00bbLe Petit-Quevilly\\\u00a0\u00bb}]}],\\\u00a0\u00bbtitleArticle\\\u00a0\u00bb:\\\u00a0\u00bbde \\\u00a0\u00bb,\\\u00a0\u00bbnearestRegion\\\u00a0\u00bb:[\\\u00a0\u00bbhauts-de-france\\\u00a0\u00bb,\\\u00a0\u00bbile-de-france\\\u00a0\u00bb,\\\u00a0\u00bbcentre-val-de-loire\\\u00a0\u00bb,\\\u00a0\u00bbpays-de-la-loire\\\u00a0\u00bb,\\\u00a0\u00bbbretagne\\\u00a0\u00bb],\\\u00a0\u00bbnearestLocales\\\u00a0\u00bb:[\\\u00a0\u00bbnormandie-caen\\\u00a0\u00bb,\\\u00a0\u00bbcotentin\\\u00a0\u00bb,\\\u00a0\u00bbnormandie-rouen\\\u00a0\u00bb]},\\\u00a0\u00bbdepartment\\\u00a0\u00bb:{\\\u00a0\u00bbslug\\\u00a0\u00bb:\\\u00a0\u00bbseine-maritime-76\\\u00a0\u00bb,\\\u00a0\u00bbtitle\\\u00a0\u00bb:\\\u00a0\u00bbSeine-Maritime\\\u00a0\u00bb,\\\u00a0\u00bbtitleArticle\\\u00a0\u00bb:\\\u00a0\u00bbde \\\u00a0\u00bb,\\\u00a0\u00bblocale\\\u00a0\u00bb:{\\\u00a0\u00bbmain\\\u00a0\u00bb:\\\u00a0\u00bbnormandie-rouen\\\u00a0\u00bb,\\\u00a0\u00bbnearest\\\u00a0\u00bb:[]},\\\u00a0\u00bbnearestDepartment\\\u00a0\u00bb:[\\\u00a0\u00bbsomme-80\\\u00a0\u00bb,\\\u00a0\u00bboise-60\\\u00a0\u00bb,\\\u00a0\u00bbeure-27\\\u00a0\u00bb,\\\u00a0\u00bbcalvados-14\\\u00a0\u00bb],\\\u00a0\u00bbcities\\\u00a0\u00bb:[{\\\u00a0\u00bbpath\\\u00a0\u00bb:\\\u00a0\u00bb\/normandie\/seine-maritime-76\/dieppe\\\u00a0\u00bb,\\\u00a0\u00bbtitle\\\u00a0\u00bb:\\\u00a0\u00bbDieppe\\\u00a0\u00bb},{\\\u00a0\u00bbpath\\\u00a0\u00bb:\\\u00a0\u00bb\/normandie\/seine-maritime-76\/fecamp\\\u00a0\u00bb,\\\u00a0\u00bbtitle\\\u00a0\u00bb:\\\u00a0\u00bbF\u00e9camp\\\u00a0\u00bb},{\\\u00a0\u00bbpath\\\u00a0\u00bb:\\\u00a0\u00bb\/normandie\/seine-maritime-76\/mont-saint-aignan\\\u00a0\u00bb,\\\u00a0\u00bbtitle\\\u00a0\u00bb:\\\u00a0\u00bbMont-Saint-Aignan\\\u00a0\u00bb},{\\\u00a0\u00bbpath\\\u00a0\u00bb:\\\u00a0\u00bb\/normandie\/seine-maritime-76\/rouen\\\u00a0\u00bb,\\\u00a0\u00bbtitle\\\u00a0\u00bb:\\\u00a0\u00bbRouen\\\u00a0\u00bb},{\\\u00a0\u00bbpath\\\u00a0\u00bb:\\\u00a0\u00bb\/normandie\/seine-maritime-76\/saint-etienne-du-rouvray\\\u00a0\u00bb,\\\u00a0\u00bbtitle\\\u00a0\u00bb:\\\u00a0\u00bbSaint-\u00c9tienne-du-Rouvray\\\u00a0\u00bb},{\\\u00a0\u00bbpath\\\u00a0\u00bb:\\\u00a0\u00bb\/normandie\/seine-maritime-76\/sotteville-les-rouen\\\u00a0\u00bb,\\\u00a0\u00bbtitle\\\u00a0\u00bb:\\\u00a0\u00bbSotteville-l\u00e8s-Rouen\\\u00a0\u00bb},{\\\u00a0\u00bbpath\\\u00a0\u00bb:\\\u00a0\u00bb\/normandie\/seine-maritime-76\/elbeuf\\\u00a0\u00bb,\\\u00a0\u00bbtitle\\\u00a0\u00bb:\\\u00a0\u00bbElbeuf\\\u00a0\u00bb},{\\\u00a0\u00bbpath\\\u00a0\u00bb:\\\u00a0\u00bb\/normandie\/seine-maritime-76\/grand-quevilly\\\u00a0\u00bb,\\\u00a0\u00bbtitle\\\u00a0\u00bb:\\\u00a0\u00bbLe Grand-Quevilly\\\u00a0\u00bb},{\\\u00a0\u00bbpath\\\u00a0\u00bb:\\\u00a0\u00bb\/normandie\/seine-maritime-76\/havre\\\u00a0\u00bb,\\\u00a0\u00bbtitle\\\u00a0\u00bb:\\\u00a0\u00bbLe Havre\\\u00a0\u00bb},{\\\u00a0\u00bbpath\\\u00a0\u00bb:\\\u00a0\u00bb\/normandie\/seine-maritime-76\/petit-quevilly\\\u00a0\u00bb,\\\u00a0\u00bbtitle\\\u00a0\u00bb:\\\u00a0\u00bbLe Petit-Quevilly\\\u00a0\u00bb}],\\\u00a0\u00bbregionSlug\\\u00a0\u00bb:\\\u00a0\u00bbnormandie\\\u00a0\u00bb},\\\u00a0\u00bbcity\\\u00a0\u00bb:{\\\u00a0\u00bbtitle\\\u00a0\u00bb:\\\u00a0\u00bbRouen\\\u00a0\u00bb,\\\u00a0\u00bbslug\\\u00a0\u00bb:\\\u00a0\u00bbrouen\\\u00a0\u00bb,\\\u00a0\u00bbinseeCode\\\u00a0\u00bb:\\\u00a0\u00bb76540\\\u00a0\u00bb}}],\\\u00a0\u00bbeditorialInfo\\\u00a0\u00bb:{\\\u00a0\u00bbstrPublishedDate\\\u00a0\u00bb:\\\u00a0\u00bbvendredi 5 septembre 2025 \u00e0 17:03\\\u00a0\u00bb,\\\u00a0\u00bbpublishedDateISOString\\\u00a0\u00bb:\\\u00a0\u00bb2025-09-05T15:03:02.000Z\\\u00a0\u00bb,\\\u00a0\u00bbstrManualUpdate\\\u00a0\u00bb:null,\\\u00a0\u00bbmanualUpdateISOString\\\u00a0\u00bb:null,\\\u00a0\u00bbauthors\\\u00a0\u00bb:[{\\\u00a0\u00bbtitle\\\u00a0\u00bb:\\\u00a0\u00bbTh\u00e9ophile Pedrola\\\u00a0\u00bb,\\\u00a0\u00bbpath\\\u00a0\u00bb:\\\u00a0\u00bbles-equipes\/theophile-pedrola\\\u00a0\u00bb,\\\u00a0\u00bbvisual\\\u00a0\u00bb:{\\\u00a0\u00bbsquare\\\u00a0\u00bb:{\\\u00a0\u00bbjpg\\\u00a0\u00bb:[{\\\u00a0\u00bbw\\\u00a0\u00bb:120,\\\u00a0\u00bburl\\\u00a0\u00bb:\\\u00a0\u00bbhttps:\/\/www.francebleu.fr\/s3\/cruiser-production\/2023\/03\/36fcd6d2-b57c-4da0-a083-db49efb830cc\/120x120_sc_pedrola.jpg\\\u00a0\u00bb},{\\\u00a0\u00bbw\\\u00a0\u00bb:200,\\\u00a0\u00bburl\\\u00a0\u00bb:\\\u00a0\u00bbhttps:\/\/www.francebleu.fr\/s3\/cruiser-production\/2023\/03\/36fcd6d2-b57c-4da0-a083-db49efb830cc\/200x200_sc_pedrola.jpg\\\u00a0\u00bb},{\\\u00a0\u00bbw\\\u00a0\u00bb:400,\\\u00a0\u00bburl\\\u00a0\u00bb:\\\u00a0\u00bbhttps:\/\/www.francebleu.fr\/s3\/cruiser-production-eu3\/2023\/03\/36fcd6d2-b57c-4da0-a083-db49efb830cc\/400x400_sc_pedrola.jpg\\\u00a0\u00bb}],\\\u00a0\u00bbwebp\\\u00a0\u00bb:[{\\\u00a0\u00bbw\\\u00a0\u00bb:120,\\\u00a0\u00bburl\\\u00a0\u00bb:\\\u00a0\u00bbhttps:\/\/www.francebleu.fr\/s3\/cruiser-production\/2023\/03\/36fcd6d2-b57c-4da0-a083-db49efb830cc\/120x120_sc_pedrola.webp\\\u00a0\u00bb},{\\\u00a0\u00bbw\\\u00a0\u00bb:200,\\\u00a0\u00bburl\\\u00a0\u00bb:\\\u00a0\u00bbhttps:\/\/www.francebleu.fr\/s3\/cruiser-production\/2023\/03\/36fcd6d2-b57c-4da0-a083-db49efb830cc\/200x200_sc_pedrola.webp\\\u00a0\u00bb},{\\\u00a0\u00bbw\\\u00a0\u00bb:400,\\\u00a0\u00bburl\\\u00a0\u00bb:\\\u00a0\u00bbhttps:\/\/www.francebleu.fr\/s3\/cruiser-production-eu3\/2023\/03\/36fcd6d2-b57c-4da0-a083-db49efb830cc\/400x400_sc_pedrola.webp\\\u00a0\u00bb}]},\\\u00a0\u00bbnormal\\\u00a0\u00bb:{\\\u00a0\u00bbjpg\\\u00a0\u00bb:[],\\\u00a0\u00bbwebp\\\u00a0\u00bb:[]},\\\u00a0\u00bbpreview\\\u00a0\u00bb:\\\u00a0\u00bbdata:image\/jpeg;base64,\/9j\/2wBDACgcHiMeGSgjISMtKygwPGRBPDc3PHtYXUlkkYCZlo+AjIqgtObDoKrarYqMyP\/L2u71\/\/\/\/m8H\/\/\/\/6\/+b9\/\/j\/2wBDASstLTw1PHZBQXb4pYyl+Pj4+Pj4+Pj4+Pj4+Pj4+Pj4+Pj4+Pj4+Pj4+Pj4+Pj4+Pj4+Pj4+Pj4+Pj4+Pj4+Pj\/wAARCAAqACoDASIAAhEBAxEB\/8QAGAABAQEBAQAAAAAAAAAAAAAAAQMCAAT\/xAAYEAEBAQEBAAAAAAAAAAAAAAAAARICEf\/EABcBAQEBAQAAAAAAAAAAAAAAAAMAAgH\/xAAXEQEBAQEAAAAAAAAAAAAAAAAAAREC\/9oADAMBAAIRAxEAPwCnNUnSMp9btY5it6Y6rOh6pVY6jwuJo8Z9HrGhoVNypp3qenTpyKrSlKdNaIOvNoaYA6SKaM6TMUVVnR0lC0zj\/9k=\\\u00a0\u00bb,\\\u00a0\u00bblegend\\\u00a0\u00bb:\\\u00a0\u00bbTh\u00e9ophile Pedrola\\\u00a0\u00bb}}]},\\\u00a0\u00bbvisual\\\u00a0\u00bb:{\\\u00a0\u00bbsquare\\\u00a0\u00bb:{\\\u00a0\u00bbjpg\\\u00a0\u00bb:[],\\\u00a0\u00bbwebp\\\u00a0\u00bb:[]},\\\u00a0\u00bbnormal\\\u00a0\u00bb:{\\\u00a0\u00bbjpg\\\u00a0\u00bb:[{\\\u00a0\u00bbw\\\u00a0\u00bb:320,\\\u00a0\u00bburl\\\u00a0\u00bb:\\\u00a0\u00bbhttps:\/\/www.francebleu.fr\/s3\/cruiser-production-eu3\/2025\/09\/dc8a366b-d1b4-4293-b53c-9b58847d17ef\/320x170_sc_bw8a3720-scaled.jpg\\\u00a0\u00bb},{\\\u00a0\u00bbw\\\u00a0\u00bb:560,\\\u00a0\u00bburl\\\u00a0\u00bb:\\\u00a0\u00bbhttps:\/\/www.francebleu.fr\/s3\/cruiser-production-eu3\/2025\/09\/dc8a366b-d1b4-4293-b53c-9b58847d17ef\/560x315_sc_bw8a3720-scaled.jpg\\\u00a0\u00bb},{\\\u00a0\u00bbw\\\u00a0\u00bb:1200,\\\u00a0\u00bburl\\\u00a0\u00bb:\\\u00a0\u00bbhttps:\/\/www.francebleu.fr\/s3\/cruiser-production-eu3\/2025\/09\/dc8a366b-d1b4-4293-b53c-9b58847d17ef\/1200x680_sc_bw8a3720-scaled.jpg\\\u00a0\u00bb}],\\\u00a0\u00bbwebp\\\u00a0\u00bb:[{\\\u00a0\u00bbw\\\u00a0\u00bb:320,\\\u00a0\u00bburl\\\u00a0\u00bb:\\\u00a0\u00bbhttps:\/\/www.francebleu.fr\/s3\/cruiser-production-eu3\/2025\/09\/dc8a366b-d1b4-4293-b53c-9b58847d17ef\/320x170_sc_bw8a3720-scaled.webp\\\u00a0\u00bb},{\\\u00a0\u00bbw\\\u00a0\u00bb:560,\\\u00a0\u00bburl\\\u00a0\u00bb:\\\u00a0\u00bbhttps:\/\/www.francebleu.fr\/s3\/cruiser-production-eu3\/2025\/09\/dc8a366b-d1b4-4293-b53c-9b58847d17ef\/560x315_sc_bw8a3720-scaled.webp\\\u00a0\u00bb},{\\\u00a0\u00bbw\\\u00a0\u00bb:1200,\\\u00a0\u00bburl\\\u00a0\u00bb:\\\u00a0\u00bbhttps:\/\/www.francebleu.fr\/s3\/cruiser-production-eu3\/2025\/09\/dc8a366b-d1b4-4293-b53c-9b58847d17ef\/1200x680_sc_bw8a3720-scaled.webp\\\u00a0\u00bb}]},\\\u00a0\u00bbpreview\\\u00a0\u00bb:\\\u00a0\u00bbdata:image\/jpeg;base64,\/9j\/2wBDACgcHiMeGSgjISMtKygwPGRBPDc3PHtYXUlkkYCZlo+AjIqgtObDoKrarYqMyP\/L2u71\/\/\/\/m8H\/\/\/\/6\/+b9\/\/j\/2wBDASstLTw1PHZBQXb4pYyl+Pj4+Pj4+Pj4+Pj4+Pj4+Pj4+Pj4+Pj4+Pj4+Pj4+Pj4+Pj4+Pj4+Pj4+Pj4+Pj4+Pj\/wAARCAAXACoDASIAAhEBAxEB\/8QAFwABAQEBAAAAAAAAAAAAAAAAAAECBf\/EABYQAQEBAAAAAAAAAAAAAAAAAAARAf\/EABcBAQEBAQAAAAAAAAAAAAAAAAABAgP\/xAAVEQEBAAAAAAAAAAAAAAAAAAAAEf\/aAAwDAQACEQMRAD8A58WNREdKhFUKxuJG4QSt7jMBGRQBYsAH\/9k=\\\u00a0\u00bb,\\\u00a0\u00bblegend\\\u00a0\u00bb:\\\u00a0\u00bbMustapha Benzia, apr\u00e8s son but \u00e0 Valenciennes\\\u00a0\u00bb,\\\u00a0\u00bbcopyright\\\u00a0\u00bb:false,\\\u00a0\u00bbauthor\\\u00a0\u00bb:\\\u00a0\u00bbCl\u00e9mence Hedin &#8211; fcr1899.com\\\u00a0\u00bb}}},\\\u00a0\u00bbdisplay\\\u00a0\u00bb:{\\\u00a0\u00bbnewsFlash\\\u00a0\u00bb:[],\\\u00a0\u00bbhighBanner\\\u00a0\u00bb:true}}\u00a0\u00bb}<\/p>\n","protected":false},"excerpt":{"rendered":"Le FC Rouen, invaincu en quatre matches de National, retrouve son public du stade Diochon ce samedi 6&hellip;\n","protected":false},"author":2,"featured_media":368488,"comment_status":"","ping_status":"","sticky":false,"template":"","format":"standard","meta":{"footnotes":""},"categories":[9587],"tags":[1111,11,1777,674,1011,27,12,5161,25,9590],"class_list":{"0":"post-368487","1":"post","2":"type-post","3":"status-publish","4":"format-standard","5":"has-post-thumbnail","7":"category-rouen","8":"tag-actu","9":"tag-actualites","10":"tag-eu","11":"tag-europe","12":"tag-fr","13":"tag-france","14":"tag-news","15":"tag-normandie","16":"tag-republique-francaise","17":"tag-rouen"},"share_on_mastodon":{"url":"https:\/\/pubeurope.com\/@fr\/115152452665546966","error":""},"_links":{"self":[{"href":"https:\/\/www.europesays.com\/fr\/wp-json\/wp\/v2\/posts\/368487","targetHints":{"allow":["GET"]}}],"collection":[{"href":"https:\/\/www.europesays.com\/fr\/wp-json\/wp\/v2\/posts"}],"about":[{"href":"https:\/\/www.europesays.com\/fr\/wp-json\/wp\/v2\/types\/post"}],"author":[{"embeddable":true,"href":"https:\/\/www.europesays.com\/fr\/wp-json\/wp\/v2\/users\/2"}],"replies":[{"embeddable":true,"href":"https:\/\/www.europesays.com\/fr\/wp-json\/wp\/v2\/comments?post=368487"}],"version-history":[{"count":0,"href":"https:\/\/www.europesays.com\/fr\/wp-json\/wp\/v2\/posts\/368487\/revisions"}],"wp:featuredmedia":[{"embeddable":true,"href":"https:\/\/www.europesays.com\/fr\/wp-json\/wp\/v2\/media\/368488"}],"wp:attachment":[{"href":"https:\/\/www.europesays.com\/fr\/wp-json\/wp\/v2\/media?parent=368487"}],"wp:term":[{"taxonomy":"category","embeddable":true,"href":"https:\/\/www.europesays.com\/fr\/wp-json\/wp\/v2\/categories?post=368487"},{"taxonomy":"post_tag","embeddable":true,"href":"https:\/\/www.europesays.com\/fr\/wp-json\/wp\/v2\/tags?post=368487"}],"curies":[{"name":"wp","href":"https:\/\/api.w.org\/{rel}","templated":true}]}}