{"id":368491,"date":"2025-09-05T15:43:14","date_gmt":"2025-09-05T15:43:14","guid":{"rendered":"https:\/\/www.europesays.com\/fr\/368491\/"},"modified":"2025-09-05T15:43:14","modified_gmt":"2025-09-05T15:43:14","slug":"asse-grenoble-sur-quelle-chaine","status":"publish","type":"post","link":"https:\/\/www.europesays.com\/fr\/368491\/","title":{"rendered":"ASSE &#8211; GRENOBLE : SUR QUELLE CHAINE ?"},"content":{"rendered":"<p>                <a href=\"https:\/\/42info.fr\/terminator-2-au-megarama-chavanelle-hasta-la-vista-baby\/\" target=\"_blank\" aria-label=\"Banni\u00e8re Cin\u00e9ma\" rel=\"nofollow noopener\"><img loading=\"lazy\" decoding=\"async\" src=\"https:\/\/www.europesays.com\/fr\/wp-content\/uploads\/2025\/09\/Banniere-Cinema.jpg\" alt=\"\"   width=\"2000\" height=\"902\"\/><\/a><\/p>\n<p>Grenoble traverse une p\u00e9riode d\u00e9licate depuis l\u2019ouverture de l\u2019exercice 2024-2025. Ces premi\u00e8res semaines compliqu\u00e9es placent les visiteurs dans une situation inconfortable face \u00e0 un adversaire en pleine confiance.<\/p>\n<p>L\u2019efficacit\u00e9 offensive des hommes de Geoffroy-Guichard impressionne par sa r\u00e9gularit\u00e9 et sa puissance de feu. La d\u00e9monstration face \u00e0 Rodez avec quatre r\u00e9alisations illustre parfaitement le potentiel destructeur de cette ligne d\u2019attaque remani\u00e9e.<\/p>\n<p>Zuriko Davitashvili s\u2019impose d\u00e9j\u00e0 comme l\u2019une des r\u00e9v\u00e9lations de ce d\u00e9but de saison en Ligue 2. Ses performances remarqu\u00e9es confirment la pertinence des choix de recrutement op\u00e9r\u00e9s par la direction sportive st\u00e9phanoise.<\/p>\n<p>L\u2019approche de la fermeture du march\u00e9 des transferts g\u00e9n\u00e8re quelques turbulences dans l\u2019effectif for\u00e9zien. Les rumeurs concernant Lucas Stassin et l\u2019int\u00e9r\u00eat rennais cr\u00e9ent une incertitude sur la stabilit\u00e9 de l\u2019\u00e9quipe-type.Un test important pour confirmer les ambitions<\/p>\n<p>Les supporters pourront suivre cette rencontre prometteuse sur <strong>beIN Sports 1 d\u00e8s 20 heures<\/strong> <strong>ce samedi 30 aout<\/strong> dans le chaudron de Geoffroy-Guichard.<\/p>\n","protected":false},"excerpt":{"rendered":"Grenoble traverse une p\u00e9riode d\u00e9licate depuis l\u2019ouverture de l\u2019exercice 2024-2025. Ces premi\u00e8res semaines compliqu\u00e9es placent les visiteurs dans&hellip;\n","protected":false},"author":2,"featured_media":368492,"comment_status":"","ping_status":"","sticky":false,"template":"","format":"standard","meta":{"footnotes":""},"categories":[9566],"tags":[1111,11,461,2430,1777,674,2257,1011,27,2731,3367,12,25,4001,517],"class_list":{"0":"post-368491","1":"post","2":"type-post","3":"status-publish","4":"format-standard","5":"has-post-thumbnail","7":"category-grenoble","8":"tag-actu","9":"tag-actualites","10":"tag-asse","11":"tag-auvergne-rhone-alpes","12":"tag-eu","13":"tag-europe","14":"tag-foot","15":"tag-fr","16":"tag-france","17":"tag-grenoble","18":"tag-loire","19":"tag-news","20":"tag-republique-francaise","21":"tag-saint-etienne","22":"tag-sport"},"share_on_mastodon":{"url":"https:\/\/pubeurope.com\/@fr\/115152460558268042","error":""},"_links":{"self":[{"href":"https:\/\/www.europesays.com\/fr\/wp-json\/wp\/v2\/posts\/368491","targetHints":{"allow":["GET"]}}],"collection":[{"href":"https:\/\/www.europesays.com\/fr\/wp-json\/wp\/v2\/posts"}],"about":[{"href":"https:\/\/www.europesays.com\/fr\/wp-json\/wp\/v2\/types\/post"}],"author":[{"embeddable":true,"href":"https:\/\/www.europesays.com\/fr\/wp-json\/wp\/v2\/users\/2"}],"replies":[{"embeddable":true,"href":"https:\/\/www.europesays.com\/fr\/wp-json\/wp\/v2\/comments?post=368491"}],"version-history":[{"count":0,"href":"https:\/\/www.europesays.com\/fr\/wp-json\/wp\/v2\/posts\/368491\/revisions"}],"wp:featuredmedia":[{"embeddable":true,"href":"https:\/\/www.europesays.com\/fr\/wp-json\/wp\/v2\/media\/368492"}],"wp:attachment":[{"href":"https:\/\/www.europesays.com\/fr\/wp-json\/wp\/v2\/media?parent=368491"}],"wp:term":[{"taxonomy":"category","embeddable":true,"href":"https:\/\/www.europesays.com\/fr\/wp-json\/wp\/v2\/categories?post=368491"},{"taxonomy":"post_tag","embeddable":true,"href":"https:\/\/www.europesays.com\/fr\/wp-json\/wp\/v2\/tags?post=368491"}],"curies":[{"name":"wp","href":"https:\/\/api.w.org\/{rel}","templated":true}]}}