{"id":368493,"date":"2025-09-05T15:44:15","date_gmt":"2025-09-05T15:44:15","guid":{"rendered":"https:\/\/www.europesays.com\/fr\/368493\/"},"modified":"2025-09-05T15:44:15","modified_gmt":"2025-09-05T15:44:15","slug":"en-ille-et-vilaine-huit-entreprises-placees-en-liquidation-judiciaire-par-le-tribunal-de-commerce","status":"publish","type":"post","link":"https:\/\/www.europesays.com\/fr\/368493\/","title":{"rendered":"En Ille-et-Vilaine, huit entreprises plac\u00e9es en liquidation judiciaire par le tribunal de commerce"},"content":{"rendered":"<p>Lors de sa derni\u00e8re audience du mercredi 27 ao\u00fbt 2025, le tribunal de commerce de Rennes a ouvert des proc\u00e9dures de liquidation judiciaires \u00e0 l\u2019encontre de huit entreprises du d\u00e9partement d\u2019Ille-et-Vilaine. Voici la liste.<\/p>\n<p>La <strong>SARL Robots Access Service<\/strong>, install\u00e9e \u00e0 Mordelles et sp\u00e9cialis\u00e9e dans le commerce de gros de fournitures et \u00e9quipements pour le commerce et le service, la <strong>SARL Hamster<\/strong>, constructeur de maisons individuelles \u00e0 Chantepie qui compte trois salari\u00e9s, la <strong>SARL Unipersonnelle de restauration rapide V.A.E<\/strong>, \u00e0 Torc\u00e9 (deux salari\u00e9s), la <strong>SASU (Soci\u00e9t\u00e9 par actions simplifi\u00e9e unipersonnelle) Label ID<\/strong>, architecte \u00e0 La Chapelle-des-Fougeretz, la <strong>SAS La Nef des fous<\/strong>, libraire \u00e0 Rennes, la <strong>SARLU Kilocr\u00fb<\/strong>, commerce de d\u00e9tail alimentaire \u00e0 La Chapelle-des-Fougeretz, <strong>M. Bigrel Anthony<\/strong>, sp\u00e9cialis\u00e9 dans la transformation et conservation de la viande de boucherie \u00e0 Val-Couesnon, <strong>M. Zitoun Marouane<\/strong>, vente \u00e0 distance sur catalogue g\u00e9n\u00e9ral, \u00e0 Chantepie.<\/p>\n","protected":false},"excerpt":{"rendered":"Lors de sa derni\u00e8re audience du mercredi 27 ao\u00fbt 2025, le tribunal de commerce de Rennes a ouvert&hellip;\n","protected":false},"author":2,"featured_media":368494,"comment_status":"","ping_status":"","sticky":false,"template":"","format":"standard","meta":{"footnotes":""},"categories":[2821],"tags":[1111,11,829,1777,674,1011,27,848,12,584,25],"class_list":{"0":"post-368493","1":"post","2":"type-post","3":"status-publish","4":"format-standard","5":"has-post-thumbnail","7":"category-rennes","8":"tag-actu","9":"tag-actualites","10":"tag-bretagne","11":"tag-eu","12":"tag-europe","13":"tag-fr","14":"tag-france","15":"tag-ille-et-vilaine","16":"tag-news","17":"tag-rennes","18":"tag-republique-francaise"},"share_on_mastodon":{"url":"https:\/\/pubeurope.com\/@fr\/115152464558978822","error":""},"_links":{"self":[{"href":"https:\/\/www.europesays.com\/fr\/wp-json\/wp\/v2\/posts\/368493","targetHints":{"allow":["GET"]}}],"collection":[{"href":"https:\/\/www.europesays.com\/fr\/wp-json\/wp\/v2\/posts"}],"about":[{"href":"https:\/\/www.europesays.com\/fr\/wp-json\/wp\/v2\/types\/post"}],"author":[{"embeddable":true,"href":"https:\/\/www.europesays.com\/fr\/wp-json\/wp\/v2\/users\/2"}],"replies":[{"embeddable":true,"href":"https:\/\/www.europesays.com\/fr\/wp-json\/wp\/v2\/comments?post=368493"}],"version-history":[{"count":0,"href":"https:\/\/www.europesays.com\/fr\/wp-json\/wp\/v2\/posts\/368493\/revisions"}],"wp:featuredmedia":[{"embeddable":true,"href":"https:\/\/www.europesays.com\/fr\/wp-json\/wp\/v2\/media\/368494"}],"wp:attachment":[{"href":"https:\/\/www.europesays.com\/fr\/wp-json\/wp\/v2\/media?parent=368493"}],"wp:term":[{"taxonomy":"category","embeddable":true,"href":"https:\/\/www.europesays.com\/fr\/wp-json\/wp\/v2\/categories?post=368493"},{"taxonomy":"post_tag","embeddable":true,"href":"https:\/\/www.europesays.com\/fr\/wp-json\/wp\/v2\/tags?post=368493"}],"curies":[{"name":"wp","href":"https:\/\/api.w.org\/{rel}","templated":true}]}}