{"id":368495,"date":"2025-09-05T15:45:14","date_gmt":"2025-09-05T15:45:14","guid":{"rendered":"https:\/\/www.europesays.com\/fr\/368495\/"},"modified":"2025-09-05T15:45:14","modified_gmt":"2025-09-05T15:45:14","slug":"braderies-fest-noz-festivals-que-faire-a-rennes-ce-week-end-notre-selection-didees-de-sorties","status":"publish","type":"post","link":"https:\/\/www.europesays.com\/fr\/368495\/","title":{"rendered":"Braderies, fest-noz, festivals\u2026 Que faire \u00e0 Rennes ce week-end ? Notre s\u00e9lection d&rsquo;id\u00e9es de sorties"},"content":{"rendered":"<p>            Par<br \/>\n        <strong><br \/>\n            <a href=\"https:\/\/actu.fr\/auteur\/laurene-fertin\" title=\"Consulter tous les articles de Laur\u00e8ne Fertin\" rel=\"nofollow noopener\" target=\"_blank\">Laur\u00e8ne Fertin<\/a><br \/>\n        <\/strong><\/p>\n<p>        Publi\u00e9 le<\/p>\n<p>            5 sept. 2025 \u00e0 17h06        <\/p>\n<p>Ce premier week-end de rentr\u00e9e est l\u00e0 pour vous redonner le sourire : <a href=\"https:\/\/actu.fr\/bretagne\/rennes_35238\/en-bretagne-la-plus-belle-journee-est-attendue-d-ici-les-prochains-jours-voici-quand-en-profiter_63114576.html\" rel=\"nofollow noopener\" target=\"_blank\">le soleil sera haut dans le ciel<\/a> et les <strong>animations<\/strong>\u00a0<strong>nombreuses.<\/strong> La r\u00e9daction d\u2019<a href=\"https:\/\/actu.fr\/rennes\/\" rel=\"nofollow noopener\" target=\"_blank\">actu Rennes<\/a> a s\u00e9lectionn\u00e9 quelques id\u00e9es de sorties rien que pour vous.<\/p>\n<p>Samedi 6\u00a0septembre<\/p>\n<p class=\" wall-content\">Le festival Un des sens fait une nouvelle fois son apparition, cette ann\u00e9e, <strong>au village d\u2019Alphonse<\/strong>. En 2022, la vue \u00e9tait \u00e0 l\u2019honneur\u2009; en 2023, l\u2019ou\u00efe et en 2024, l\u2019odorat. Pour cette nouvelle \u00e9dition, place d\u00e9sormais <strong>au toucher.<\/strong> Au programme\u2009: animations et concerts sur tout le week-end avec des artistes et des formations musicales \u00ab\u2009qui sauront vous toucher par leurs m\u00e9lodies et parole\u2009\u00bb, pr\u00e9cisent les organisateurs.<\/p>\n<p class=\" wall-content\"><a href=\"https:\/\/www.instagram.com\/p\/DOEIhi2DCyE\/embed\" title=\"Ouvrir le lien sur Instagram\" rel=\"nofollow noopener\" target=\"_blank\">Visualiser le contenu sur Instagram<\/a><\/p>\n<p>Festival Un des sens, au village d\u2019Alphonse\u2009: <a href=\"https:\/\/www.google.fr\/maps\/place\/38+Bd+Villebois+Mareuil,+35000+Rennes\/@48.1075695,-1.6541254,1107m\/data=!3m2!1e3!4b1!4m6!3m5!1s0x480edf003d584cc7:0x6db8b1952307d1ed!8m2!3d48.1075659!4d-1.6515505!16s%2Fg%2F11crtkgdr8?entry=ttu&amp;g_ep=EgoyMDI1MDkwMi4wIKXMDSoASAFQAw%3D%3D\" rel=\"nofollow noopener\" target=\"_blank\">38, boulevard Villebois-Mareuil \u00e0 Rennes<\/a>. Samedi et dimanche (16h-00h \/ 16h-22h). Pour retrouver la programmation musicale compl\u00e8te, rendez-vous <a href=\"https:\/\/www.facebook.com\/events\/1244626940679915?locale=fr_FR\" rel=\"nofollow noopener\" target=\"_blank\">ici<\/a>.<\/p>\n<p>\u00a0<\/p>\n<p class=\" wall-content\">De 14h \u00e0 22h, un open air Summer Breizh se d\u00e9roulera <strong>au parc des Gayeulles<\/strong>. Au menu\u2009: house, \u00e9lectro, hard techno et hard style. Village de cr\u00e9ateurs, foodtrucks et boissons seront pr\u00e9sents sur place.<\/p>\n<p class=\" wall-content\"><a href=\"https:\/\/www.instagram.com\/p\/DOED5B-jAxd\/embed\" title=\"Ouvrir le lien sur Instagram\" rel=\"nofollow noopener\" target=\"_blank\">Visualiser le contenu sur Instagram<\/a><\/p>\n<p>Entr\u00e9e gratuite sous condition d\u2019avoir r\u00e9serv\u00e9 sa place, <a href=\"https:\/\/shotgun.live\/fr\/events\/summer-breizh?fbclid=IwY2xjawMntOpleHRuA2FlbQIxMABicmlkETFZQnhaYmhFOGVlMnNoaDgxAR43BcTFrL2_2ykGYwZBDKWDo8ZRVxBly8_HhkJBV04wdvFNPT3GVt4YR5oUyw_aem_GljzJ5qTFhgsNfJ8rnPDfA\" rel=\"nofollow noopener\" target=\"_blank\">ici<\/a>.<\/p>\n<p>Votre r\u00e9gion, votre actu !<\/p>\n<p>Recevez chaque jour les infos qui comptent pour vous.<\/p>\n<p>\t<a href=\"https:\/\/actu.fr\/newsletter\" class=\"ac-btn ac-btn--corner ac-btn--medium ac-btn--blue800\" rel=\"nofollow noopener\" target=\"_blank\">S&rsquo;incrire<\/a><\/p>\n<p>\u00a0<\/p>\n<ul class=\" wall-content\">\n<li><strong>Grande braderie de v\u00eatements<\/strong><\/li>\n<\/ul>\n<p class=\" wall-content\"><strong>La ressourcerie Aneth<\/strong>, dans la commune de <strong>Thorign\u00e9-Fouillard,<\/strong> pr\u00e8s de Rennes, propose une grande braderie de <strong>v\u00eatements, chaussures<\/strong> et <strong>accessoires<\/strong> (printemps\/ mi-saison) de tout \u00e2ge et de toutes tailles pour femmes, hommes et enfants.<\/p>\n<blockquote class=\"ac-article-quote wall-content\">\n<p>Nous vous proposons de remplir vos sacs cabas pour 4\u20ac le sac, le samedi 6 septembre de 10h \u00e0 12h et de 14h \u00e0 17h.<\/p>\n<p>    <strong>Ressourcerie Aneth<\/strong>\n            <\/p><\/blockquote>\n<p>La Ressourcerie Aneth au <a href=\"https:\/\/www.google.fr\/maps\/place\/2b+Av.+de+Bellevue,+35235+Thorign%C3%A9-Fouillard\/@48.1554073,-1.5941364,1106m\/data=!3m2!1e3!4b1!4m6!3m5!1s0x480edbe76f5c0d89:0x4f83f4657b2b6222!8m2!3d48.1554038!4d-1.5915615!16s%2Fg%2F11k9s2m9rf?entry=ttu&amp;g_ep=EgoyMDI1MDkwMi4wIKXMDSoASAFQAw%3D%3D\" rel=\"nofollow noopener\" target=\"_blank\">2b, avenue de Bellevue \u00e0 Thorign\u00e9-Fouillard<\/a>. 10h-12h et 14h-17h.Dimanche 7\u00a0septembre<\/p>\n<ul class=\" wall-content\">\n<li><strong>Braderie de Saint-Gr\u00e9goire<\/strong><\/li>\n<\/ul>\n<p class=\" wall-content\">Ce dimanche, de 8h30 \u00e0 17h, <strong>une braderie<\/strong> est organis\u00e9e dans la commune de Saint-Gr\u00e9goire. Celle-ci est ouverte <strong>aux particuliers<\/strong> et <strong>aux commerces s\u00e9dentaires.<\/strong><\/p>\n<p class=\" wall-content\">Si vous venez <strong>en voiture,<\/strong> notez que le p\u00e9rim\u00e8tre de la braderie sera interdit au stationnement d\u00e8s la veille, samedi soir.<\/p>\n<ul class=\" wall-content\">\n<li><strong>Balade des motards ont du coeur<\/strong><\/li>\n<\/ul>\n<p class=\" wall-content\"><strong>Les motards ont du coeur 35<\/strong> lancent la <strong>30\u1d49 balade<\/strong> au profit des restos du coeur d\u2019Ille-et-Vilaine, \u00e0 Cesson-S\u00e9vign\u00e9, pr\u00e8s de Rennes.<\/p>\n<p>    <a href=\"https:\/\/www.facebook.com\/plugins\/post.php?href=https%3A%2F%2Fwww.facebook.com%2Fpermalink.php%3Fstory_fbid%3Dpfbid0AvHkJmq94XPAxx2jdSZme9kBog5QNAQgCG7jB2Q7RVdFsDD9RDBWeyjRi5Uf7CgJl%26id%3D61573441473433&amp;show_text=true&amp;width=350\" title=\"Ouvrie le lien\" rel=\"nofollow noopener\" target=\"_blank\">Cliquez ici pour visualiser le contenu<\/a><\/p>\n<p class=\" wall-content\"><strong>Plusieurs animations<\/strong> seront au programme de 10h \u00e0 17h\u2009: tatouage, barbier, massages assis, gyropode et trottinettes \u00e9lectriques, d\u00e9monstrations et initiations \u00e0 la danse, salsa, bachata, country, concert de rock\u2026<\/p>\n<p class=\" wall-content\"><strong>Le d\u00e9part des motards <\/strong>se fera \u00e0 l\u2019espace de Gripp\u00e9, route de la valette (pr\u00e8s du V\u00e9lodrome)<strong>. L\u2019arriv\u00e9e des motards se fera \u00e0<\/strong>\u00a0<strong>17h30<\/strong>. La remise des ch\u00e8ques se fera \u00e0 la m\u00eame heure.<\/p>\n<p>Balade des motards ont du c\u0153ur 35, de 10h \u00e0 17h, <a href=\"https:\/\/www.google.fr\/maps\/place\/Espace+De+Gripp%C3%A9\/@48.1159548,-1.5953005,1107m\/data=!3m2!1e3!4b1!4m6!3m5!1s0x480ed923980d83e5:0x6fd12fa47e6f2df6!8m2!3d48.1159512!4d-1.5927256!16s%2Fg%2F11c6plt7qv?entry=ttu&amp;g_ep=EgoyMDI1MDkwMi4wIKXMDSoASAFQAw%3D%3D\" rel=\"nofollow noopener\" target=\"_blank\">espace de Gripp\u00e9 route de la valette \u00e0 Cesson-S\u00e9vign\u00e9<\/a>. Restauration rapide sur place.<\/p>\n<p class=\" wall-content\">Rendez-vous place de la mairie pour assister au Tour de Reine, <strong>l\u2019\u00e9v\u00e9nement cycliste<\/strong> qui va <strong>envahir les rues<\/strong> de la capitale bretonne, ce dimanche, <strong>de 14h \u00e0 17h<\/strong> dans le cadre d\u2019I\u2019m from Rennes.<\/p>\n<p class=\" wall-content\">Du son sera d\u00e9ploy\u00e9 gr\u00e2ce \u00e0 une sono mobile, la balade se veut <strong>\u00ab\u00a0d\u00e9lirante\u00a0\u00bb<\/strong> et \u00ab\u00a0avec des <strong>surprises\u00a0\u00bb,<\/strong> de la <strong>musique<\/strong> et des \u00ab\u00a0sets live en continu\u00a0\u00bb.<\/p>\n<p class=\" wall-content\">\u2022 14h \u2013 Rendez-vous place de la mairie ;<br \/>\u2022 14h30 \u2013 Photo de famille : place de la mairie ;<br \/>\u2022 14h40 \u2013 D\u00e9part de la place de la mairie ;<br \/>\u2022 15h20 \u2013 1\u02b3\u1d49 \u00e9tape : Keolis Rennes, rue Jean-Marie Huchet ;<br \/>\u2022 15h30 \u2013 2\u1d49 \u00e9tape : place Saint-Martin ;<br \/>\u2022 15h45 \u2013 3\u1d49 \u00e9tape : stade Courtemanche ;<br \/>\u2022 17h00 \u2013 Arriv\u00e9e au parc du Thabor suivie du concert d\u2019Alexis Lumi\u00e8re puis d\u2019un DJ set.<\/p>\n<ul class=\" wall-content\">\n<li><strong>Festival \u00ab\u2009Troplein d\u2019humour\u2009\u00bb<\/strong><\/li>\n<\/ul>\n<p class=\" wall-content\">C\u2019est un festival \u00ab\u2009d\u00e9di\u00e9 \u00e0 <strong>la joie\u2009\u00bb<\/strong> et bien s\u00fbr, \u00e0 <strong>l\u2019humour<\/strong> qui est propos\u00e9 \u00e0 la Basse cour par La compagnie de th\u00e9\u00e2tre Les \u00e9chapp\u00e9s du bal et Le flux comedy club.<\/p>\n<p class=\" wall-content\">La programmation, \u00ab\u2009pluridisciplinaire\u2009\u00bb m\u00ealera <strong>impro, stand-up, th\u00e9\u00e2tre<\/strong> et <strong>musique<\/strong>\u2009:<\/p>\n<ul class=\" wall-content\">\n<li>de 15h \u00e0 16h place au spectacle Les r\u00eaveries \u2013 Le lac des cygnes par Les \u00e9chapp\u00e9s du bal. \u00ab\u2009Un classique revisit\u00e9 et un peu fou\u2009\u00bb, r\u00e9sument les organisateurs\u2009;<\/li>\n<li>de 16h30 \u00e0 17h\u2009: Voyages voyages par la compagnie La confiserie. Il s\u2019agit ici d\u2019un road trip improvis\u00e9 en duo. Le public est invit\u00e9 \u00e0 proposer la destination et la raison du p\u00e9riple\u2009: les artistes s\u2019occupent de vous faire voyager\u2009;<\/li>\n<li>de 18h \u00e0 19h30 un plateau d\u2019humour sera propos\u00e9 par Le flux comedy club avec la compagnie La confiserie\u2009;<\/li>\n<li>de 20h \u00e0 21h\u2009: Balle de flipper en concert pour un m\u00e9lange de \u00ab\u00a0new wave, de rap, de musique \u00e9lectronique et de chanson fran\u00e7aise.<\/li>\n<\/ul>\n<p>Entr\u00e9e \u00e0 prix libre. Rendez-vous \u00e0 la <a href=\"https:\/\/www.google.fr\/maps\/place\/La+Basse+Cour\/@48.0975539,-1.7297529,554m\/data=!3m2!1e3!4b1!4m6!3m5!1s0x480ee1d248e104c1:0xa1400082745c60e!8m2!3d48.0975503!4d-1.727178!16s%2Fg%2F11nn1yg0f8?entry=ttu&amp;g_ep=EgoyMDI1MDkwMi4wIKXMDSoASAFQAw%3D%3D\" rel=\"nofollow noopener\" target=\"_blank\">Basse cour, chemin Robert de Boron \u00e0 Rennes<\/a>.<\/p>\n<ul class=\" wall-content\">\n<li><strong><strong>Fest-noz \u00e0 la f<\/strong><\/strong><strong>erme de la Harpe<\/strong><\/li>\n<\/ul>\n<p class=\" wall-content\">Pour celles et ceux qui ne veulent pas se laisser abattre par la rentr\u00e9e en ce dimanche soir, la ferme de la Harpe organise un fest-noz au <strong>centre celtique de Rennes<\/strong>\u2009:<\/p>\n<ul class=\" wall-content\">\n<li>19h initiation \u00e0 la danse\u2009;<\/li>\n<li>20h chant dans la ronde\u2009;<\/li>\n<li>20h45 Hamon-Martin Quintet\u2009;<\/li>\n<li>21h45 Kan ha diskan\u2009;<\/li>\n<li>22h15 Startijenn\u2009;<\/li>\n<li>23h15 Kan ha diskan\u2009;<\/li>\n<li>23h45 La Rive\u2009;<\/li>\n<li>00h30 chant dans la ronde.<\/li>\n<\/ul>\n<p>R\u00e9servation fortement conseill\u00e9e, la jauge \u00e9tant limit\u00e9e \u00e0 300\u00a0personnes. Pour r\u00e9server, c\u2019est <a href=\"https:\/\/www.helloasso.com\/associations\/glazard\/evenements\/fest-noz-4-glazard?fbclid=IwY2xjawMnvOtleHRuA2FlbQIxMABicmlkETFZQnhaYmhFOGVlMnNoaDgxAR4dOWFoNfg93G_56u3TtJbqQj64Tp0TSqj0n8_7bDk1ubTvZTbL2YftyCBmsA_aem_evpq8Gj3K3fwJIJdl_B_pA\" rel=\"nofollow noopener\" target=\"_blank\">ici<\/a>. 10\u00a0euros, gratuit pour les moins de 12\u00a0ans. Rendez-vous <a href=\"https:\/\/www.google.fr\/maps\/place\/Parquet+de+bal\/@48.1254847,-1.712619,553m\/data=!3m2!1e3!4b1!4m6!3m5!1s0x480ee1004fc181fd:0xfcad6f11ed21565e!8m2!3d48.1254812!4d-1.7077481!16s%2Fg%2F11m74xm864?entry=ttu&amp;g_ep=EgoyMDI1MDkwMi4wIKXMDSoASAFQAw%3D%3D\" rel=\"nofollow noopener\" target=\"_blank\">au parquet de bal du centre celtique de Rennes sur le campus de la ferme de la harpe.<\/a><\/p>\n<p class=\" wall-content\">Personnalisez votre actualit\u00e9 en ajoutant vos villes et m\u00e9dias en favori avec <a href=\"https:\/\/moncompte.actu.fr\" title=\"D\u00e9couvez Mon Actu\" rel=\"nofollow noopener\" data-trk=\"{&quot;cta&quot;:{&quot;action&quot;:&quot;https:\\\/\\\/moncompte.actu.fr&quot;,&quot;category&quot;:&quot;mon compte&quot;,&quot;from&quot;:&quot;article footer&quot;,&quot;name&quot;:&quot;Mon actu&quot;,&quot;type&quot;:&quot;cta&quot;}}\" target=\"_blank\">Mon Actu<\/a>.<\/p>\n<p>                    <script async src=\"\/\/www.instagram.com\/embed.js\"><\/script><\/p>\n","protected":false},"excerpt":{"rendered":"Par Laur\u00e8ne Fertin Publi\u00e9 le 5 sept. 2025 \u00e0 17h06 Ce premier week-end de rentr\u00e9e est l\u00e0 pour&hellip;\n","protected":false},"author":2,"featured_media":368496,"comment_status":"","ping_status":"","sticky":false,"template":"","format":"standard","meta":{"footnotes":""},"categories":[2821],"tags":[1111,11,829,1777,674,1011,27,1652,12,584,25],"class_list":{"0":"post-368495","1":"post","2":"type-post","3":"status-publish","4":"format-standard","5":"has-post-thumbnail","7":"category-rennes","8":"tag-actu","9":"tag-actualites","10":"tag-bretagne","11":"tag-eu","12":"tag-europe","13":"tag-fr","14":"tag-france","15":"tag-loisirs-culture","16":"tag-news","17":"tag-rennes","18":"tag-republique-francaise"},"share_on_mastodon":{"url":"https:\/\/pubeurope.com\/@fr\/115152468347209861","error":""},"_links":{"self":[{"href":"https:\/\/www.europesays.com\/fr\/wp-json\/wp\/v2\/posts\/368495","targetHints":{"allow":["GET"]}}],"collection":[{"href":"https:\/\/www.europesays.com\/fr\/wp-json\/wp\/v2\/posts"}],"about":[{"href":"https:\/\/www.europesays.com\/fr\/wp-json\/wp\/v2\/types\/post"}],"author":[{"embeddable":true,"href":"https:\/\/www.europesays.com\/fr\/wp-json\/wp\/v2\/users\/2"}],"replies":[{"embeddable":true,"href":"https:\/\/www.europesays.com\/fr\/wp-json\/wp\/v2\/comments?post=368495"}],"version-history":[{"count":0,"href":"https:\/\/www.europesays.com\/fr\/wp-json\/wp\/v2\/posts\/368495\/revisions"}],"wp:featuredmedia":[{"embeddable":true,"href":"https:\/\/www.europesays.com\/fr\/wp-json\/wp\/v2\/media\/368496"}],"wp:attachment":[{"href":"https:\/\/www.europesays.com\/fr\/wp-json\/wp\/v2\/media?parent=368495"}],"wp:term":[{"taxonomy":"category","embeddable":true,"href":"https:\/\/www.europesays.com\/fr\/wp-json\/wp\/v2\/categories?post=368495"},{"taxonomy":"post_tag","embeddable":true,"href":"https:\/\/www.europesays.com\/fr\/wp-json\/wp\/v2\/tags?post=368495"}],"curies":[{"name":"wp","href":"https:\/\/api.w.org\/{rel}","templated":true}]}}