{"id":368497,"date":"2025-09-05T15:46:18","date_gmt":"2025-09-05T15:46:18","guid":{"rendered":"https:\/\/www.europesays.com\/fr\/368497\/"},"modified":"2025-09-05T15:46:18","modified_gmt":"2025-09-05T15:46:18","slug":"bischheim-quatre-choses-a-savoir-sur-la-rentree-de-lecole-de-musique-et-de-danse","status":"publish","type":"post","link":"https:\/\/www.europesays.com\/fr\/368497\/","title":{"rendered":"Bischheim. Quatre choses \u00e0 savoir sur la rentr\u00e9e de l\u2019\u00e9cole de musique et de danse"},"content":{"rendered":"<p>                            II reste des places pour les cours d\u2019instrument<\/p>\n<p>Les \u00e9l\u00e8ves d\u00e9j\u00e0 inscrits dans les cours d\u2019instrument et de solf\u00e8ge l\u2019an pass\u00e9 ont jusqu\u2019au 3\u00a0septembre pour renouveler leur inscription. Les nouveaux peuvent s\u2019inscrire jusqu\u2019au 23\u00a0septembre.\u00a0Il reste de la place, en particulier dans les cours d\u2019instruments rares (hautbois, cor, tuba et contrebasse).<\/p>\n<p>Nouveaut\u00e9 cette ann\u00e9e\u00a0: l\u2019ouverture d\u2019une classe de chant et de techniques vocales, ouverte \u00ab\u00a0aux enfants comme adultes\u00a0\u00bb pour pratiquer du \u00ab\u00a0lyrique comme de la vari\u00e9t\u00e9\u00a0\u00bb, \u00e9num\u00e8re <a href=\"https:\/\/www.dna.fr\/edition-de-wissembourg\/2015\/10\/14\/yvain-d-inca-nouveau-directeur\" target=\"_blank\" rel=\"noopener\">Yvain D\u2019Inc\u00e0<\/a> , le directeur de l\u2019EMMD de Bischheim.<\/p>\n<p>Les tarifs\u00a0oscillent entre 102\u00a0\u20ac et 585\u00a0\u20ac en fonction du parcours (\u00e9veil musical, cours de musique, pratique collective), de l\u2019imposition ou du nombre de personnes&#8230;<\/p>\n","protected":false},"excerpt":{"rendered":"II reste des places pour les cours d\u2019instrument Les \u00e9l\u00e8ves d\u00e9j\u00e0 inscrits dans les cours d\u2019instrument et de&hellip;\n","protected":false},"author":2,"featured_media":368498,"comment_status":"","ping_status":"","sticky":false,"template":"","format":"standard","meta":{"footnotes":""},"categories":[2820],"tags":[1111,11,13205,1687,2880,1057,1777,674,107,1011,27,775,873,12,25,640,3265],"class_list":{"0":"post-368497","1":"post","2":"type-post","3":"status-publish","4":"format-standard","5":"has-post-thumbnail","7":"category-strasbourg","8":"tag-actu","9":"tag-actualites","10":"tag-bischheim","11":"tag-culture-loisirs","12":"tag-edition-strasbourg","13":"tag-education","14":"tag-eu","15":"tag-europe","16":"tag-fil-info","17":"tag-fr","18":"tag-france","19":"tag-grand-est","20":"tag-musique","21":"tag-news","22":"tag-republique-francaise","23":"tag-strasbourg","24":"tag-strasbourg-nord"},"share_on_mastodon":{"url":"https:\/\/pubeurope.com\/@fr\/115152472223768812","error":""},"_links":{"self":[{"href":"https:\/\/www.europesays.com\/fr\/wp-json\/wp\/v2\/posts\/368497","targetHints":{"allow":["GET"]}}],"collection":[{"href":"https:\/\/www.europesays.com\/fr\/wp-json\/wp\/v2\/posts"}],"about":[{"href":"https:\/\/www.europesays.com\/fr\/wp-json\/wp\/v2\/types\/post"}],"author":[{"embeddable":true,"href":"https:\/\/www.europesays.com\/fr\/wp-json\/wp\/v2\/users\/2"}],"replies":[{"embeddable":true,"href":"https:\/\/www.europesays.com\/fr\/wp-json\/wp\/v2\/comments?post=368497"}],"version-history":[{"count":0,"href":"https:\/\/www.europesays.com\/fr\/wp-json\/wp\/v2\/posts\/368497\/revisions"}],"wp:featuredmedia":[{"embeddable":true,"href":"https:\/\/www.europesays.com\/fr\/wp-json\/wp\/v2\/media\/368498"}],"wp:attachment":[{"href":"https:\/\/www.europesays.com\/fr\/wp-json\/wp\/v2\/media?parent=368497"}],"wp:term":[{"taxonomy":"category","embeddable":true,"href":"https:\/\/www.europesays.com\/fr\/wp-json\/wp\/v2\/categories?post=368497"},{"taxonomy":"post_tag","embeddable":true,"href":"https:\/\/www.europesays.com\/fr\/wp-json\/wp\/v2\/tags?post=368497"}],"curies":[{"name":"wp","href":"https:\/\/api.w.org\/{rel}","templated":true}]}}